{"id":318693,"date":"2025-08-14T13:31:13","date_gmt":"2025-08-14T13:31:13","guid":{"rendered":"https:\/\/www.europesays.com\/fr\/318693\/"},"modified":"2025-08-14T13:31:13","modified_gmt":"2025-08-14T13:31:13","slug":"la-journee-des-associations-2025","status":"publish","type":"post","link":"https:\/\/www.europesays.com\/fr\/318693\/","title":{"rendered":"La Journ\u00e9e des associations 2025"},"content":{"rendered":"<p class=\"introduction\">Le samedi 13 septembre 2025, de 10h \u00e0 17h, au STAB \/ Parc des sports, venez \u00e0 la rencontre du tissu associatif roubaisien et participez \u00e0 des animations et ateliers gratuits, pour toute la famille.<\/p>\n<p>La Journ\u00e9e des Associations est un \u00e9v\u00e9nement attendu chaque ann\u00e9e par les associations et les habitants de Roubaix. L\u2019occasion, pour les visiteurs, de rencontrer les acteurs du tissu associatif roubaisien dans sa grande diversit\u00e9 et de s\u2019informer sur les activit\u00e9s existantes et sur les modalit\u00e9s d\u2019adh\u00e9sion.<\/p>\n<p><strong>Au programme de cette \u00e9dition <\/strong>port\u00e9e conjointement par la Ville et la Maison des Associations<strong> :<\/strong><\/p>\n<ul>\n<li>d\u00e9couverte d\u2019une centaine d\u2019associations\u00a0;<\/li>\n<li>animations et d\u00e9monstrations gratuites pour toute la famille (concerts, chant\/chorale, hip-hop, musiques actuelles, danse contemporaine, danse africaine, etc.)\u00a0;<\/li>\n<li>d\u00e9bats et projections de films\u00a0;<\/li>\n<li>et des initiations multiples (escrime, judo, boxe, tennis, taekwondo, badminton, hockey, basket, danse hip-hop, danse africaine, parkour, peinture, arts divers, qigong\u2026).<\/li>\n<\/ul>\n<p>De quoi aider les visiteurs encore h\u00e9sitants \u00e0 faire leur choix d\u2019activit\u00e9 pour l\u2019ann\u00e9e \u00e0 venir\u00a0!<\/p>\n<p>Un espace restauration et boissons \u00e0 petits prix sera propos\u00e9.<\/p>\n<p><strong>Lieu<\/strong> : STAB V\u00e9lodrome couvert r\u00e9gional Jean-Stablinski 59 rue Alexandre Fleming, Roubaix<br \/><strong>Horaires<\/strong> : de 10h \u00e0 17h<br \/><strong>Entr\u00e9e gratuite<\/strong> : entr\u00e9e des v\u00e9hicule par l\u2019avenue Roger-Salengro (parking public) , entr\u00e9e des pi\u00e9tons par la rue de Lannoy ou l\u2019avenue Maxence Van Der Meersch<\/p>\n","protected":false},"excerpt":{"rendered":"Le samedi 13 septembre 2025, de 10h \u00e0 17h, au STAB \/ Parc des sports, venez \u00e0 la&hellip;\n","protected":false},"author":2,"featured_media":318694,"comment_status":"","ping_status":"","sticky":false,"template":"","format":"standard","meta":{"footnotes":""},"categories":[2815],"tags":[1111,11,4733,1777,674,1011,27,811,45695,1307,12,25],"class_list":{"0":"post-318693","1":"post","2":"type-post","3":"status-publish","4":"format-standard","5":"has-post-thumbnail","7":"category-lille","8":"tag-actu","9":"tag-actualites","10":"tag-associations","11":"tag-eu","12":"tag-europe","13":"tag-fr","14":"tag-france","15":"tag-hauts-de-france","16":"tag-journee-des-associations","17":"tag-lille","18":"tag-news","19":"tag-republique-francaise"},"share_on_mastodon":{"url":"https:\/\/pubeurope.com\/@fr\/115027370600860469","error":""},"_links":{"self":[{"href":"https:\/\/www.europesays.com\/fr\/wp-json\/wp\/v2\/posts\/318693","targetHints":{"allow":["GET"]}}],"collection":[{"href":"https:\/\/www.europesays.com\/fr\/wp-json\/wp\/v2\/posts"}],"about":[{"href":"https:\/\/www.europesays.com\/fr\/wp-json\/wp\/v2\/types\/post"}],"author":[{"embeddable":true,"href":"https:\/\/www.europesays.com\/fr\/wp-json\/wp\/v2\/users\/2"}],"replies":[{"embeddable":true,"href":"https:\/\/www.europesays.com\/fr\/wp-json\/wp\/v2\/comments?post=318693"}],"version-history":[{"count":0,"href":"https:\/\/www.europesays.com\/fr\/wp-json\/wp\/v2\/posts\/318693\/revisions"}],"wp:featuredmedia":[{"embeddable":true,"href":"https:\/\/www.europesays.com\/fr\/wp-json\/wp\/v2\/media\/318694"}],"wp:attachment":[{"href":"https:\/\/www.europesays.com\/fr\/wp-json\/wp\/v2\/media?parent=318693"}],"wp:term":[{"taxonomy":"category","embeddable":true,"href":"https:\/\/www.europesays.com\/fr\/wp-json\/wp\/v2\/categories?post=318693"},{"taxonomy":"post_tag","embeddable":true,"href":"https:\/\/www.europesays.com\/fr\/wp-json\/wp\/v2\/tags?post=318693"}],"curies":[{"name":"wp","href":"https:\/\/api.w.org\/{rel}","templated":true}]}}