{"id":318697,"date":"2025-08-14T13:33:25","date_gmt":"2025-08-14T13:33:25","guid":{"rendered":"https:\/\/www.europesays.com\/fr\/318697\/"},"modified":"2025-08-14T13:33:25","modified_gmt":"2025-08-14T13:33:25","slug":"avec-le-portail-marius-le-patrimoine-culturel-marseillais-accessible-en-un-clic-2","status":"publish","type":"post","link":"https:\/\/www.europesays.com\/fr\/318697\/","title":{"rendered":"Avec le portail Marius, le patrimoine culturel marseillais accessible en un clic !"},"content":{"rendered":"<p><strong>La Ville de Marseille pr\u00e9sente la nouvelle version du portail <\/strong><a href=\"https:\/\/collections.marseille.fr\/\" target=\"_blank\" rel=\"nofollow noopener\"><strong>Marius<\/strong><\/a><strong>, plateforme num\u00e9rique qui regroupe les collections culturelles num\u00e9ris\u00e9es des Archives, Biblioth\u00e8ques, Mus\u00e9es et du Mus\u00e9um de Marseille. Avec des milliers de documents d\u00e9sormais num\u00e9ris\u00e9s, cette modernisation s\u2019inscrit dans la continuit\u00e9 des engagements municipaux de rendre la culture accessible au plus grand nombre.<\/strong><\/p>\n<p>\u00a0<\/p>\n<p>\u00a0<\/p>\n<p>Des collections accessibles \u00e0 tous<\/p>\n<p>Depuis 2020, la Ville de Marseille met en \u0153uvre <strong>une politique culturelle engag\u00e9e en faveur de l\u2019accessibilit\u00e9 au plus grand nombre, avec de nombreux dispositifs et outils gratuits<\/strong>. C\u2019est dans ce cadre qu\u2019elle a travaill\u00e9 \u00e0 la refonte compl\u00e8te du portail Marius, outil essentiel de la politique culturelle de la Ville, afin que toutes et tous puissent <strong>consulter en un clic des milliers de documents issus des collections culturelles municipales<\/strong>.<\/p>\n<p>\u00a0<\/p>\n<p>\u00a0<\/p>\n<p>Des milliers de documents consultables en ligne<\/p>\n<p>Avec d\u00e9sormais pr\u00e8s de <strong>20 000 fichiers-images accessibles en ligne, dont des cartes postales anciennes, des plans ou encore des affiches<\/strong>, les usag\u00e8res et les usagers peuvent librement explorer les collections culturelles des Mus\u00e9es, biblioth\u00e8ques, Archives et du Mus\u00e9um de Marseille. Le site propose \u00e9galement des nouveaut\u00e9s, dont la possibilit\u00e9 de d\u00e9couvrir <strong>les expositions virtuelles sur la plage, les bastides, l\u2019enfance ou encore, la Premi\u00e8re Guerre mondiale<\/strong>.<\/p>\n<p>Le portail Marius compl\u00e8te ainsi l&rsquo;offre en ligne des Archives, Biblioth\u00e8ques, Mus\u00e9es et du Mus\u00e9um de Marseille. En effet, <a href=\"https:\/\/archives.marseille.fr\/\" target=\"_blank\" rel=\"nofollow noopener\">le site Internet des Archives municipales<\/a> propose pr\u00e8s de 2 millions de fichiers-images : tables et registres paroissiaux et de l&rsquo;\u00e9tat civil, listes de population, listes \u00e9lectorales, tables et registres d&rsquo;inhumations, d\u00e9lib\u00e9rations du conseil municipal, arr\u00eat\u00e9s d&rsquo;urbanisme, plans du cadastre&#8230;<\/p>\n<p>\u00a0<\/p>\n<p>\u00a0<\/p>\n<p class=\"text-align-center\"><a class=\"btn btn-primary\" href=\"https:\/\/collections.marseille.fr\/\" target=\"_blank\" rel=\"nofollow noopener\">Consulter le portail Marius<\/a><\/p>\n<p>\u00a0<\/p>\n<p>\u00a0<\/p>\n<p><a href=\"https:\/\/collections.marseille.fr\/\" rel=\"nofollow noopener\" target=\"_blank\"><img decoding=\"async\" src=\"https:\/\/www.europesays.com\/fr\/wp-content\/uploads\/2025\/08\/marius.webp.webp\" data-entity-uuid=\"b5366304-f30e-4bd7-a02c-2986bd32b71c\" data-entity-type=\"file\" alt=\"\" width=\"1664\" height=\"521\" class=\"align-center\" loading=\"lazy\"\/><\/a><\/p>\n<p>\u00a0<\/p>\n<p>\u00a0<\/p>\n<p>\u00a0<\/p>\n","protected":false},"excerpt":{"rendered":"La Ville de Marseille pr\u00e9sente la nouvelle version du portail Marius, plateforme num\u00e9rique qui regroupe les collections culturelles&hellip;\n","protected":false},"author":2,"featured_media":318698,"comment_status":"","ping_status":"","sticky":false,"template":"","format":"standard","meta":{"footnotes":""},"categories":[2814],"tags":[1111,11,1777,674,1011,27,884,12,882,25,6150],"class_list":{"0":"post-318697","1":"post","2":"type-post","3":"status-publish","4":"format-standard","5":"has-post-thumbnail","7":"category-marseille","8":"tag-actu","9":"tag-actualites","10":"tag-eu","11":"tag-europe","12":"tag-fr","13":"tag-france","14":"tag-marseille","15":"tag-news","16":"tag-provence-alpes-cote-dazur","17":"tag-republique-francaise","18":"tag-rss"},"share_on_mastodon":{"url":"https:\/\/pubeurope.com\/@fr\/115027378687698599","error":""},"_links":{"self":[{"href":"https:\/\/www.europesays.com\/fr\/wp-json\/wp\/v2\/posts\/318697","targetHints":{"allow":["GET"]}}],"collection":[{"href":"https:\/\/www.europesays.com\/fr\/wp-json\/wp\/v2\/posts"}],"about":[{"href":"https:\/\/www.europesays.com\/fr\/wp-json\/wp\/v2\/types\/post"}],"author":[{"embeddable":true,"href":"https:\/\/www.europesays.com\/fr\/wp-json\/wp\/v2\/users\/2"}],"replies":[{"embeddable":true,"href":"https:\/\/www.europesays.com\/fr\/wp-json\/wp\/v2\/comments?post=318697"}],"version-history":[{"count":0,"href":"https:\/\/www.europesays.com\/fr\/wp-json\/wp\/v2\/posts\/318697\/revisions"}],"wp:featuredmedia":[{"embeddable":true,"href":"https:\/\/www.europesays.com\/fr\/wp-json\/wp\/v2\/media\/318698"}],"wp:attachment":[{"href":"https:\/\/www.europesays.com\/fr\/wp-json\/wp\/v2\/media?parent=318697"}],"wp:term":[{"taxonomy":"category","embeddable":true,"href":"https:\/\/www.europesays.com\/fr\/wp-json\/wp\/v2\/categories?post=318697"},{"taxonomy":"post_tag","embeddable":true,"href":"https:\/\/www.europesays.com\/fr\/wp-json\/wp\/v2\/tags?post=318697"}],"curies":[{"name":"wp","href":"https:\/\/api.w.org\/{rel}","templated":true}]}}