{"id":318699,"date":"2025-08-14T13:34:10","date_gmt":"2025-08-14T13:34:10","guid":{"rendered":"https:\/\/www.europesays.com\/fr\/318699\/"},"modified":"2025-08-14T13:34:10","modified_gmt":"2025-08-14T13:34:10","slug":"le-mucem-nous-convie-au-banquet-des-etoiles","status":"publish","type":"post","link":"https:\/\/www.europesays.com\/fr\/318699\/","title":{"rendered":"le Mucem nous convie au banquet des \u00e9toiles"},"content":{"rendered":"<p>En voyage commence dans la poussi\u00e8re d\u2019argile. En <a href=\"https:\/\/www.lejdd.fr\/culture\/les-dernieres-reveries-dakkad-lhistoire-commence-sumer-143420\" target=\"_blank\" rel=\"nofollow noopener\">M\u00e9sopotamie<\/a>, au XIIIe\u00a0si\u00e8cle avant notre \u00e8re, des tablettes recensent d\u00e9j\u00e0 \u00e9clipses et mouvement plan\u00e9taires, interpr\u00e9t\u00e9s comme autant de signes politiques ou climatiques. Ce savoir s\u2019enrichit et circule. Les Grecs cartographient les constellations, les savants arabes les reprennent, les traduisent, nomment les \u00e9toiles et perfectionnent les astrolabes.<\/p>\n<p>L\u2019un des joyaux de l\u2019exposition incarne cet \u00e2ge d\u2019or scientifique\u00a0: un astrolabe persan du XVIIIe\u00a0si\u00e8cle, chef-d\u2019\u0153uvre de pr\u00e9cision scientifique et artistique. Le ciel devient une langue partag\u00e9e, utilitaire et magique. \u00ab\u202f Jusqu\u2019au XVIIe\u00a0si\u00e8cle, astrologie et astronomie fonctionnaient ensemble\u202f \u00bb, rappelle Juliette Bessette, co-commissaire de l\u2019exposition.\u00a0<\/p>\n<p>Le ciel ne se laisse pas\u00a0confisquer par les savants\u00a0<\/p>\n<p>Dans les vitrines, le ciel se mat\u00e9rialise. Une fresque de <a href=\"https:\/\/www.lejdd.fr\/Culture\/sous-les-cendres-de-pompei-une-exposition-immersive-au-grand-palais-a-paris-3979319\" target=\"_blank\" rel=\"nofollow noopener\">Pomp\u00e9i<\/a> (Ier\u00a0si\u00e8cle), intitul\u00e9e\u00a0\u00ab\u00a0Apollon cosmocrator\u00a0\u00bb, montre le dieu solaire tenant le globe c\u00e9leste, comme s\u2019il en dictait l\u2019ordre. Non loin, un minuscule globe d\u2019argent grav\u00e9 \u2013\u00a0sans doute la plus ancienne sph\u00e8re c\u00e9leste connue\u00a0\u2013 venu du lac de\u00a0Van en <a href=\"https:\/\/www.lejdd.fr\/International\/la-turquie-bloque-des-messages-de-grok-pour-insultes-a-la-religion-et-a-erdogan-160016\" target=\"_blank\" rel=\"nofollow noopener\">Turquie<\/a>, repr\u00e9sente 48 constellations sur six centim\u00e8tres. Un autre globe andalou dat\u00e9 du XIe\u00a0si\u00e8cle, plus imposant, figure 1\u00a0000 \u00e9toiles recens\u00e9es par Ptol\u00e9m\u00e9e.<\/p>\n<p>\u00c0 ces objets rares r\u00e9pondent deux toiles majeures.\u00a0\u00ab\u00a0L\u2019Astronome\u00a0\u00bb\u00a0de Vermeer, peint en\u00a01668 et pr\u00eat\u00e9 par le <a href=\"https:\/\/www.lejdd.fr\/culture\/degradation-du-musee-du-louvre-pourquoi-il-est-urgent-de-sauver-ce-joyau-du-patrimoine-francais-154221\" target=\"_blank\" rel=\"nofollow noopener\">Louvre<\/a>, montre un \u00e9rudit absorb\u00e9 par l\u2019\u00e9tude d\u2019un globe c\u00e9leste, baign\u00e9 d\u2019une lumi\u00e8re presque divine. \u00c0 c\u00f4t\u00e9,\u00a0\u00ab\u00a0L\u2019Astronome\u00a0\u00bb\u00a0de Lucas Giordano (Naples, 1655)\u00a0: m\u00eame posture, mais l\u2019astronome serre la sph\u00e8re armillaire contre sa poitrine, comme une v\u00e9rit\u00e9 intime. Le Mucem les met en regard, confrontant deux reflets d\u2019un m\u00eame d\u00e9sir\u00a0: celui de lire le ciel.\u00a0<\/p>\n<p>Le ciel ne se laisse pas confisquer par les seuls savants. L\u2019exposition accorde une place essentielle \u00e0 la culture populaire. Contes, l\u00e9gendes, motifs d\u00e9coratifs\u00a0: on apprend comment le peuple a inscrit ses peurs, ses espoirs et ses r\u00e9cits dans les astres. Ici, une image d\u2019\u00c9pinal illustre la Grande Ourse\u00a0; l\u00e0, un almanach ancien d\u00e9voile les dictons m\u00e9t\u00e9orologiques li\u00e9s \u00e0 l\u2019apparition d\u2019une \u00e9toile. \u00ab\u00a0Observer les cycles r\u00e9guliers des astres avait une fonction pratique \u2013\u00a0calendriers des r\u00e9coltes, navigation maritime\u00a0\u2013 mais le ciel \u00e9tait aussi un vaste terrain pour la po\u00e9sie, la spiritualit\u00e9 et l\u2019imaginaire\u00a0!\u00a0\u00bb, souligne Juliette Bessette. Deux robes brillent dans la p\u00e9nombre\u00a0: ce sont les mythiques costumes du Soleil et de la Lune port\u00e9s par Catherine Deneuve dans\u00a0Peau d\u2019\u00c2ne\u00a0(Jacques Demy, 1970). Ces robes\u00a0\u00ab\u00a0couleur du temps\u00a0\u00bb\u00a0semblent tiss\u00e9es dans un r\u00eave ancien\u00a0: porter le ciel sur soi, comme une \u00e9toffe magique.\u00a0<\/p>\n<p>    La suite apr\u00e8s cette publicit\u00e9<\/p>\n<p>Un peu plus loin, la \u00ab\u00a0Lune goguenarde\u00a0\u00bb\u00a0de Georges M\u00e9li\u00e8s arbore un visage humain transperc\u00e9 par une fus\u00e9e. Plus loin, \u00ab\u00a0L\u2019\u00c9toile du berger\u00a0\u00bb\u00a0dans un tableau de Camille Corot peint en\u00a01864. Le ciel nocturne a toujours \u00e9t\u00e9 un puissant stimulant de l\u2019imaginaire. <a href=\"https:\/\/www.lejdd.fr\/culture\/quoi-de-neuf-victor-hugo-138825\" target=\"_blank\" rel=\"nofollow noopener\">Victor Hugo<\/a>, contemplant l\u2019obscurit\u00e9 int\u00e9rieure de l\u2019\u00e2me humaine, \u00e9crivait que \u00ab\u00a0ce qui fait la nuit en nous peut laisser en nous les \u00e9toiles\u00a0\u00bb. De m\u00eame, dans son ouvrage\u00a0Que ma joie demeure, <a href=\"https:\/\/www.lejdd.fr\/Chroniques\/La-chronique-de-Bernard-Pivot-Colette-Giono-a-table-644042-3299879\" target=\"_blank\" rel=\"nofollow noopener\">Jean Giono<\/a> d\u00e9crivait une nuit proven\u00e7ale o\u00f9 \u00ab\u00a0les \u00e9toiles avaient \u00e9clat\u00e9 comme de l\u2019herbe, en touffes avec des racines d\u2019or enfonc\u00e9es dans les t\u00e9n\u00e8bres\u00a0\u00bb.<\/p>\n<p>Les humains ne voient\u00a0plus les \u00e9toiles<\/p>\n<p>L\u2019exposition explore aussi ces figures de l\u2019ombre qui, du mage au voyant, ont cherch\u00e9 dans les astres un reflet des \u00e2mes. Ainsi du myst\u00e9rieux Belline, voyant parisien du XXe\u00a0si\u00e8cle, dont le cabinet de voyance a \u00e9t\u00e9 reconstitu\u00e9. Cartes, pendule, \u00e9toile polaire en vitrine\u00a0: tout ici \u00e9voque un ciel personnel, plus intime que scientifique, o\u00f9 les plan\u00e8tes s\u2019alignent pour \u00e9clairer un destin. Le d\u00e9cor, \u00e0 la fois kitsch et troublant, rappelle que lire le ciel a \u00e9t\u00e9 aussi une affaire de croyance, comme si les \u00e9toiles, une fois mises en ordre, pouvaient r\u00e9pondre \u00e0 nos doutes terrestres.<\/p>\n<blockquote class=\"exergue\">\n<p>Un voyage teint\u00e9 de m\u00e9lancolie<\/p>\n<\/blockquote>\n<p>Mais ce voyage est aussi teint\u00e9 d\u2019une m\u00e9lancolie contemporaine. Et pour cause\u00a0: \u00e0 l\u2019\u00e8re des m\u00e9galopoles, la plupart des humains ne voient plus les \u00e9toiles. Plus d\u2019un tiers de la population mondiale ne distingue m\u00eame plus la Voie lact\u00e9e, noy\u00e9e par la pollution lumineuse des villes. \u00ab\u00a0La M\u00e9diterran\u00e9e est l\u2019une des zones du monde les plus affect\u00e9es\u00a0: toute cette riche histoire et ce rapport au ciel sont en train de s\u2019effacer\u00a0\u00bb, s\u2019inqui\u00e8te Juliette Bessette. Le Mucem aborde frontalement ce sujet avec les photographies de Thierry Cohen, qui montrent \u00e0 quoi ressembleraient nos nuits urbaines sans \u00e9clairage artificiel. Sur ces images, Paris, Marseille ou Venise retrouvent un ciel noir absolu z\u00e9br\u00e9 de milliards d\u2019\u00e9toiles \u2013\u00a0un spectacle que Galil\u00e9e lui-m\u00eame aurait pu admirer lorsqu\u2019il pointa sa lunette vers la Lune en\u00a01610.\u00a0<\/p>\n<p>En m\u00ealant science, croyance et imaginaire, l\u2019exposition ravive une vieille intuition\u00a0: le ciel ne se contemple pas, il se d\u00e9chiffre. Tandis que la Nuit des \u00e9toiles nous incite \u00e0 lever les yeux, le Mucem nous enseigne que chaque astre refl\u00e8te une part de nos histoires terrestres. Les \u00e9toiles s\u2019\u00e9loignent, la po\u00e9sie demeure\u00a0: \u00ab\u00a0Le ciel tremblait\u00a0[\u2026]. On ne savait pas de quoi.\u00a0[\u2026]\u00a0C\u2019\u00e9tait tout simplement le ciel qui descendait jusqu\u2019\u00e0 toucher la terre.\u00a0\u00bb De temps \u00e0 autre, le ciel murmure \u00e0 la terre\u00a0: \u00e0 nous de retrouver son langage.<\/p>\n","protected":false},"excerpt":{"rendered":"En voyage commence dans la poussi\u00e8re d\u2019argile. En M\u00e9sopotamie, au XIIIe\u00a0si\u00e8cle avant notre \u00e8re, des tablettes recensent d\u00e9j\u00e0&hellip;\n","protected":false},"author":2,"featured_media":318700,"comment_status":"","ping_status":"","sticky":false,"template":"","format":"standard","meta":{"footnotes":""},"categories":[2814],"tags":[1111,11,1777,674,1011,27,884,12,882,25],"class_list":{"0":"post-318699","1":"post","2":"type-post","3":"status-publish","4":"format-standard","5":"has-post-thumbnail","7":"category-marseille","8":"tag-actu","9":"tag-actualites","10":"tag-eu","11":"tag-europe","12":"tag-fr","13":"tag-france","14":"tag-marseille","15":"tag-news","16":"tag-provence-alpes-cote-dazur","17":"tag-republique-francaise"},"share_on_mastodon":{"url":"https:\/\/pubeurope.com\/@fr\/115027382346997971","error":""},"_links":{"self":[{"href":"https:\/\/www.europesays.com\/fr\/wp-json\/wp\/v2\/posts\/318699","targetHints":{"allow":["GET"]}}],"collection":[{"href":"https:\/\/www.europesays.com\/fr\/wp-json\/wp\/v2\/posts"}],"about":[{"href":"https:\/\/www.europesays.com\/fr\/wp-json\/wp\/v2\/types\/post"}],"author":[{"embeddable":true,"href":"https:\/\/www.europesays.com\/fr\/wp-json\/wp\/v2\/users\/2"}],"replies":[{"embeddable":true,"href":"https:\/\/www.europesays.com\/fr\/wp-json\/wp\/v2\/comments?post=318699"}],"version-history":[{"count":0,"href":"https:\/\/www.europesays.com\/fr\/wp-json\/wp\/v2\/posts\/318699\/revisions"}],"wp:featuredmedia":[{"embeddable":true,"href":"https:\/\/www.europesays.com\/fr\/wp-json\/wp\/v2\/media\/318700"}],"wp:attachment":[{"href":"https:\/\/www.europesays.com\/fr\/wp-json\/wp\/v2\/media?parent=318699"}],"wp:term":[{"taxonomy":"category","embeddable":true,"href":"https:\/\/www.europesays.com\/fr\/wp-json\/wp\/v2\/categories?post=318699"},{"taxonomy":"post_tag","embeddable":true,"href":"https:\/\/www.europesays.com\/fr\/wp-json\/wp\/v2\/tags?post=318699"}],"curies":[{"name":"wp","href":"https:\/\/api.w.org\/{rel}","templated":true}]}}