{"id":318705,"date":"2025-08-14T13:38:09","date_gmt":"2025-08-14T13:38:09","guid":{"rendered":"https:\/\/www.europesays.com\/fr\/318705\/"},"modified":"2025-08-14T13:38:09","modified_gmt":"2025-08-14T13:38:09","slug":"vitesse-reduite-contournement-face-a-la-pollution-des-restrictions-de-circulation-en-ile-de-france","status":"publish","type":"post","link":"https:\/\/www.europesays.com\/fr\/318705\/","title":{"rendered":"Vitesse r\u00e9duite, contournement&#8230; Face \u00e0 la pollution, des restrictions de circulation en \u00cele-de-France"},"content":{"rendered":"<p>            Par<br \/>\n        <strong><br \/>\n            <a href=\"https:\/\/actu.fr\/auteur\/redaction-paris\" title=\"Consulter tous les articles de R\u00e9daction Paris\" target=\"_blank\" rel=\"noopener\">R\u00e9daction Paris<\/a><br \/>\n        <\/strong><\/p>\n<p>        Publi\u00e9 le<\/p>\n<p>            14 ao\u00fbt 2025 \u00e0 14h56        <\/p>\n<p>La pollution se m\u00eale aux <a href=\"https:\/\/actu.fr\/ile-de-france\/paris_75056\/meteo-apres-une-accalmie-de-la-canicule-les-temperatures-vont-remonter-en-fleche-a-paris-et-ile-de-france_63035989.html\" target=\"_blank\" rel=\"noopener\">fortes temp\u00e9ratures en \u00cele-de-France<\/a>. M\u00e9t\u00e9o France a plac\u00e9 la r\u00e9gion en <strong>vigilance orange<\/strong> pour des risques de canicule. La pr\u00e9fecture de Police de Paris a, elle, d\u00e9clench\u00e9 le dispositif d\u2019alerte et pris <strong>plusieurs restrictions<\/strong> face \u00e0 l\u2019\u00e9pisode de pollution persistant \u00e0 l\u2019ozone.<\/p>\n<p class=\" wall-content\">Des restrictions de circulation vont \u00eatre mises en place \u00e0 partir de ce jeudi 14\u00a0ao\u00fbt 2025 sur les routes d\u2019\u00cele-de-France. On fait le point.<\/p>\n<p>Un \u00e9pisode \u00ab\u2009persistant\u2009\u00bb<\/p>\n<p class=\" wall-content\">Selon Airparif, un d\u00e9passement du seuil d\u2019information-recommandation a \u00e9t\u00e9 fix\u00e9 \u00e0 180\u00a0\u00b5g\/m\u00b3. Cet \u00e9pisode de pollution, qui a d\u00e9but\u00e9 mercredi, est <strong>un \u00e9pisode \u00ab\u2009persistant\u2009\u00bb<\/strong> qui peut constituer un risque pour la sant\u00e9.<\/p>\n<p class=\" wall-content\">Entre 5h30 et minuit, la vitesse maximale autoris\u00e9e sera d\u00e9sormais de 110\u00a0km\/h pour les portions d\u2019autoroutes limit\u00e9es normalement \u00e0 130\u00a0km\/h. Les autoroutes et routes \u00e0 110\u00a0km\/h passeront \u00e0 90\u00a0km\/h, et celles \u00e0 90 ou 80\u00a0km\/h passeront \u00e0 70\u00a0km\/h, a indiqu\u00e9 la pr\u00e9fecture dans un communiqu\u00e9.<\/p>\n<p class=\" wall-content\">Les v\u00e9hicules de plus de 3,5 tonnes auront l\u2019obligation de <strong>contourner la capitale<\/strong> en empruntant la rocade francilienne. Ces mesures resteront en vigueur jusqu\u2019\u00e0 leur lev\u00e9e par d\u00e9cision pr\u00e9fectorale, pr\u00e9cise le communiqu\u00e9. Elles visent \u00e0 r\u00e9duire les \u00e9missions de polluants dans l\u2019atmosph\u00e8re, alors qu\u2019Airparif, une association qui surveille la qualit\u00e9 de l\u2019air en \u00cele-de-France, pr\u00e9voit une \u00ab\u2009persistance\u2009\u00bb de l\u2019\u00e9pisode de pollution \u00e0 l\u2019ozone d\u00e9but\u00e9 mercredi dans le d\u00e9partement. Celui-ci \u00ab\u2009peut constituer un risque pour la sant\u00e9\u2009\u00bb, souligne la pr\u00e9fecture.<\/p>\n<p>L\u2019\u00cele-de-France en vigilance orange canicule<\/p>\n<p class=\" wall-content\"><strong>La France est touch\u00e9e par la canicule<\/strong> depuis plusieurs jours, avec une large partie du pays en vigilance orange, comme en \u00cele-de-France, et plusieurs d\u00e9partements en vigilance rouge, en particulier dans la moiti\u00e9 sud.<\/p>\n<p class=\" wall-content\">Les op\u00e9rations de br\u00fblage \u00e0 l\u2019air libre sont \u00e9galement interdites jusqu\u2019\u00e0 nouvel ordre et les travaux d\u2019entretien ou de nettoyage qui \u00e9mettent des compos\u00e9s organiques volatils, en faisant usage par exemple d\u2019outils \u00e0 moteur thermique, de solvants, vernis, colles ou peintures, doivent \u00eatre report\u00e9s, selon la pr\u00e9fecture. Celle-ci recommande par ailleurs de limiter les d\u00e9placements en voiture, ainsi que l\u2019exposition \u00e0 la pollution, notamment des personnes vuln\u00e9rables.<\/p>\n<p class=\" wall-content\"><strong>Avec AFP<\/strong><\/p>\n<p class=\" wall-content\">Suivez toute l\u2019actualit\u00e9 de vos villes et m\u00e9dias favoris en vous inscrivant \u00e0 <a href=\"https:\/\/moncompte.actu.fr\" title=\"D\u00e9couvez Mon Actu\" rel=\"nofollow noopener\" data-trk=\"{&quot;cta&quot;:{&quot;action&quot;:&quot;https:\\\/\\\/moncompte.actu.fr&quot;,&quot;category&quot;:&quot;mon compte&quot;,&quot;from&quot;:&quot;article footer&quot;,&quot;name&quot;:&quot;Mon actu&quot;,&quot;type&quot;:&quot;cta&quot;}}\" target=\"_blank\">Mon Actu<\/a>.<\/p>\n","protected":false},"excerpt":{"rendered":"Par R\u00e9daction Paris Publi\u00e9 le 14 ao\u00fbt 2025 \u00e0 14h56 La pollution se m\u00eale aux fortes temp\u00e9ratures en&hellip;\n","protected":false},"author":2,"featured_media":318706,"comment_status":"","ping_status":"","sticky":false,"template":"","format":"standard","meta":{"footnotes":""},"categories":[1592],"tags":[1111,11,3542,1777,674,1011,27,662,12,626,1800,25,104],"class_list":{"0":"post-318705","1":"post","2":"type-post","3":"status-publish","4":"format-standard","5":"has-post-thumbnail","7":"category-ile-de-france","8":"tag-actu","9":"tag-actualites","10":"tag-circulation","11":"tag-eu","12":"tag-europe","13":"tag-fr","14":"tag-france","15":"tag-ile-de-france","16":"tag-news","17":"tag-paris","18":"tag-pollution","19":"tag-republique-francaise","20":"tag-societe"},"share_on_mastodon":{"url":"https:\/\/pubeurope.com\/@fr\/115027398098101042","error":""},"_links":{"self":[{"href":"https:\/\/www.europesays.com\/fr\/wp-json\/wp\/v2\/posts\/318705","targetHints":{"allow":["GET"]}}],"collection":[{"href":"https:\/\/www.europesays.com\/fr\/wp-json\/wp\/v2\/posts"}],"about":[{"href":"https:\/\/www.europesays.com\/fr\/wp-json\/wp\/v2\/types\/post"}],"author":[{"embeddable":true,"href":"https:\/\/www.europesays.com\/fr\/wp-json\/wp\/v2\/users\/2"}],"replies":[{"embeddable":true,"href":"https:\/\/www.europesays.com\/fr\/wp-json\/wp\/v2\/comments?post=318705"}],"version-history":[{"count":0,"href":"https:\/\/www.europesays.com\/fr\/wp-json\/wp\/v2\/posts\/318705\/revisions"}],"wp:featuredmedia":[{"embeddable":true,"href":"https:\/\/www.europesays.com\/fr\/wp-json\/wp\/v2\/media\/318706"}],"wp:attachment":[{"href":"https:\/\/www.europesays.com\/fr\/wp-json\/wp\/v2\/media?parent=318705"}],"wp:term":[{"taxonomy":"category","embeddable":true,"href":"https:\/\/www.europesays.com\/fr\/wp-json\/wp\/v2\/categories?post=318705"},{"taxonomy":"post_tag","embeddable":true,"href":"https:\/\/www.europesays.com\/fr\/wp-json\/wp\/v2\/tags?post=318705"}],"curies":[{"name":"wp","href":"https:\/\/api.w.org\/{rel}","templated":true}]}}