{"id":318707,"date":"2025-08-14T13:39:15","date_gmt":"2025-08-14T13:39:15","guid":{"rendered":"https:\/\/www.europesays.com\/fr\/318707\/"},"modified":"2025-08-14T13:39:15","modified_gmt":"2025-08-14T13:39:15","slug":"si-le-lien-est-etabli-on-procedera-a-des-indemnisations-assure-la-fromagerie-chavegrand","status":"publish","type":"post","link":"https:\/\/www.europesays.com\/fr\/318707\/","title":{"rendered":"\u00ab\u00a0Si le lien est \u00e9tabli, on proc\u00e9dera \u00e0 des indemnisations\u00a0\u00bb, assure la fromagerie Chavegrand"},"content":{"rendered":"<p class=\"c-chapo \">\n  Les autorit\u00e9s ont identifi\u00e9 21 cas de list\u00e9riose, dont deux d\u00e9c\u00e8s, qui pourraient pr\u00e9senter \u00ab\u00a0un lien possible\u00a0\u00bb avec la consommation de fromages produite par cette entreprise familiale.\n<\/p>\n<p>            lire plus tard<\/p>\n<p id=\"dialog__title\" class=\"dialog__title\">Pour sauvegarder cet article, connectez-vous ou cr\u00e9ez un compte franceinfo<\/p>\n<p class=\"dialog__description\">Sans paiement. Sans abonnement.<\/p>\n<p>        Fermer la fen\u00eatre d\u2019activation des notifications France Info<\/p>\n<p>            cr\u00e9er votre compte<\/p>\n<p>            se connecter<\/p>\n<p>        Fermer la fen\u00eatre de pr\u00e9sentation<\/p>\n<p>    <img loading=\"lazy\" decoding=\"async\" class=\"signature__image lazyload\" width=\"100\" height=\"100\" data- alt=\"\" src=\"https:\/\/www.europesays.com\/fr\/wp-content\/uploads\/2025\/06\/64a55fd777de4_placeholder-36b69ec8.png\"\/><\/p>\n<p>    Publi\u00e9 le 14\/08\/2025 12:36<\/p>\n<p>      Mis \u00e0 jour le 14\/08\/2025 15:20<\/p>\n<p>        Temps de lecture : 1min<\/p>\n<p>    <img decoding=\"async\"  alt=\"L'entr\u00e9e de la fromagerie Chavregrand \u00e0 Maison-Feyne (Creuse), le 13 ao\u00fbt 2025. (GUILLAUME SOUVANT \/ AFP)\" width=\"432\" height=\"243\" src=\"https:\/\/www.europesays.com\/fr\/wp-content\/uploads\/2025\/08\/000-69fw3qd-689dbb8836482294298354.jpg\" fetchpriority=\"high\"\/><\/p>\n<p>      L&rsquo;entr\u00e9e de la fromagerie Chavregrand \u00e0 Maison-Feyne (Creuse), le 13 ao\u00fbt 2025. (GUILLAUME SOUVANT \/ AFP)<\/p>\n<p>\u00ab\u00a0On a multipli\u00e9 par 100 le nombre d&rsquo;analyses\u00a0\u00bb, affirme, \u00e0 <a href=\"https:\/\/www.rtl.fr\/actu\/economie-consommation\/suspicions-de-listeria-tout-le-monde-est-mobilise-pour-retablir-la-confiance-indique-le-porte-parole-de-la-fromagerie-chavegrand-sur-rtl-7900530773\" rel=\"nofollow noopener\" target=\"_blank\">RTL<\/a>, jeudi 14\u00a0ao\u00fbt, Guillaume Albert, le porte-parole de la fromagerie Chavegrand. Cette entreprise familiale, install\u00e9e dans la Creuse, est dans la tourmente apr\u00e8s l&rsquo;identification de cas de list\u00e9riose, r\u00e9partis sur tout le territoire. Les autorit\u00e9s sanitaires ont, en effet, identifi\u00e9 <a href=\"https:\/\/www.franceinfo.fr\/sante\/cas-de-listeriose-les-21-personnes-identifiees-presentaient-en-grande-majorite-des-comorbidites-connues-comme-facteurs-de-risque-selon-sante-publique-france_7433965.html\" rel=\"nofollow noopener\" target=\"_blank\">21 cas de list\u00e9riose<\/a>, dont deux\u00a0d\u00e9c\u00e8s, qui pourraient pr\u00e9senter un \u00ab\u00a0lien possible\u00a0\u00bb avec la consommation de fromages au lait pasteuris\u00e9 de la fromagerie Chavegrand, selon un communiqu\u00e9 du gouvernement diffus\u00e9 mardi.<\/p>\n<p>\u00ab\u00a0On a \u00e9t\u00e9 pr\u00e9venu fin juillet qu&rsquo;il y avait un nombre anormal de patients diagnostiqu\u00e9s avec des list\u00e9rioses, raconte Guillaume Albert. On a pris la d\u00e9cision de rappeler l&rsquo;int\u00e9gralit\u00e9 des fromages produits sur cette m\u00eame ligne de production.\u00a0\u00bb\u00a0Le porte-parole de la fromagerie l&rsquo;assure\u00a0: \u00ab\u00a0Tous les produits qui sont suspects aujourd&rsquo;hui ont \u00e9t\u00e9 fabriqu\u00e9s sur une ancienne ligne qui est ferm\u00e9e. On est vraiment tr\u00e8s confiant sur la qualit\u00e9 des produits qu&rsquo;on fabrique actuellement\u00a0\u00bb. Il fait \u00e9galement une promesse : \u00ab\u00a0Si le lien est \u00e9tabli, on proc\u00e8dera \u00e0 des indemnisations.\u00a0\u00bb\u00a0<\/p>\n<p class=\"related-tags__title\" role=\"heading\" aria-level=\"2\">les mots-cl\u00e9s associ\u00e9s \u00e0 cet article\n    <\/p>\n","protected":false},"excerpt":{"rendered":"Les autorit\u00e9s ont identifi\u00e9 21 cas de list\u00e9riose, dont deux d\u00e9c\u00e8s, qui pourraient pr\u00e9senter \u00ab\u00a0un lien possible\u00a0\u00bb avec&hellip;\n","protected":false},"author":2,"featured_media":318708,"comment_status":"","ping_status":"","sticky":false,"template":"","format":"standard","meta":{"footnotes":""},"categories":[1888],"tags":[1111,1928,11,1927,1777,674,1011,27,12,1926,626,1925,25],"class_list":{"0":"post-318707","1":"post","2":"type-post","3":"status-publish","4":"format-standard","5":"has-post-thumbnail","7":"category-paris","8":"tag-actu","9":"tag-actu-paris","10":"tag-actualites","11":"tag-actualites-paris","12":"tag-eu","13":"tag-europe","14":"tag-fr","15":"tag-france","16":"tag-news","17":"tag-news-paris","18":"tag-paris","19":"tag-paris-news","20":"tag-republique-francaise"},"share_on_mastodon":{"url":"https:\/\/pubeurope.com\/@fr\/115027402079259132","error":""},"_links":{"self":[{"href":"https:\/\/www.europesays.com\/fr\/wp-json\/wp\/v2\/posts\/318707","targetHints":{"allow":["GET"]}}],"collection":[{"href":"https:\/\/www.europesays.com\/fr\/wp-json\/wp\/v2\/posts"}],"about":[{"href":"https:\/\/www.europesays.com\/fr\/wp-json\/wp\/v2\/types\/post"}],"author":[{"embeddable":true,"href":"https:\/\/www.europesays.com\/fr\/wp-json\/wp\/v2\/users\/2"}],"replies":[{"embeddable":true,"href":"https:\/\/www.europesays.com\/fr\/wp-json\/wp\/v2\/comments?post=318707"}],"version-history":[{"count":0,"href":"https:\/\/www.europesays.com\/fr\/wp-json\/wp\/v2\/posts\/318707\/revisions"}],"wp:featuredmedia":[{"embeddable":true,"href":"https:\/\/www.europesays.com\/fr\/wp-json\/wp\/v2\/media\/318708"}],"wp:attachment":[{"href":"https:\/\/www.europesays.com\/fr\/wp-json\/wp\/v2\/media?parent=318707"}],"wp:term":[{"taxonomy":"category","embeddable":true,"href":"https:\/\/www.europesays.com\/fr\/wp-json\/wp\/v2\/categories?post=318707"},{"taxonomy":"post_tag","embeddable":true,"href":"https:\/\/www.europesays.com\/fr\/wp-json\/wp\/v2\/tags?post=318707"}],"curies":[{"name":"wp","href":"https:\/\/api.w.org\/{rel}","templated":true}]}}