{"id":318715,"date":"2025-08-14T13:43:09","date_gmt":"2025-08-14T13:43:09","guid":{"rendered":"https:\/\/www.europesays.com\/fr\/318715\/"},"modified":"2025-08-14T13:43:09","modified_gmt":"2025-08-14T13:43:09","slug":"la-coree-du-nord-plus-que-jamais-lalliee-de-la-russie","status":"publish","type":"post","link":"https:\/\/www.europesays.com\/fr\/318715\/","title":{"rendered":"la Cor\u00e9e du Nord plus que jamais l\u2019alli\u00e9e de la Russie"},"content":{"rendered":"<p>\u00ab\u00a0Le pr\u00e9sident russe a une nouvelle fois grandement lou\u00e9 le soutien apport\u00e9 par la R\u00e9publique d\u00e9mocratique populaire de\u00a0Cor\u00e9e (nom officiel de la Cor\u00e9e du Nord, NDLR) ainsi que la bravoure, l\u2019h\u00e9ro\u00efsme et l\u2019esprit de sacrifice d\u00e9montr\u00e9s\u00a0\u00bb par les troupes\u00a0nord-cor\u00e9ennes, a rapport\u00e9 mercredi 13\u00a0ao\u00fbt l\u2019agence officielle nord-cor\u00e9enne KCNA, \u00e0 la suite d\u2019un long \u00e9change t\u00e9l\u00e9phonique la veille entre le pr\u00e9sident russe Vladimir Poutine et le leader nord-cor\u00e9en, Kim Jong-un.<\/p>\n<p>Cet article est r\u00e9serv\u00e9 aux abonn\u00e9s<\/p>\n<p>\n                    Vous souhaitez lire la suite\u00a0? Abonnez-vous sans engagement \u00e0 notre offre num\u00e9rique\n                <\/p>\n<p>                <a href=\"https:\/\/www.la-croix.com\/abonnement\" class=\"default-paywall__subscribe-button\" data-tracking=\"cta_click\" data-tracking-action=\"voir la page abonnement\" data-tracking-category=\"abonnement\" rel=\"nofollow noopener\" target=\"_blank\">Je m&rsquo;abonne<\/a><\/p>\n","protected":false},"excerpt":{"rendered":"\u00ab\u00a0Le pr\u00e9sident russe a une nouvelle fois grandement lou\u00e9 le soutien apport\u00e9 par la R\u00e9publique d\u00e9mocratique populaire de\u00a0Cor\u00e9e&hellip;\n","protected":false},"author":2,"featured_media":318716,"comment_status":"","ping_status":"","sticky":false,"template":"","format":"standard","meta":{"footnotes":""},"categories":[1591],"tags":[11,1887,12,1885,1886,132],"class_list":{"0":"post-318715","1":"post","2":"type-post","3":"status-publish","4":"format-standard","5":"has-post-thumbnail","7":"category-russie","8":"tag-actualites","9":"tag-federation-de-russie","10":"tag-news","11":"tag-russia","12":"tag-russian-federation","13":"tag-russie"},"share_on_mastodon":{"url":"https:\/\/pubeurope.com\/@fr\/115027417693002330","error":""},"_links":{"self":[{"href":"https:\/\/www.europesays.com\/fr\/wp-json\/wp\/v2\/posts\/318715","targetHints":{"allow":["GET"]}}],"collection":[{"href":"https:\/\/www.europesays.com\/fr\/wp-json\/wp\/v2\/posts"}],"about":[{"href":"https:\/\/www.europesays.com\/fr\/wp-json\/wp\/v2\/types\/post"}],"author":[{"embeddable":true,"href":"https:\/\/www.europesays.com\/fr\/wp-json\/wp\/v2\/users\/2"}],"replies":[{"embeddable":true,"href":"https:\/\/www.europesays.com\/fr\/wp-json\/wp\/v2\/comments?post=318715"}],"version-history":[{"count":0,"href":"https:\/\/www.europesays.com\/fr\/wp-json\/wp\/v2\/posts\/318715\/revisions"}],"wp:featuredmedia":[{"embeddable":true,"href":"https:\/\/www.europesays.com\/fr\/wp-json\/wp\/v2\/media\/318716"}],"wp:attachment":[{"href":"https:\/\/www.europesays.com\/fr\/wp-json\/wp\/v2\/media?parent=318715"}],"wp:term":[{"taxonomy":"category","embeddable":true,"href":"https:\/\/www.europesays.com\/fr\/wp-json\/wp\/v2\/categories?post=318715"},{"taxonomy":"post_tag","embeddable":true,"href":"https:\/\/www.europesays.com\/fr\/wp-json\/wp\/v2\/tags?post=318715"}],"curies":[{"name":"wp","href":"https:\/\/api.w.org\/{rel}","templated":true}]}}