{"id":318719,"date":"2025-08-14T13:45:13","date_gmt":"2025-08-14T13:45:13","guid":{"rendered":"https:\/\/www.europesays.com\/fr\/318719\/"},"modified":"2025-08-14T13:45:13","modified_gmt":"2025-08-14T13:45:13","slug":"usa-hausse-plus-forte-que-prevu-des-prix-a-la-production-en-juillet-14-08-2025-a-1510","status":"publish","type":"post","link":"https:\/\/www.europesays.com\/fr\/318719\/","title":{"rendered":"USA-Hausse plus forte que pr\u00e9vu des prix \u00e0 la production en juillet &#8211; 14\/08\/2025 \u00e0 15:10"},"content":{"rendered":"<p>\n (Actualis\u00e9 avec r\u00e9action des march\u00e9s)\n<\/p>\n<p>\n Les prix \u00e0 la production (PPI) aux<br \/>\nEtats-Unis ont augment\u00e9 plus fortement que pr\u00e9vu en juillet,<br \/>\nmontrent les statistiques publi\u00e9es jeudi par le d\u00e9partement du<br \/>\nTravail.\n<\/p>\n<p>\n L&rsquo;indice PPI a augment\u00e9 de 0,9% le mois dernier apr\u00e8s une<br \/>\nstagnation en juin. Les \u00e9conomistes interrog\u00e9s par Reuters<br \/>\ntablaient en moyenne sur une hausse de 0,2%.\n<\/p>\n<p>\n Sur une base annuelle, la croissance des prix \u00e0 la<br \/>\nproduction est ressortie \u00e0 3,3% en juillet, apr\u00e8s une hausse de<br \/>\n2,4% (r\u00e9vis\u00e9 de +2,3%) en juin, alors que le consensus pr\u00e9voyait<br \/>\n+2,5%.\n<\/p>\n<p>\n Apr\u00e8s la publication des donn\u00e9es, les futurs sur les indices<br \/>\nnew-yorkais ont accentu\u00e9 leur repli alors que ces chiffres<br \/>\ncontredisent les anticipations de baisse des taux de la R\u00e9serve<br \/>\nf\u00e9d\u00e9rale (Fed) en septembre qui se sont fortement accrues<br \/>\nr\u00e9cemment.\n<\/p>\n<p>\n Les contrats \u00e0 terme signalent une ouverture en baisse<br \/>\nde 0,41% pour le Dow Jones<br \/>\n <a href=\"https:\/\/www.boursorama.com\/cours\/%24INDU\/\" rel=\"nofollow noopener\" target=\"_blank\"><br \/>\n  .DJI<br \/>\n <\/a><br \/>\n , de 0,39% pour le Standard &amp;<br \/>\nPoor&rsquo;s-500<br \/>\n <a href=\"https:\/\/www.boursorama.com\/cours\/%24INX\/\" rel=\"nofollow noopener\" target=\"_blank\"><br \/>\n  .SPX<br \/>\n <\/a><br \/>\n et de 0,46% pour le Nasdaq.\n<\/p>\n<p>\n Sur le march\u00e9 obligataire, le rendement am\u00e9ricain \u00e0 10<br \/>\nans<br \/>\n <a href=\"https:\/\/www.boursorama.com\/cours\/2xUSABM10A\/\" rel=\"nofollow noopener\" target=\"_blank\"><br \/>\n  US10YT=RR<br \/>\n <\/a><br \/>\n a effac\u00e9 son repli initial et avan\u00e7ait de 0,6<br \/>\npoint de base \u00e0 4,2461%.\n<\/p>\n<p>\n (R\u00e9dig\u00e9 par Mara V\u00eelcu, \u00e9dit\u00e9 par Blandine H\u00e9nault)<\/p>\n","protected":false},"excerpt":{"rendered":"(Actualis\u00e9 avec r\u00e9action des march\u00e9s) Les prix \u00e0 la production (PPI) aux Etats-Unis ont augment\u00e9 plus fortement que&hellip;\n","protected":false},"author":2,"featured_media":15273,"comment_status":"","ping_status":"","sticky":false,"template":"","format":"standard","meta":{"footnotes":""},"categories":[1589],"tags":[400,11,398,408,405,73,1866,403,402,399,404,12,401,406,1864,1865,1863,308,407],"class_list":{"0":"post-318719","1":"post","2":"type-post","3":"status-publish","4":"format-standard","5":"has-post-thumbnail","7":"category-etats-unis","8":"tag-action-cac-40","9":"tag-actualites","10":"tag-bourse-de-paris","11":"tag-boursorama","12":"tag-cotations","13":"tag-etats-unis","14":"tag-etats-unis-damerique","15":"tag-indices-devises","16":"tag-investir","17":"tag-investissement","18":"tag-marche-boursier","19":"tag-news","20":"tag-sicav","21":"tag-trackers","22":"tag-united-states","23":"tag-united-states-of-america","24":"tag-us","25":"tag-usa","26":"tag-warrants"},"share_on_mastodon":{"url":"https:\/\/pubeurope.com\/@fr\/115027425726863021","error":""},"_links":{"self":[{"href":"https:\/\/www.europesays.com\/fr\/wp-json\/wp\/v2\/posts\/318719","targetHints":{"allow":["GET"]}}],"collection":[{"href":"https:\/\/www.europesays.com\/fr\/wp-json\/wp\/v2\/posts"}],"about":[{"href":"https:\/\/www.europesays.com\/fr\/wp-json\/wp\/v2\/types\/post"}],"author":[{"embeddable":true,"href":"https:\/\/www.europesays.com\/fr\/wp-json\/wp\/v2\/users\/2"}],"replies":[{"embeddable":true,"href":"https:\/\/www.europesays.com\/fr\/wp-json\/wp\/v2\/comments?post=318719"}],"version-history":[{"count":0,"href":"https:\/\/www.europesays.com\/fr\/wp-json\/wp\/v2\/posts\/318719\/revisions"}],"wp:featuredmedia":[{"embeddable":true,"href":"https:\/\/www.europesays.com\/fr\/wp-json\/wp\/v2\/media\/15273"}],"wp:attachment":[{"href":"https:\/\/www.europesays.com\/fr\/wp-json\/wp\/v2\/media?parent=318719"}],"wp:term":[{"taxonomy":"category","embeddable":true,"href":"https:\/\/www.europesays.com\/fr\/wp-json\/wp\/v2\/categories?post=318719"},{"taxonomy":"post_tag","embeddable":true,"href":"https:\/\/www.europesays.com\/fr\/wp-json\/wp\/v2\/tags?post=318719"}],"curies":[{"name":"wp","href":"https:\/\/api.w.org\/{rel}","templated":true}]}}