{"id":31872,"date":"2025-04-17T14:33:11","date_gmt":"2025-04-17T14:33:11","guid":{"rendered":"https:\/\/www.europesays.com\/fr\/31872\/"},"modified":"2025-04-17T14:33:11","modified_gmt":"2025-04-17T14:33:11","slug":"comment-circuler-ce-dimanche-23-mars","status":"publish","type":"post","link":"https:\/\/www.europesays.com\/fr\/31872\/","title":{"rendered":"comment circuler ce dimanche 23\u00a0mars\u00a0?"},"content":{"rendered":"<p>Usagers de la M\u00e9tropole, la voiture est invit\u00e9e ce dimanche \u00e0 rester au garage entre 10h \u00e0 13h. Du moins pour ce qu\u2019il convient d\u2019appeler les environs du parcours de la 18e \u00e9dition du semi-marathon du Grand Nancy, \u00e9v\u00e9nement sportif le plus couru du d\u00e9partement derri\u00e8re les 10\u00a0km de la Saint-Nicolas.<\/p>\n<p>Avec un peu de moins de 4\u00a0000 coureurs lors de la pr\u00e9c\u00e9dente \u00e9dition, <a href=\"https:\/\/www.estrepublicain.fr\/sport\/2025\/03\/19\/semi-marathon-une-vague-de-6-000-coureurs-prete-a-deferler-sur-nancy\" target=\"_blank\" rel=\"nofollow noopener\">le semi-marathon du Grand Nancy<\/a> accueillera cette ann\u00e9e pr\u00e8s de 6\u00a0000 coureurs.<\/p>\n<p>Le parcours traversera huit communes\u00a0: Nancy, Laxou, Villers, Vand\u0153uvre, Heillecourt, Fl\u00e9ville, Laneuveville, Jarville.<\/p>\n<p>Le dispositif s\u00e9curitaire est in\u00e9luctablement \u00e0 la hauteur de l\u2019\u00e9v\u00e9nement puisqu\u2019il requiert 180 b\u00e9n\u00e9voles signaleurs, 80 sur site autour de la place Stanislas, 71 policiers municipaux mais aussi 88 v\u00e9hicules bloquants.<\/p>\n<p>Sp\u00e9cialiste logistique au sein de l\u2019organisation, Dominique Feuiltaine explique\u00a0: \u00ab\u00a0Nous avons essay\u00e9 de faire au mieux, c\u2019est-\u00e0-dire qu\u2019une fois le peloton pass\u00e9, si cela est possible, il y a une lev\u00e9e d\u2019interdiction\u00a0\u00bb.<\/p>\n<p>  \u00c0 Nancy<\/p>\n<p>Les interdictions de stationnement, sous peine de mise en fourri\u00e8re, d\u00e9marrent le samedi 23\u00a0mars \u00e0 20h pour une lev\u00e9e le lendemain \u00e0 13h et concernent les rues Stanislas, Raymond-Poincar\u00e9, Henry-Bazin, Sainte-Catherine, la Place Carri\u00e8re et l\u2019Avenue Anatole-France. L\u2019interdiction de circulation s\u2019applique le dimanche jusqu\u2019\u00e0 13h, sur les voies pr\u00e9cit\u00e9s et la totalit\u00e9 du parcours de l\u2019\u00e9preuve o\u00f9 des plans de d\u00e9viations seront signalis\u00e9s.<\/p>\n<p>  Dans la M\u00e9tropole<\/p>\n<p>\u00c0 Laxou de 9h45 \u00e0 11h, stationnement et circulation seront interdits sur les voies Avenue Paul-D\u00e9roul\u00e8de et Boulevard du Mar\u00e9chal-Foch.<\/p>\n<p>\u00c0 Villers-l\u00e8s-Nancy, ces m\u00eames interdictions concerneront les boulevards du Docteur-Cattenoz (dans le sens montant) et Mar\u00e9chal-Foch.<\/p>\n<p>Les perpendiculaires \u00e0 ces deux boulevards sont aussi interdites \u00e0 la circulation sauf riverains.<\/p>\n<p>Du c\u00f4t\u00e9 de <a href=\"https:\/\/www.estrepublicain.fr\/societe\/2025\/03\/20\/semi-marathon-du-grand-nancy-la-circulation-sera-perturbee\" target=\"_blank\" rel=\"nofollow noopener\"> Vandoeuvre-l\u00e8s-Nancy<\/a> , l\u2019avenue du G\u00e9n\u00e9ral-Mangin, les rues Echternach, Malines, de la Poste, Pont-de-Kehl, l\u2019avenue Jeanne-d\u2019Arc, la rue Bernard-Palissy, le chemin d\u2019Heillecourt, la rue de Vand\u0153uvre seront bloqu\u00e9s.<\/p>\n<p>\u00c0 Heillecourt, la Grande rue et la Route de Fl\u00e9ville seront bloqu\u00e9es.<\/p>\n<p>\u00c0 Fl\u00e9ville-devant-Nancy, la rue du Ch\u00e2teau et le Giratoire de l\u2019Or\u00e9e-du-Bois seront inaccessibles tout comme la Rue Gabriel-Faur\u00e9 de Jarville-la-Malgrange.<\/p>\n<p>Enfin \u00e0 Laneuveville-devant-Nancy, les routes de Fl\u00e9ville, du G\u00e9n\u00e9ral-Leclerc, d\u2019Art-sur-Meurthe, du Canal de l\u2019Est et du canal de la Marne au Rhin seront aussi bloqu\u00e9es.<\/p>\n<p>Ces interdictions devraient \u00eatre lev\u00e9es \u00e0 13h.<\/p>\n","protected":false},"excerpt":{"rendered":"Usagers de la M\u00e9tropole, la voiture est invit\u00e9e ce dimanche \u00e0 rester au garage entre 10h \u00e0 13h.&hellip;\n","protected":false},"author":2,"featured_media":31873,"comment_status":"","ping_status":"","sticky":false,"template":"","format":"standard","meta":{"footnotes":""},"categories":[9635],"tags":[1111,11,4132,3542,1704,1705,1777,674,1011,27,775,1702,1703,12,25,517,1700,2803],"class_list":{"0":"post-31872","1":"post","2":"type-post","3":"status-publish","4":"format-standard","5":"has-post-thumbnail","7":"category-nancy","8":"tag-actu","9":"tag-actualites","10":"tag-athletisme","11":"tag-circulation","12":"tag-edition-nancy-et-agglomeration","13":"tag-edition-toul","14":"tag-eu","15":"tag-europe","16":"tag-fr","17":"tag-france","18":"tag-grand-est","19":"tag-nancy","20":"tag-nancy-ville-54b","21":"tag-news","22":"tag-republique-francaise","23":"tag-sport","24":"tag-sport-lorrain","25":"tag-transport"},"share_on_mastodon":{"url":"https:\/\/pubeurope.com\/@fr\/114353799385342241","error":""},"_links":{"self":[{"href":"https:\/\/www.europesays.com\/fr\/wp-json\/wp\/v2\/posts\/31872","targetHints":{"allow":["GET"]}}],"collection":[{"href":"https:\/\/www.europesays.com\/fr\/wp-json\/wp\/v2\/posts"}],"about":[{"href":"https:\/\/www.europesays.com\/fr\/wp-json\/wp\/v2\/types\/post"}],"author":[{"embeddable":true,"href":"https:\/\/www.europesays.com\/fr\/wp-json\/wp\/v2\/users\/2"}],"replies":[{"embeddable":true,"href":"https:\/\/www.europesays.com\/fr\/wp-json\/wp\/v2\/comments?post=31872"}],"version-history":[{"count":0,"href":"https:\/\/www.europesays.com\/fr\/wp-json\/wp\/v2\/posts\/31872\/revisions"}],"wp:featuredmedia":[{"embeddable":true,"href":"https:\/\/www.europesays.com\/fr\/wp-json\/wp\/v2\/media\/31873"}],"wp:attachment":[{"href":"https:\/\/www.europesays.com\/fr\/wp-json\/wp\/v2\/media?parent=31872"}],"wp:term":[{"taxonomy":"category","embeddable":true,"href":"https:\/\/www.europesays.com\/fr\/wp-json\/wp\/v2\/categories?post=31872"},{"taxonomy":"post_tag","embeddable":true,"href":"https:\/\/www.europesays.com\/fr\/wp-json\/wp\/v2\/tags?post=31872"}],"curies":[{"name":"wp","href":"https:\/\/api.w.org\/{rel}","templated":true}]}}