{"id":318720,"date":"2025-08-14T13:46:13","date_gmt":"2025-08-14T13:46:13","guid":{"rendered":"https:\/\/www.europesays.com\/fr\/318720\/"},"modified":"2025-08-14T13:46:13","modified_gmt":"2025-08-14T13:46:13","slug":"la-folle-histoire-des-enfants-caches-de-tim-laurence-lepoux-de-la-princesse-anne","status":"publish","type":"post","link":"https:\/\/www.europesays.com\/fr\/318720\/","title":{"rendered":"La folle histoire des enfants cach\u00e9s de Tim Laurence, l\u2019\u00e9poux de la princesse Anne"},"content":{"rendered":"<p>Premi\u00e8re nouvelle ou grossi\u00e8re erreur\u00a0? C\u2019est la question que beaucoup d&rsquo;internautes se sont pos\u00e9e ce 13 ao\u00fbt en lisant les 75 anecdotes d\u00e9voil\u00e9es par le Palais sur la vie et l\u2019\u0153uvre de la <a target=\"_blank\" href=\"https:\/\/www.pointdevue.fr\/grand-angle\/biographies\/princesse-anne\" rel=\"nofollow noopener\">princesse Anne<\/a>. La premi\u00e8re partie de cette liste, intitul\u00e9e \u00ab\u00a0Jeunes ann\u00e9es et vie de famille\u00a0\u00bb, retrace son enfance, son \u00e9ducation dans un pensionnat du Kent, ses d\u00e9buts officiels au service de la Couronne mais aussi les grands moments de sa vie priv\u00e9e : <a target=\"_blank\" href=\"https:\/\/www.pointdevue.fr\/royal\/royaume-uni\/romance-royale-anne-et-mark-phillips-lamour-au-grand-galop\" rel=\"nofollow noopener\">son premier mariage avec Mark Phillips<\/a>, la naissance de ses enfants <a target=\"_blank\" href=\"https:\/\/www.pointdevue.fr\/grand-angle\/biographies\/peter-phillips\" rel=\"nofollow noopener\">Peter<\/a> et <a target=\"_blank\" href=\"https:\/\/www.pointdevue.fr\/grand-angle\/biographies\/zara-tindall\" rel=\"nofollow noopener\">Zara<\/a>, ses secondes noces&#8230; Puis, au num\u00e9ro 14 de la liste, appara\u00eet <strong>une improbable \u00ab\u00a0breaking news\u00a0\u00bb.<\/strong><\/p>\n<p><img decoding=\"async\" src=\"https:\/\/www.europesays.com\/fr\/wp-content\/uploads\/2025\/08\/BP_Anne_75_14d2lUY87zaC.jpg\" alt=\"Capture de la liste publi\u00e9e sur le site royal.uk le 13 ao\u00fbt 2025. Au num\u00e9ro 14, une bien curieuse annonce.\"\/><strong>Capture de la liste publi\u00e9e sur le site royal.uk le 13 ao\u00fbt 2025. Au num\u00e9ro 14, une bien curieuse annonce.<\/strong> \u00a9 Royal.uk<\/p>\n<p><strong>\u00ab\u00a0Son Altesse Royale a \u00e9galement deux beaux-enfants issus de son deuxi\u00e8me mariage avec Sir Timothy Laurence, Tom et Amy Laurence\u00a0\u00bb<\/strong> est-il \u00e9crit noir sur blanc. Les observateurs royaux les plus avertis ne tardent pas \u00e0 r\u00e9agir. \u00ab\u00a0Tom et Amy Laurence\u00a0? Soit je suis devenue folle, soit sir Tim Laurence a des enfants cach\u00e9s\u00a0\u00bb s\u2019\u00e9tonne la pourtant tr\u00e8s au fait de la chose royale <a target=\"_blank\" href=\"https:\/\/x.com\/Gertsroyals\" rel=\"nofollow\">Gertrude Daly sur X<\/a>. \u00ab\u00a0Je suis presque s\u00fbre que c\u2019est une erreur, mais comment une chose pareille peut-elle arriver\u00a0?\u00a0\u00bb<\/p>\n<p>Difficile de comprendre en effet comment la maison royale, source officielle s\u2019il en est, a pu <strong>\u00ab\u00a0inventer\u00a0\u00bb des enfants \u00e0 sir Tim<\/strong>. Car c&rsquo;est bien ce qui s&rsquo;est pass\u00e9 : avant Anne, l\u2019ancien officier de marine puis \u00e9cuyer d&rsquo;<a target=\"_blank\" href=\"https:\/\/www.pointdevue.fr\/grand-angle\/biographies\/elisabeth-ii\" rel=\"nofollow noopener\">\u00c9lisabeth II<\/a> n\u2019a jamais \u00e9t\u00e9 mari\u00e9. Et s\u2019il avait quand m\u00eame eu deux enfants, ceux-ci auraient tr\u00e8s probablement assist\u00e9 \u00e0 son mariage royal avec Anne en 1992, comme l\u2019ont fait <a target=\"_blank\" href=\"https:\/\/www.pointdevue.fr\/royal\/royaume-uni\/mariage-a-windsor-charles-et-camilla-le-triomphe-de-lamour\" rel=\"nofollow noopener\">en 2005 ceux de Camilla<\/a>.<\/p>\n<p><img decoding=\"async\" src=\"https:\/\/www.europesays.com\/fr\/wp-content\/uploads\/2025\/08\/SIPA_shutterstock40633543_000003NPJMEcxYOK.jpg\" alt=\"Apr\u00e8s leur mariage \u00e0 Crathie Kirk, pr\u00e8s de Balmoral, Anne et Tim posent avec Zara et Peter, les enfants de la princesse.\"\/><strong>Apr\u00e8s leur mariage \u00e0 Crathie Kirk, pr\u00e8s de Balmoral, Anne et Tim posent avec Zara et Peter, les enfants de la princesse.<\/strong> \u00a9 Nicholas Read\/Shutterstock\/SIPA<\/p>\n<p>Alors d\u2019o\u00f9 sortent \u00ab\u00a0Tom et Amy Laurence\u00a0\u00bb\u00a0? Entre effectifs r\u00e9duits \u2013 mois d\u2019ao\u00fbt oblige \u2013 et canicule assommante, quelqu\u2019un au service communication du palais aurait-il <strong>d\u00e9l\u00e9gu\u00e9 les recherches<\/strong> pour cette longue liste de choses \u00e0 savoir sur Anne \u00e0 <strong>une intelligence artificielle<\/strong>\u00a0? Tentant, mais risqu\u00e9\u00a0: on trouve sur Internet le meilleur comme le pire et, notamment en mati\u00e8re de rumeurs royales, beaucoup de <strong>fausses informations..<\/strong>. D\u2019une fa\u00e7on ou d\u2019une autre, l\u2019une d\u2019entre elles est parvenue \u00e0 se glisser au sommet.<\/p>\n<p>Que le vice-amiral se rassure\u00a0: ses enfants Tom et Amy n\u2019ont <strong>officiellement exist\u00e9 sur le site de la Couronne britannique que quelques heures<\/strong>. Face \u00e0 la multiplication des r\u00e9actions d\u2019internautes \u00e9berlu\u00e9s, en fin de journ\u00e9e la page des 75 anecdotes avait disparu du site de la famille royale.<\/p>\n<p><img decoding=\"async\" src=\"https:\/\/www.europesays.com\/fr\/wp-content\/uploads\/2025\/08\/BP_Anne_75_offrNiYEH5W30.jpg\" alt=\"D\u00e9publi\u00e9e, la page m\u00e8ne d\u00e9sormais \u00e0 un message d'erreur.\"\/><strong>D\u00e9publi\u00e9e, la page m\u00e8ne d\u00e9sormais \u00e0 un message d&rsquo;erreur.<\/strong> \u00a9 Site royal.uk<\/p>\n<p><strong>La princesse Anne et Tim sont-ils seulement au courant<\/strong> des remous provoqu\u00e9s par cette bourde ? Peut-\u00eatre m\u00eame pas\u00a0: comme chaque ann\u00e9e en ao\u00fbt, pour l\u2019anniversaire de la princesse, le couple a largu\u00e9 les amarres pour voguer en t\u00eate-\u00e0-t\u00eate sur le Ballochbuie, le Rustler 44 avec lequel il sillonne la c\u00f4te ouest de l\u2019\u00c9cosse. Encore une bonne raison d&rsquo;avoir opt\u00e9 pour la d\u00e9connexion&#8230;\u00a0<\/p>\n<p>Lire aussi &gt;&gt; <a target=\"_blank\" href=\"https:\/\/www.pointdevue.fr\/royal\/royaume-uni\/les-vacances-de-la-princesse-anne-du-vent-dans-les-voiles-et-dix-jours-hors-du-monde\" rel=\"nofollow noopener\">Les vacances de la princesse Anne, du vent dans les voiles et dix jours hors du monde<\/a><\/p>\n","protected":false},"excerpt":{"rendered":"Premi\u00e8re nouvelle ou grossi\u00e8re erreur\u00a0? C\u2019est la question que beaucoup d&rsquo;internautes se sont pos\u00e9e ce 13 ao\u00fbt en&hellip;\n","protected":false},"author":2,"featured_media":318721,"comment_status":"","ping_status":"","sticky":false,"template":"","format":"standard","meta":{"footnotes":""},"categories":[1588],"tags":[11,1777,674,12,473,1853,1851,1850,1852],"class_list":{"0":"post-318720","1":"post","2":"type-post","3":"status-publish","4":"format-standard","5":"has-post-thumbnail","7":"category-royaume-uni","8":"tag-actualites","9":"tag-eu","10":"tag-europe","11":"tag-news","12":"tag-royaume-uni","13":"tag-royaume-uni-de-grande-bretagne-et-dirlande-du-nord","14":"tag-uk","15":"tag-united-kingdom","16":"tag-united-kingdom-of-great-britain-and-northern-ireland"},"share_on_mastodon":{"url":"https:\/\/pubeurope.com\/@fr\/115027429644192748","error":""},"_links":{"self":[{"href":"https:\/\/www.europesays.com\/fr\/wp-json\/wp\/v2\/posts\/318720","targetHints":{"allow":["GET"]}}],"collection":[{"href":"https:\/\/www.europesays.com\/fr\/wp-json\/wp\/v2\/posts"}],"about":[{"href":"https:\/\/www.europesays.com\/fr\/wp-json\/wp\/v2\/types\/post"}],"author":[{"embeddable":true,"href":"https:\/\/www.europesays.com\/fr\/wp-json\/wp\/v2\/users\/2"}],"replies":[{"embeddable":true,"href":"https:\/\/www.europesays.com\/fr\/wp-json\/wp\/v2\/comments?post=318720"}],"version-history":[{"count":0,"href":"https:\/\/www.europesays.com\/fr\/wp-json\/wp\/v2\/posts\/318720\/revisions"}],"wp:featuredmedia":[{"embeddable":true,"href":"https:\/\/www.europesays.com\/fr\/wp-json\/wp\/v2\/media\/318721"}],"wp:attachment":[{"href":"https:\/\/www.europesays.com\/fr\/wp-json\/wp\/v2\/media?parent=318720"}],"wp:term":[{"taxonomy":"category","embeddable":true,"href":"https:\/\/www.europesays.com\/fr\/wp-json\/wp\/v2\/categories?post=318720"},{"taxonomy":"post_tag","embeddable":true,"href":"https:\/\/www.europesays.com\/fr\/wp-json\/wp\/v2\/tags?post=318720"}],"curies":[{"name":"wp","href":"https:\/\/api.w.org\/{rel}","templated":true}]}}