{"id":318726,"date":"2025-08-14T13:49:16","date_gmt":"2025-08-14T13:49:16","guid":{"rendered":"https:\/\/www.europesays.com\/fr\/318726\/"},"modified":"2025-08-14T13:49:16","modified_gmt":"2025-08-14T13:49:16","slug":"trois-morts-plusieurs-regions-touchees-lue-appelee-a-laide-des-incendies-dampleur-ravagent-toujours-lespagne","status":"publish","type":"post","link":"https:\/\/www.europesays.com\/fr\/318726\/","title":{"rendered":"Trois morts, plusieurs r\u00e9gions touch\u00e9es, l&rsquo;UE appel\u00e9e \u00e0 l&rsquo;aide&#8230; Des incendies d&rsquo;ampleur ravagent toujours l&rsquo;Espagne"},"content":{"rendered":"<ul class=\"jsx-862013697 ArticleChapo__List\">\n<li class=\"jsx-862013697 ArticleChapo__List_Item flex\">De violents brasiers persistent en Espagne depuis douze jours d\u00e9j\u00e0 dans diff\u00e9rentes provinces, notamment dans le nord-ouest.<\/li>\n<li class=\"jsx-862013697 ArticleChapo__List_Item flex\">Trois personnes ont d\u00e9j\u00e0 perdu la vie, des bless\u00e9s sont \u00e0 d\u00e9plorer et plus de 10.000 personnes ont d\u00fb \u00eatre \u00e9vacu\u00e9es en urgence.<\/li>\n<li class=\"jsx-862013697 ArticleChapo__List_Item flex\">Onze incendies sont class\u00e9s en alerte 2 sur 4, poussant les autorit\u00e9s \u00e0 solliciter l&rsquo;aide europ\u00e9enne : la France a annonc\u00e9 l&rsquo;envoi de deux Canadair.<\/li>\n<\/ul>\n<p data-module=\"article-paragraph\" class=\"jsx-3046738180 Paragraph\">Le calvaire perdure depuis douze jours d\u00e9j\u00e0, \u00e9puisant les pompiers comme les habitants. Sous une chaleur \u00e9crasante, l&rsquo;Espagne est confront\u00e9e \u00e0 <a href=\"https:\/\/www.tf1info.fr\/meteo\/video-incendies-plusieurs-pays-d-europe-espagne-portugal-grece-luttent-contre-les-flammes-2388643.html\" target=\"_blank\" rel=\"noopener\">des incendies d&rsquo;ampleur (nouvelle fen\u00eatre)<\/a> qui ont d\u00e9j\u00e0 fait trois morts, et qui l&rsquo;ont pouss\u00e9e \u00e0 solliciter l&rsquo;aide de l&rsquo;Union europ\u00e9enne pour venir \u00e0 bout des flammes. La France va envoyer deux Canadair pour pr\u00eater main forte, tandis que les brasiers ont oblig\u00e9 les autorit\u00e9s \u00e0 \u00e9vacuer 10.700 personnes depuis le d\u00e9but de cet \u00e9pisode d&rsquo;incendies, selon le minist\u00e8re de l&rsquo;Int\u00e9rieur.<\/p>\n<p data-module=\"article-paragraph\" class=\"jsx-3046738180 Paragraph Paragraph__End\">Signe de la violence du sinistre, le bilan des victimes des flammes s&rsquo;est encore alourdi ce jeudi matin. Un volontaire, un homme de 36 ans, est d\u00e9c\u00e9d\u00e9 en tentant d&rsquo;\u00e9teindre un feu de for\u00eat dans la r\u00e9gion de Castille-et-Le\u00f3n, dans le nord-ouest de l&rsquo;Espagne, l&rsquo;une des zones qui concentrent les pr\u00e9occupations des autorit\u00e9s. Le Premier ministre Pedro S\u00e1nchez s&rsquo;est dit dans un message sur X \u00ab\u00a0profond\u00e9ment touch\u00e9\u00a0\u00bb par ce d\u00e9c\u00e8s, ajoutant que <a href=\"https:\/\/www.tf1info.fr\/meteo\/video-l-espagne-et-l-ecosse-en-proie-aux-flammes-les-images-impressionnantes-des-incendies-3262-2388153.html\" target=\"_blank\" rel=\"noopener\">\u00ab\u00a0la menace reste extr\u00eame\u00a0\u00bb en Espagne (nouvelle fen\u00eatre)<\/a>.\u00a0<\/p>\n<p>\u00ab\u00a0Tous les moyens sont mis en \u0153uvre\u00a0\u00bb, assure le Premier ministre<\/p>\n<p data-module=\"article-paragraph\" class=\"jsx-3046738180 Paragraph\">Mardi soir, un autre volontaire, \u00e2g\u00e9 de 35 ans, mourrait \u00e9galement en luttant contre un incendie dans la r\u00e9gion de Le\u00f3n. Le matin m\u00eame, un autre homme avait succomb\u00e9 \u00e0 ses blessures, des suites de ses graves br\u00fblures sur tout le corps, dans un feu de for\u00eat \u00e0 Tres Cantos cette fois, localit\u00e9 \u00e0 25 kilom\u00e8tres du centre de Madrid. D&rsquo;autres personnes ont \u00e9t\u00e9 bless\u00e9es dans cet incendie et se trouvent dans un \u00e9tat grave en raison de br\u00fblures.\u00a0<\/p>\n<p data-module=\"article-paragraph\" class=\"jsx-3046738180 Paragraph Paragraph__End\">\u00ab\u00a0Nous n&rsquo;oublions pas les bless\u00e9s ni les habitants qui souffrent des ravages du feu\u00a0\u00bb, a insist\u00e9 le Premier ministre espagnol. \u00ab\u00a0Tous les moyens du gouvernement sont mis en \u0153uvre pour faire face \u00e0 la situation difficile que traverse notre pays\u00a0\u00bb, a-t-il aussi appuy\u00e9, remerciant au passage les \u00ab\u00a0h\u00e9ros\u00a0\u00bb qui luttent contre les flammes.\u00a0<\/p>\n<p><a href=\"https:\/\/www.tf1info.fr\/international\/video-espagne-les-images-impressionnantes-de-l-incendie-meurtrier-de-madrid-2388290.html\" rel=\"noopener\" class=\"jsx-3308031228 Link flex\" target=\"_blank\"><img decoding=\"async\" src=\"https:\/\/www.europesays.com\/fr\/wp-content\/uploads\/2025\/08\/les-images-impressionnantes-de-l-incendie-meurtrier-de-madrid-68c0ad-0@1x.jpeg\" alt=\"Capture vid\u00e9o LCI\" loading=\"lazy\" importance=\"low\" fetchpriority=\"low\" class=\"\" aria-hidden=\"true\"\/><\/p>\n<p class=\"jsx-3657663356 ReadMoreArticle__Title\">Lire aussi<\/p>\n<p class=\"jsx-3657663356\">Espagne : les images impressionnantes de l&rsquo;incendie meurtrier de Madrid<\/p>\n<p><\/a><\/p>\n<p data-module=\"article-paragraph\" class=\"jsx-3046738180 Paragraph\">Au total, onze incendies sont class\u00e9s au niveau 2 (sur 4) et celui de Zamora (en Castille-et-L\u00e9on), \u00ab\u00a0o\u00f9 une superficie importante a br\u00fbl\u00e9 (&#8230;) inqui\u00e8te\u00a0\u00bb beaucoup, a d\u00e9clar\u00e9 \u00e0 la t\u00e9l\u00e9vision publique le ministre espagnol de l&rsquo;Int\u00e9rieur Fernando Grande-Marlaska. L&rsquo;alerte niveau 2 signifie un <a href=\"https:\/\/www.tf1info.fr\/international\/video-les-images-des-impressionnants-incendies-qui-frappent-l-espagne-et-menacent-un-site-classe-2388137.html\" target=\"_blank\" rel=\"noopener\">risque \u00e9lev\u00e9 d&rsquo;incendie (nouvelle fen\u00eatre)<\/a> et implique un d\u00e9ploiement de personnel suppl\u00e9mentaire, notamment militaire, et d&rsquo;\u00e9quipements de lutte contre le feu.<\/p>\n<p data-module=\"article-paragraph\" class=\"jsx-3046738180 Paragraph Paragraph__End\">Outre la Castille-et-L\u00e9on, la Galice (nord-ouest), la r\u00e9gion de Valence (est) et l&rsquo;Estr\u00e9madure (ouest) suscitent beaucoup d&rsquo;inqui\u00e9tudes, et une quinzaine d&rsquo;axes routiers sont coup\u00e9s, selon une carte de la Direction g\u00e9n\u00e9rale du Trafic (DGT). \u00ab\u00a0Cette nuit, les pires pronostics se sont r\u00e9alis\u00e9s\u00a0\u00bb, a \u00e9crit sur X Abel Bautista, un responsable du gouvernement r\u00e9gional d&rsquo;Extr\u00e9madure (ouest), pla\u00e7ant d\u00e9sormais toute la r\u00e9gion en alerte incendie 2 et demandant \u00e0 la population <a href=\"https:\/\/www.tf1info.fr\/meteo\/le-nord-ouest-de-l-espagne-en-alerte-a-cause-d-impressionnants-incendies-2388040.html\" target=\"_blank\" rel=\"noopener\">la \u00ab\u00a0prudence maximale\u00a0\u00bb (nouvelle fen\u00eatre)<\/a>. Les pompiers livrent une lutte acharn\u00e9e sous des temp\u00e9ratures \u00e9touffantes, d\u00e9passant les 30\u00b0C dans une large partie du pays.<\/p>\n<p>La France vient en aide pour une mission de \u00ab\u00a0deux jours\u00a0\u00bb<\/p>\n<p data-module=\"article-paragraph\" class=\"jsx-3046738180 Paragraph\">Face \u00e0 l&rsquo;urgence de la situation, le ministre Fernando Grande-Marlaska a r\u00e9clam\u00e9 \u00e0 l&rsquo;Union europ\u00e9enne deux Canadair. Son homologue fran\u00e7ais, Bruno Retailleau, a r\u00e9pondu \u00e0 l&rsquo;appel, annon\u00e7ant l&rsquo;envoi de deux <a href=\"https:\/\/www.tf1info.fr\/meteo\/video-reportage-canadairs-dash-helicopteres-bombardiers-quel-role-joue-chacun-d-eux-dans-la-lutte-contre-les-incendies-2381774.html\" target=\"_blank\" rel=\"noopener\">de ces avions sp\u00e9cialis\u00e9s dans la lutte contre les incendies (nouvelle fen\u00eatre)<\/a>. Dans un message post\u00e9 sur X, il a pr\u00e9cis\u00e9 que les avions d\u00e9colleraient dans la matin\u00e9e de la base de la S\u00e9curit\u00e9 civile de N\u00eemes pour une mission pr\u00e9vue \u00ab\u00a0pour durer deux jours\u00a0\u00bb.<\/p>\n<p data-module=\"article-paragraph\" class=\"jsx-3046738180 Paragraph Paragraph__End\">De son c\u00f4t\u00e9, l&rsquo;Union europ\u00e9enne a affirm\u00e9 jeudi travailler \u00ab\u00a0sans rel\u00e2che\u00a0\u00bb pour venir en aide aux pays en proie \u00e0 des incendies extr\u00eamement violents, dont l&rsquo;Espagne, via le m\u00e9canisme europ\u00e9en de protection civile. Bruxelles est responsable de coordonner l&rsquo;aide entre les pays sur ce dossier : tr\u00e8s concr\u00e8tement, \u00ab\u00a0les autres \u00c9tats membres offrent leur aide, et nous prenons en charge le co\u00fbt de ces op\u00e9rations\u00a0\u00bb, a expliqu\u00e9 une porte-parole de la Commission europ\u00e9enne, Eva Hrncirova. Des avions sont stationn\u00e9s \u00ab\u00a0un peu partout en Europe\u00a0\u00bb et peuvent se rendre \u00ab\u00a0l\u00e0 o\u00f9 leur pr\u00e9sence est n\u00e9cessaire\u00a0\u00bb, a-t-elle pr\u00e9cis\u00e9.\u00a0<\/p>\n<p><a href=\"https:\/\/www.tf1info.fr\/international\/reportage-video-l-europe-s-embrase-comment-les-pays-joignent-leurs-forces-contre-les-incendies-de-l-ete-espagne-albanie-portugal-2388206.html\" rel=\"noopener\" class=\"jsx-3308031228 Link flex\" target=\"_blank\"><img decoding=\"async\" src=\"https:\/\/www.europesays.com\/fr\/wp-content\/uploads\/2025\/08\/canadair-incendie-feu-aude-06-aout-2025-9f2210-0@1x.jpeg\" alt=\"AFP\" loading=\"lazy\" importance=\"low\" fetchpriority=\"low\" class=\"\" aria-hidden=\"true\"\/><\/p>\n<p class=\"jsx-3657663356 ReadMoreArticle__Title\">Lire aussi<\/p>\n<p class=\"jsx-3657663356\">L&rsquo;Europe s&#8217;embrase : comment les pays joignent leurs forces contre les incendies de l&rsquo;\u00e9t\u00e9 ?<\/p>\n<p><\/a><\/p>\n<p data-module=\"article-paragraph\" class=\"jsx-3046738180 Paragraph\">Pays en premi\u00e8re ligne du r\u00e9chauffement climatique en Europe, l&rsquo;Espagne est habitu\u00e9e aux temp\u00e9ratures extr\u00eames, mais elle fait face depuis quelques ann\u00e9es \u00e0 une <a href=\"https:\/\/www.tf1info.fr\/international\/jusqu-a-40-c-fin-mai-l-espagne-se-prepare-a-un-episode-de-chaleur-inedit-depuis-1950-a-cette-periode-2373565.html\" target=\"_blank\" rel=\"noopener\">multiplication et une intensification des vagues de chaleurs (nouvelle fen\u00eatre)<\/a>. Depuis le d\u00e9but de l&rsquo;ann\u00e9e, plus de 148.000 hectares sont partis en fum\u00e9e dans ce pays, selon le Syst\u00e8me europ\u00e9en d&rsquo;information sur les Feux de for\u00eat (EFFIS), et 200 incendies ont \u00e9t\u00e9 enregistr\u00e9s.<\/p>\n<p data-module=\"article-paragraph\" class=\"jsx-3046738180 Paragraph Paragraph__End\">Plusieurs autres pays de l&rsquo;Europe du Sud se retrouvent \u00e9galement en proie aux flammes ces derniers jours. Au Portugal voisin, une quinzaine de moyens a\u00e9riens sont mobilis\u00e9s pour combattre quatre importants feux de for\u00eat dans le nord et le centre du pays. En Gr\u00e8ce, o\u00f9 20.000 hectares ont \u00e9t\u00e9 d\u00e9truits par le feu depuis juin, les pompiers sont parvenus \u00e0 circonscrire l&rsquo;incendie qui mena\u00e7ait Patras, troisi\u00e8me plus grande ville du pays, mais ailleurs dans le pays, des bombardiers d&rsquo;eau luttaient sur trois autres fronts. Dans les Balkans, les incendies ont tu\u00e9 au moins deux personnes, et entra\u00een\u00e9 l&rsquo;\u00e9vacuation de milliers d&rsquo;habitants.<\/p>\n<p>M.L. avec AFP<\/p>\n","protected":false},"excerpt":{"rendered":"De violents brasiers persistent en Espagne depuis douze jours d\u00e9j\u00e0 dans diff\u00e9rentes provinces, notamment dans le nord-ouest. Trois&hellip;\n","protected":false},"author":2,"featured_media":318727,"comment_status":"","ping_status":"","sticky":false,"template":"","format":"standard","meta":{"footnotes":""},"categories":[1586],"tags":[1111,11,1921,1013,4734,1129,123,1777,674,1779,1011,27,1310,1922,12,122,25,1778,364,133,5737],"class_list":{"0":"post-318726","1":"post","2":"type-post","3":"status-publish","4":"format-standard","5":"has-post-thumbnail","7":"category-europe","8":"tag-actu","9":"tag-actualites","10":"tag-article-video","11":"tag-bruno-retailleau","12":"tag-changement-climatique","13":"tag-climat","14":"tag-espagne","15":"tag-eu","16":"tag-europe","17":"tag-european-union","18":"tag-fr","19":"tag-france","20":"tag-incendie","21":"tag-info","22":"tag-news","23":"tag-pedro-sanchez","24":"tag-republique-francaise","25":"tag-ue","26":"tag-union-europeenne","27":"tag-video","28":"tag-video-environnement"},"share_on_mastodon":{"url":"https:\/\/pubeurope.com\/@fr\/115027441450367140","error":""},"_links":{"self":[{"href":"https:\/\/www.europesays.com\/fr\/wp-json\/wp\/v2\/posts\/318726","targetHints":{"allow":["GET"]}}],"collection":[{"href":"https:\/\/www.europesays.com\/fr\/wp-json\/wp\/v2\/posts"}],"about":[{"href":"https:\/\/www.europesays.com\/fr\/wp-json\/wp\/v2\/types\/post"}],"author":[{"embeddable":true,"href":"https:\/\/www.europesays.com\/fr\/wp-json\/wp\/v2\/users\/2"}],"replies":[{"embeddable":true,"href":"https:\/\/www.europesays.com\/fr\/wp-json\/wp\/v2\/comments?post=318726"}],"version-history":[{"count":0,"href":"https:\/\/www.europesays.com\/fr\/wp-json\/wp\/v2\/posts\/318726\/revisions"}],"wp:featuredmedia":[{"embeddable":true,"href":"https:\/\/www.europesays.com\/fr\/wp-json\/wp\/v2\/media\/318727"}],"wp:attachment":[{"href":"https:\/\/www.europesays.com\/fr\/wp-json\/wp\/v2\/media?parent=318726"}],"wp:term":[{"taxonomy":"category","embeddable":true,"href":"https:\/\/www.europesays.com\/fr\/wp-json\/wp\/v2\/categories?post=318726"},{"taxonomy":"post_tag","embeddable":true,"href":"https:\/\/www.europesays.com\/fr\/wp-json\/wp\/v2\/tags?post=318726"}],"curies":[{"name":"wp","href":"https:\/\/api.w.org\/{rel}","templated":true}]}}