{"id":318728,"date":"2025-08-14T13:50:13","date_gmt":"2025-08-14T13:50:13","guid":{"rendered":"https:\/\/www.europesays.com\/fr\/318728\/"},"modified":"2025-08-14T13:50:13","modified_gmt":"2025-08-14T13:50:13","slug":"les-taxes-sur-le-deuil-vont-enfin-etre-plafonnees-et-on-sait-a-combien","status":"publish","type":"post","link":"https:\/\/www.europesays.com\/fr\/318728\/","title":{"rendered":"Les \u00ab\u00a0taxes sur le deuil\u00a0\u00bb vont enfin \u00eatre plafonn\u00e9es et on sait \u00e0 combien"},"content":{"rendered":"<p>        <img decoding=\"async\" loading=\"lazy\" src=\"https:\/\/www.europesays.com\/fr\/wp-content\/uploads\/2025\/08\/6af7c11_upload-1-fcmzk8o46vsk-pexels-mikebirdy-116909.jpg\"  width=\"728\" height=\"410\" alt=\"Les \u00ab\u00a0taxes sur le deuil\u00a0\u00bb vont enfin \u00eatre plafond et on sait \u00e0 combien. (photo d\u2019illustration)\"\/>  <\/p>\n<p>Mike Blrd Pexels<\/p>\n<p>Les \u00ab\u00a0taxes sur le deuil\u00a0\u00bb vont enfin \u00eatre plafond et on sait \u00e0 combien. (photo d\u2019illustration)<\/p>\n<p class=\"asset asset-text\">SUCCESSION &#8211; \u00c9volution autour des \u00ab\u00a0taxes sur le deuil\u00a0\u00bb. Les frais appliqu\u00e9s par les <a href=\"https:\/\/www.huffingtonpost.fr\/economie\/article\/avez-vous-plus-ou-moins-que-la-moyenne-nationale-sur-votre-compte-courant_252759.html\" rel=\"nofollow noopener\" target=\"_blank\">banques<\/a> pour les op\u00e9rations sur le compte d\u2019un d\u00e9funt ne pourront d\u00e9sormais d\u00e9passer 850\u00a0euros, selon un d\u00e9cret publi\u00e9 ce jeudi 14\u00a0ao\u00fbt au Journal officiel apr\u00e8s le vote d\u2019une loi sur le sujet en mai.<\/p>\n<p class=\"asset asset-text\">Ce texte avait d\u00e9j\u00e0 interdit aux banques d\u2019appliquer \u00e0 partir du 13\u00a0novembre\u00a02025 des frais &#8211; par exemple pour cl\u00f4turer un livret &#8211; si le d\u00e9funt \u00e9tait mineur, si le solde total des comptes \u00e9tait inf\u00e9rieur \u00e0 un certain seuil, pour l\u2019heure fix\u00e9 \u00e0 5\u00a0910\u00a0euros, ou dans le cas des successions les plus simples.<\/p>\n<p class=\"asset asset-text\">Pour les successions plus \u00ab\u00a0complexes\u00a0\u00bb, par exemple lorsque le d\u00e9funt avait un cr\u00e9dit immobilier ou n\u2019avait pas d\u2019h\u00e9ritier d\u00e9sign\u00e9, la loi avait autoris\u00e9 que des frais soient factur\u00e9s mais avait fix\u00e9 un premier plafond \u00e0 1\u00a0% du montant des sommes d\u00e9tenues.<\/p>\n<p>    Un cas m\u00e9diatis\u00e9 en 2021\u00a0apr\u00e8s la mort d\u2019un enfant de 8\u00a0ans    <\/p>\n<p class=\"asset asset-text\">Le d\u00e9cret publi\u00e9 jeudi le restreint encore plus\u00a0: dans tous les cas, les frais ne pourront pas d\u00e9passer 850\u00a0euros, y compris donc si 1\u00a0% des sommes d\u00e9tenues d\u00e9passaient ce montant. Cette limite sera r\u00e9\u00e9valu\u00e9e chaque ann\u00e9e pour suivre l\u2019inflation.<\/p>\n<p class=\"asset asset-text\">Le Parlement avait d\u00e9finitivement adopt\u00e9 en mai cette loi propos\u00e9e par la d\u00e9put\u00e9e socialiste Christine Pir\u00e8s Beaune et soutenue par le gouvernement.<\/p>\n<p class=\"asset asset-text\">Cette initiative faisait notamment suite au cas m\u00e9diatis\u00e9 de parents devant d\u00e9bourser 138\u00a0euros pour cl\u00f4turer le <a href=\"https:\/\/www.huffingtonpost.fr\/economie\/article\/taux-du-livret-a-voici-la-nouvelle-remuneration-du-compte-epargne-au-1er-aout-apres-une-baisse-drastique_252656.html\" rel=\"nofollow noopener\" target=\"_blank\">livret A<\/a> de leur enfant de 8\u00a0ans d\u00e9c\u00e9d\u00e9 en 2021.<\/p>\n<p class=\"asset asset-text\">Apr\u00e8s le vote de la loi, la ministre d\u00e9l\u00e9gu\u00e9e au commerce et \u00e0 l\u2019\u00e9conomie sociale et solidaire V\u00e9ronique Louwagie avait salu\u00e9 \u00ab\u00a0une avanc\u00e9e pour prot\u00e9ger les familles et assurer la confiance dans le syst\u00e8me bancaire\u00a0\u00bb. \u00ab\u00a0\u00c0 la peine de l\u2019absence ne doivent pas s\u2019ajouter des frais bancaires excessifs, souvent mal compris et peu lisibles\u00a0\u00bb, avait-elle ajout\u00e9.<\/p>\n","protected":false},"excerpt":{"rendered":"Mike Blrd Pexels Les \u00ab\u00a0taxes sur le deuil\u00a0\u00bb vont enfin \u00eatre plafond et on sait \u00e0 combien. (photo&hellip;\n","protected":false},"author":2,"featured_media":318729,"comment_status":"","ping_status":"","sticky":false,"template":"","format":"standard","meta":{"footnotes":""},"categories":[2],"tags":[11,523,1362,33,1011,27,6968,12,25,2549],"class_list":{"0":"post-318728","1":"post","2":"type-post","3":"status-publish","4":"format-standard","5":"has-post-thumbnail","7":"category-actualites","8":"tag-actualites","9":"tag-banque","10":"tag-deuil","11":"tag-economie","12":"tag-fr","13":"tag-france","14":"tag-mortalite","15":"tag-news","16":"tag-republique-francaise","17":"tag-taxe"},"share_on_mastodon":{"url":"https:\/\/pubeurope.com\/@fr\/115027445313757644","error":""},"_links":{"self":[{"href":"https:\/\/www.europesays.com\/fr\/wp-json\/wp\/v2\/posts\/318728","targetHints":{"allow":["GET"]}}],"collection":[{"href":"https:\/\/www.europesays.com\/fr\/wp-json\/wp\/v2\/posts"}],"about":[{"href":"https:\/\/www.europesays.com\/fr\/wp-json\/wp\/v2\/types\/post"}],"author":[{"embeddable":true,"href":"https:\/\/www.europesays.com\/fr\/wp-json\/wp\/v2\/users\/2"}],"replies":[{"embeddable":true,"href":"https:\/\/www.europesays.com\/fr\/wp-json\/wp\/v2\/comments?post=318728"}],"version-history":[{"count":0,"href":"https:\/\/www.europesays.com\/fr\/wp-json\/wp\/v2\/posts\/318728\/revisions"}],"wp:featuredmedia":[{"embeddable":true,"href":"https:\/\/www.europesays.com\/fr\/wp-json\/wp\/v2\/media\/318729"}],"wp:attachment":[{"href":"https:\/\/www.europesays.com\/fr\/wp-json\/wp\/v2\/media?parent=318728"}],"wp:term":[{"taxonomy":"category","embeddable":true,"href":"https:\/\/www.europesays.com\/fr\/wp-json\/wp\/v2\/categories?post=318728"},{"taxonomy":"post_tag","embeddable":true,"href":"https:\/\/www.europesays.com\/fr\/wp-json\/wp\/v2\/tags?post=318728"}],"curies":[{"name":"wp","href":"https:\/\/api.w.org\/{rel}","templated":true}]}}