{"id":318733,"date":"2025-08-14T13:53:10","date_gmt":"2025-08-14T13:53:10","guid":{"rendered":"https:\/\/www.europesays.com\/fr\/318733\/"},"modified":"2025-08-14T13:53:10","modified_gmt":"2025-08-14T13:53:10","slug":"le-cherbourgeois-augustin-hole-joue-aux-cotes-dune-legende-du-golf-francais","status":"publish","type":"post","link":"https:\/\/www.europesays.com\/fr\/318733\/","title":{"rendered":"Le Cherbourgeois Augustin Hol\u00e9 joue aux c\u00f4t\u00e9s d&rsquo;une l\u00e9gende du golf fran\u00e7ais"},"content":{"rendered":"<p>            Par<br \/>\n        <strong><br \/>\n            <a href=\"https:\/\/actu.fr\/auteur\/redaction-pressemanche\" title=\"Consulter tous les articles de R\u00e9daction La Presse de la Manche\" rel=\"nofollow noopener\" target=\"_blank\">R\u00e9daction La Presse de la Manche<\/a><br \/>\n        <\/strong><\/p>\n<p>        Publi\u00e9 le<\/p>\n<p>            14 ao\u00fbt 2025 \u00e0 8h02        <\/p>\n<p>R\u00e9cent cinqui\u00e8me de la<b> Biarritz Cup<\/b> qui se d\u00e9roulait <b>du 25 au 27 juillet 2025<\/b>, le natif de <a href=\"https:\/\/actu.fr\/normandie\/cherbourg-en-cotentin_50129\" rel=\"nofollow noopener\" target=\"_blank\">Cherbourg<\/a> (Manche) <a href=\"https:\/\/actu.fr\/normandie\/cherbourg-en-cotentin_50129\/golf-le-cherbourgeois-augustin-hole-vainqueur-d-une-epreuve-du-circuit-francais_60954837.html\" rel=\"nofollow noopener\" target=\"_blank\">Augustin Hol\u00e9<\/a> a pu y croiser l\u2019<b>un des plus grands noms de l\u2019histoire du golf tricolore<\/b> : <b>Victor Dubuisson<\/b>, l\u2019<b>ancien 17e joueur mondial<\/b>.<\/p>\n<blockquote class=\"ac-article-quote wall-content\">\n<p>On a pass\u00e9 trois jours \u00e0 jouer ensemble, c\u2019\u00e9tait vraiment une tr\u00e8s bonne exp\u00e9rience.<\/p>\n<p>Augustin Hol\u00e9<\/p><\/blockquote>\n<p class=\" wall-content\">En plus du vainqueur de la Ryder Cup 2014, Augustin, qui joue sur le circuit de 3e division europ\u00e9enne, l\u2019Alps Tour, a pu se mesurer \u00ab\u00a0au meilleur plateau de l\u2019ann\u00e9e jusqu\u2019\u00e0 maintenant\u00a0\u00bb, constitu\u00e9 de 60 amateurs et 60 professionnels, dont Julien Quesne, qui a repr\u00e9sent\u00e9 la France aux JO de Rio 2016, faisait partie.<\/p>\n<p>Vainqueur de la Ryder Cup 2014<\/p>\n<p class=\" wall-content\">Alors qu\u2019il avait mis <b>fin \u00e0 sa carri\u00e8re professionnelle en 2023<\/b>, Victor Dubuisson n\u2019a pas perdu grand-chose de ses <b>swings <\/b>et de ses <b>putts <\/b>: c\u2019est lui qui s\u2019est impos\u00e9.<\/p>\n<blockquote class=\"ac-article-quote wall-content\">\n<p>C\u2019est super d\u2019avoir pu apprendre aupr\u00e8s de l\u2019un des meilleurs joueurs du monde.<\/p>\n<p>Augustin Hol\u00e9<\/p><\/blockquote>\n<p class=\" wall-content\"><a href=\"https:\/\/www.instagram.com\/p\/DMp29wctA8R\/embed\" title=\"Ouvrir le lien sur Instagram\" rel=\"nofollow noopener\" target=\"_blank\">Visualiser le contenu sur Instagram<\/a><\/p>\n<p class=\" wall-content\">Star du tournoi, Dubuisson avait de <b>nombreux admirateurs <\/b>: \u00ab\u00a0On avait parfois 400 voire 500 personnes qui nous suivaient ! On ne voit jamais \u00e7a sur l\u2019Alps Tour\u00a0\u00bb. Aupr\u00e8s de l\u2019ancien n\u00b01 mondial amateur, Augustin Hol\u00e9 a pris de<b> pr\u00e9cieux conseils<\/b>.<\/p>\n<p class=\" wall-content\">\u00ab\u00a0Il m\u2019a donn\u00e9 des pistes sur la hauteur de mes balles par exemple. Globalement, il a un tr\u00e8s bon oeil sur les d\u00e9tails, des choses presqu\u2019invisibles de l\u2019ext\u00e9rieur\u00a0\u00bb, explique le fr\u00e8re de Juliette Hol\u00e9, figure montante du golf tricolore.<\/p>\n<p><a class=\"jo-module-caroussel__img-container\" href=\"https:\/\/static.actu.fr\/uploads\/2025\/08\/a98b8a45ec9869d8b8a45ec98619b8v-1.jpeg\" title=\"Agrandir la photo Ne jamais oublier de prendre un selfie avec une star ! (Victor Dubuisson au centre, Augustin Hol\u00e9 \u00e0 droite) (\u00a9 Document transmis \u00e0 La Presse de la Manche)\" data-idx=\"1\" rel=\"nofollow noopener\" target=\"_blank\"><br \/>\n    <img decoding=\"async\" class=\"jo-module-caroussel__img\" loading=\"lazy\" src=\"https:\/\/www.europesays.com\/fr\/wp-content\/uploads\/2025\/08\/a98b8a45ec9869d8b8a45ec98619b8v-1-640x427.jpeg\" alt=\"Ne jamais oublier de prendre un selfie avec une star ! (Victor Dubuisson au centre, Augustin Hol\u00e9 \u00e0 droite) (\u00a9 Document transmis \u00e0 La Presse de la Manche)\" width=\"640\" height=\"427\"\/><\/a><a class=\"jo-module-caroussel__img-container\" href=\"https:\/\/static.actu.fr\/uploads\/2025\/08\/785a8d05ec9869c5a8d05ec98706a8v-1.jpeg\" title=\"Agrandir la photo Les deux hommes se sont affront\u00e9s dans la bonne humeur. (\u00a9 Document transmis \u00e0 La Presse de la Manche)\" data-idx=\"2\" rel=\"nofollow noopener\" target=\"_blank\"><br \/>\n    <img decoding=\"async\" class=\"jo-module-caroussel__img\" loading=\"lazy\" src=\"https:\/\/www.europesays.com\/fr\/wp-content\/uploads\/2025\/08\/785a8d05ec9869c5a8d05ec98706a8v-1-640x427.jpeg\" alt=\"Les deux hommes se sont affront\u00e9s dans la bonne humeur. (\u00a9 Document transmis \u00e0 La Presse de la Manche)\" width=\"640\" height=\"427\"\/><\/a><\/p>\n<p class=\" wall-content\">Encore ex-aequo avec le vainqueur du tournoi avant le dernier jour de la Biarritz Cup, il \u00e9tait ravi de ses \u00e9changes avec celui qui fut le <b>porte-\u00e9tendard du golf fran\u00e7ais<\/b>.<\/p>\n<blockquote class=\"ac-article-quote wall-content\">\n<p>Avec moi, il a \u00e9t\u00e9 super accessible, on a parl\u00e9 de tout ! De golf, mais aussi de p\u00eache par exemple, c\u2019est un fin connaisseur.<\/p>\n<p>Augustin Hol\u00e9<\/p><\/blockquote>\n<p>\u00ab\u00a0Parfois 400 voire 500 personnes qui nous suivaient !\u00a0\u00bb<\/p>\n<p class=\" wall-content\"><b>Professionnel depuis plusieurs ann\u00e9es d\u00e9j\u00e0<\/b>, il ne compte pas s\u2019arr\u00eater l\u00e0. Du haut de ses<b> 28 ans<\/b>, il compte <b>monter les \u00e9chelons<\/b>, europ\u00e9ens d\u2019abord. \u00ab\u00a0Je vise plus loin. \u00c0 court terme, je veux gagner mes droits de jeu pour la deuxi\u00e8me division europ\u00e9enne. C\u2019est mon objectif pour la fin de l\u2019ann\u00e9e. \u00c7a fait trois saisons que j\u2019en suis proche, je pense que j\u2019ai le niveau\u00a0\u00bb, clame-t-il.<\/p>\n<p class=\" wall-content\">Pour mener \u00e0 bien ce projet, Augustin Hol\u00e9 a encore sept tournois \u00e0 disputer d\u2019ici d\u00e9cembre, dont quatre tournoi en Alps Tour et surtout les qualifications au Tour Europ\u00e9en, qui d\u00e9marrent mi-septembre, \u00ab\u00a0et l\u00e0 il va falloir \u00eatre pr\u00eat\u00a0\u00bb, pr\u00e9vient-il. C\u2019est l\u2019<b>objectif majeur <\/b>de sa saison, dans lequel il esp\u00e8re aller le plus loin possible, comme partout o\u00f9 il sort ses clubs, serait-on tent\u00e9s de dire.<\/p>\n<p class=\" wall-content\"><b>\u00c9mile S\u00c9N\u00c9CAL<\/b><\/p>\n<p class=\" wall-content\">Suivez toute l\u2019actualit\u00e9 de vos villes et m\u00e9dias favoris en vous inscrivant \u00e0 <a href=\"https:\/\/moncompte.actu.fr\" title=\"D\u00e9couvez Mon Actu\" rel=\"nofollow noopener\" data-trk=\"{&quot;cta&quot;:{&quot;action&quot;:&quot;https:\\\/\\\/moncompte.actu.fr&quot;,&quot;category&quot;:&quot;mon compte&quot;,&quot;from&quot;:&quot;article footer&quot;,&quot;name&quot;:&quot;Mon actu&quot;,&quot;type&quot;:&quot;cta&quot;}}\" target=\"_blank\">Mon Actu<\/a>.<\/p>\n<p>                    <script async src=\"\/\/www.instagram.com\/embed.js\"><\/script><\/p>\n","protected":false},"excerpt":{"rendered":"Par R\u00e9daction La Presse de la Manche Publi\u00e9 le 14 ao\u00fbt 2025 \u00e0 8h02 R\u00e9cent cinqui\u00e8me de la&hellip;\n","protected":false},"author":2,"featured_media":318734,"comment_status":"","ping_status":"","sticky":false,"template":"","format":"standard","meta":{"footnotes":""},"categories":[1418],"tags":[3168,1011,27,1472,60],"class_list":{"0":"post-318733","1":"post","2":"type-post","3":"status-publish","4":"format-standard","5":"has-post-thumbnail","7":"category-golf","8":"tag-cotentin","9":"tag-fr","10":"tag-france","11":"tag-golf","12":"tag-sports"},"share_on_mastodon":{"url":"https:\/\/pubeurope.com\/@fr\/115027457064562994","error":""},"_links":{"self":[{"href":"https:\/\/www.europesays.com\/fr\/wp-json\/wp\/v2\/posts\/318733","targetHints":{"allow":["GET"]}}],"collection":[{"href":"https:\/\/www.europesays.com\/fr\/wp-json\/wp\/v2\/posts"}],"about":[{"href":"https:\/\/www.europesays.com\/fr\/wp-json\/wp\/v2\/types\/post"}],"author":[{"embeddable":true,"href":"https:\/\/www.europesays.com\/fr\/wp-json\/wp\/v2\/users\/2"}],"replies":[{"embeddable":true,"href":"https:\/\/www.europesays.com\/fr\/wp-json\/wp\/v2\/comments?post=318733"}],"version-history":[{"count":0,"href":"https:\/\/www.europesays.com\/fr\/wp-json\/wp\/v2\/posts\/318733\/revisions"}],"wp:featuredmedia":[{"embeddable":true,"href":"https:\/\/www.europesays.com\/fr\/wp-json\/wp\/v2\/media\/318734"}],"wp:attachment":[{"href":"https:\/\/www.europesays.com\/fr\/wp-json\/wp\/v2\/media?parent=318733"}],"wp:term":[{"taxonomy":"category","embeddable":true,"href":"https:\/\/www.europesays.com\/fr\/wp-json\/wp\/v2\/categories?post=318733"},{"taxonomy":"post_tag","embeddable":true,"href":"https:\/\/www.europesays.com\/fr\/wp-json\/wp\/v2\/tags?post=318733"}],"curies":[{"name":"wp","href":"https:\/\/api.w.org\/{rel}","templated":true}]}}