{"id":318739,"date":"2025-08-14T13:58:12","date_gmt":"2025-08-14T13:58:12","guid":{"rendered":"https:\/\/www.europesays.com\/fr\/318739\/"},"modified":"2025-08-14T13:58:12","modified_gmt":"2025-08-14T13:58:12","slug":"moins-sollicite-zarco-est-decide-a-redevenir-competitif","status":"publish","type":"post","link":"https:\/\/www.europesays.com\/fr\/318739\/","title":{"rendered":"Moins sollicit\u00e9, Zarco est d\u00e9cid\u00e9 \u00e0 \u00ab\u00a0redevenir comp\u00e9titif\u00a0\u00bb"},"content":{"rendered":"<p>C&rsquo;est aur\u00e9ol\u00e9 d&rsquo;une <a href=\"https:\/\/fr.motorsport.com\/EWC\/news\/zarco-honda-remporter-8h-suzuka-2025\/10748029\/\" target=\"_self\" rel=\"noopener\">deuxi\u00e8me victoire cons\u00e9cutive aux 8 Heures de Suzuka<\/a> que <a href=\"https:\/\/fr.motorsport.com\/driver\/johann-zarco\/96107\/\" target=\"_blank\" rel=\"noopener\">Johann Zarco<\/a> fait son retour dans le paddock MotoGP pour la deuxi\u00e8me partie de saison. Ravi de cette exp\u00e9rience et de la contribution qu&rsquo;il apporte \u00e0 Honda, le Fran\u00e7ais admet tout de m\u00eame que le rythme de ces derni\u00e8res semaines a parfois \u00e9t\u00e9 \u00e9prouvant, et se r\u00e9jouit de pouvoir maintenant se concentrer uniquement sur la suite de sa saison.\u00a0<\/p>\n<p>\u00ab\u00a0J&rsquo;aurais aim\u00e9 avoir un peu plus de temps, mais j&rsquo;aime ce que j&rsquo;ai fait\u00a0\u00bb, assure-t-il \u00e0 son arriv\u00e9e au Red Bull Ring pour le Grand Prix d&rsquo;Autriche. \u00ab\u00a0C&rsquo;est toujours une chouette exp\u00e9rience, et c&rsquo;est important pour Honda. Je suis content de devenir ce bon mec pour eux. J&rsquo;ai eu un peu de temps pour essayer de me reposer et de m&rsquo;entra\u00eener, parce que c&rsquo;est dur de faire les deux choses en m\u00eame temps.\u00a0\u00bb <\/p>\n<p>\u00ab\u00a0Je suis content de retrouver l&#8217;emploi du temps du MotoGP, et ce sera encore mieux de retrouver mon propre emploi du temps, de retrouver une meilleure condition physique, de redevenir comp\u00e9titif sur la moto, car mes derniers Grands Prix avant la pause estivale n&rsquo;\u00e9taient pas bons du tout, en raison de mauvais choix ou d&rsquo;erreurs, et c&rsquo;est dur de tout faire \u00e0 la fois. Pour la deuxi\u00e8me partie de saison, je peux maintenant d\u00e9dier mon \u00e2me et mon esprit au MotoGP et \u00e0 mon \u00e9quipe.\u00a0\u00bb<\/p>\n<p>\u00ab\u00a0C&rsquo;est toujours bien de tester une moto diff\u00e9rente, de voir comment les choses peuvent changer dans le style de pilotage, et aussi de voir diff\u00e9rents pilotes avec des comp\u00e9tences diff\u00e9rentes. C&rsquo;est une mani\u00e8re d&rsquo;\u00eatre plus ouvert d&rsquo;esprit pour le reste de la saison, parce que quand tu fais autant de courses d&rsquo;affil\u00e9e et que tu as des probl\u00e8mes, des probl\u00e8mes et encore des probl\u00e8mes, il faut s&rsquo;en extraire pour voir une autre mani\u00e8re de faire.\u00a0\u00bb<\/p>\n<p>La donne ne change pas : \u00ab\u00a0Attaquer sans tomber\u00a0\u00bb<br \/>\n   <img decoding=\"async\" draggable=\"false\" src=\"https:\/\/www.europesays.com\/fr\/wp-content\/uploads\/2025\/08\/johann-zarco-team-lcr-honda.jpg\" alt=\"Johann Zarco veut mettre de c\u00f4t\u00e9 sa mauvaise spirale du d\u00e9but d'\u00e9t\u00e9.\" width=\"1200\" height=\"800\" loading=\"lazy\"\/> <\/p>\n<p class=\"title\">Johann Zarco veut mettre de c\u00f4t\u00e9 sa mauvaise spirale du d\u00e9but d&rsquo;\u00e9t\u00e9.<\/p>\n<p class=\"photographer\">Photo de: Gold and Goose Photography \/ LAT Images \/ via Getty Images<\/p>\n<p>Depuis sa victoire en France et son podium \u00e0 Silverstone, Johann Zarco a en effet <a href=\"https:\/\/fr.motorsport.com\/motogp\/standings\/2025\/\" target=\"_blank\" rel=\"noopener\">encha\u00een\u00e9 les d\u00e9sillusions<\/a> tout au long des cinq Grands Pris suivants, et surtout les chutes.\u00a0<\/p>\n<p>\u00ab\u00a0La plupart du temps, je suis tomb\u00e9 en essais, et apr\u00e8s j&rsquo;essayais de finir les courses\u00a0\u00bb, explique-t-il. \u00ab\u00a0Je pense que l&rsquo;on a un tr\u00e8s bon avant sur cette moto, mais en essais, quand je tente d&rsquo;aller en chercher un peu plus, si c&rsquo;est le seul bon point, quand on essaie de l&rsquo;utiliser davantage que ce que l&rsquo;on devrait, \u00e7a explique mes chutes.\u00a0\u00bb<\/p>\n<p>Pas de quoi justifier pour autant une approche plus prudente : \u00ab\u00a0Non, car on doit attaquer. C&rsquo;est notre boulot, l&rsquo;objectif est d&rsquo;attaquer sans tomber. La derni\u00e8re remonte aux qualifications en R\u00e9publique tch\u00e8que, et je sais pourquoi je suis tomb\u00e9, peut-\u00eatre que j&rsquo;aurais pu l&rsquo;\u00e9viter, donc j&rsquo;essaierai d&rsquo;en tirer les le\u00e7ons.\u00a0\u00bb<\/p>\n<p>Sur le Red Bull Ring, le pilote tricolore disposera d&rsquo;une Honda \u00e9quip\u00e9e d&rsquo;une nouvelle pi\u00e8ce, sans autre nouveaut\u00e9 majeure a priori. \u00ab\u00a0Nous avons un plan ici en Autriche, et l&rsquo;\u00e9l\u00e9ment principal que nous aurons ici sera un car\u00e9nage diff\u00e9rent, et j&rsquo;esp\u00e8re que \u00e7a nous aidera \u00e0 faire un pas en avant\u00a0\u00bb, pr\u00e9cise-t-il.<\/p>\n<p>Lire aussi :<\/p>\n<p>Dans cet article<\/p>\n<p>Soyez le premier inform\u00e9 et souscrivez aux alertes mails pour recevoir les infos en temps r\u00e9el<\/p>\n<p>    S&rsquo;abonner aux alertes de news<\/p>\n","protected":false},"excerpt":{"rendered":"C&rsquo;est aur\u00e9ol\u00e9 d&rsquo;une deuxi\u00e8me victoire cons\u00e9cutive aux 8 Heures de Suzuka que Johann Zarco fait son retour dans&hellip;\n","protected":false},"author":2,"featured_media":318740,"comment_status":"","ping_status":"","sticky":false,"template":"","format":"standard","meta":{"footnotes":""},"categories":[1413],"tags":[1011,27,34489,1741,45696,1457,1456,1458,34490,60,3771,45697],"class_list":{"0":"post-318739","1":"post","2":"type-post","3":"status-publish","4":"format-standard","5":"has-post-thumbnail","7":"category-moto","8":"tag-fr","9":"tag-france","10":"tag-gp-dautriche","11":"tag-johann-zarco","12":"tag-moins-sollicitu00e9","13":"tag-moto","14":"tag-motocycle","15":"tag-motogp","16":"tag-red-bull-ring","17":"tag-sports","18":"tag-team-lcr","19":"tag-zarco-est-du00e9cidu00e9-u00e0-redevenir-compu00e9titif"},"share_on_mastodon":{"url":"https:\/\/pubeurope.com\/@fr\/115027476721761530","error":""},"_links":{"self":[{"href":"https:\/\/www.europesays.com\/fr\/wp-json\/wp\/v2\/posts\/318739","targetHints":{"allow":["GET"]}}],"collection":[{"href":"https:\/\/www.europesays.com\/fr\/wp-json\/wp\/v2\/posts"}],"about":[{"href":"https:\/\/www.europesays.com\/fr\/wp-json\/wp\/v2\/types\/post"}],"author":[{"embeddable":true,"href":"https:\/\/www.europesays.com\/fr\/wp-json\/wp\/v2\/users\/2"}],"replies":[{"embeddable":true,"href":"https:\/\/www.europesays.com\/fr\/wp-json\/wp\/v2\/comments?post=318739"}],"version-history":[{"count":0,"href":"https:\/\/www.europesays.com\/fr\/wp-json\/wp\/v2\/posts\/318739\/revisions"}],"wp:featuredmedia":[{"embeddable":true,"href":"https:\/\/www.europesays.com\/fr\/wp-json\/wp\/v2\/media\/318740"}],"wp:attachment":[{"href":"https:\/\/www.europesays.com\/fr\/wp-json\/wp\/v2\/media?parent=318739"}],"wp:term":[{"taxonomy":"category","embeddable":true,"href":"https:\/\/www.europesays.com\/fr\/wp-json\/wp\/v2\/categories?post=318739"},{"taxonomy":"post_tag","embeddable":true,"href":"https:\/\/www.europesays.com\/fr\/wp-json\/wp\/v2\/tags?post=318739"}],"curies":[{"name":"wp","href":"https:\/\/api.w.org\/{rel}","templated":true}]}}