{"id":31874,"date":"2025-04-17T14:34:10","date_gmt":"2025-04-17T14:34:10","guid":{"rendered":"https:\/\/www.europesays.com\/fr\/31874\/"},"modified":"2025-04-17T14:34:10","modified_gmt":"2025-04-17T14:34:10","slug":"le-chasseur-de-mines-capricorne-a-retrouve-son-port-dattache-a-toulon","status":"publish","type":"post","link":"https:\/\/www.europesays.com\/fr\/31874\/","title":{"rendered":"Le chasseur de mines Capricorne a retrouv\u00e9 son port d\u2019attache \u00e0 Toulon"},"content":{"rendered":"<p>Apr\u00e8s presque trois mois de mission en M\u00e9diterran\u00e9e, le chasseur de mines tripartite Capricorne a regagn\u00e9 Toulon, son port d\u2019attache, ce jeudi 10 avril.<\/p>\n<p>Au cours de ce d\u00e9ploiement qui l\u2019a men\u00e9 du littoral fran\u00e7ais jusqu\u2019aux c\u00f4tes italiennes, grecques, maltaises et turques, le b\u00e2timent de la Marine nationale a particip\u00e9 \u00e0 divers exercices, parmi lesquels l\u2019exercice grec de guerre des mines Ariadne.<\/p>\n<p>Int\u00e9gr\u00e9 au Task Group permanent de guerre des mines de l\u2019Otan, le Capricorne a \u00e9galement particip\u00e9 \u00e0 Steadfast Dart, un exercice d\u2019ampleur r\u00e9unissant neuf nations alli\u00e9es et quelque 10.000 militaires, et visant \u00ab\u00a0\u00e0 d\u00e9montrer la capacit\u00e9 de l\u2019alliance \u00e0 d\u00e9fendre les territoires de son flanc est dans le cadre d\u2019une op\u00e9ration interarm\u00e9es\u00a0\u00bb.<\/p>\n<p>              <img ci-src=\"https:\/\/www.varmatin.com\/marine\/protec\/DATA_ART_15330767-Ad545bzK.jpg?vh=b0e71d&amp;ci_seal=8cc61899c1\" alt=\"\"\/><br \/>\n         Le chasseur de mines tripartite Capricorne lors de l\u2019exercice grec de guerre des mines Ariadne.  <strong>Photo Marine nationale\/DR.<\/strong> <\/p>\n<p>                                D\u00e9pollution<\/p>\n<p>Le chasseur de mines fran\u00e7ais a par ailleurs r\u00e9alis\u00e9 des missions dites Surmines de protection des approches maritimes fran\u00e7aises devant les ports de S\u00e8te et de Port-la-Nouvelle.<\/p>\n<p>Enfin, pour \u00eatre complet, le Capricorne a \u00e9galement d\u00e9truit des engins explosifs historiques en Corse dans le cadre d\u2019une mission Sitmine.<\/p>\n<p>Il s\u2019agissait de trois mines \u00e0 orin de la Seconde Guerre mondiale mouill\u00e9es pr\u00e8s de Bonifacio et dans des sites marins prot\u00e9g\u00e9s de l\u2019\u00cele de Beaut\u00e9.<\/p>\n","protected":false},"excerpt":{"rendered":"Apr\u00e8s presque trois mois de mission en M\u00e9diterran\u00e9e, le chasseur de mines tripartite Capricorne a regagn\u00e9 Toulon, son&hellip;\n","protected":false},"author":2,"featured_media":31875,"comment_status":"","ping_status":"","sticky":false,"template":"","format":"standard","meta":{"footnotes":""},"categories":[9619],"tags":[1111,11,554,1777,674,1011,27,6128,12,882,25,2310],"class_list":{"0":"post-31874","1":"post","2":"type-post","3":"status-publish","4":"format-standard","5":"has-post-thumbnail","7":"category-toulon","8":"tag-actu","9":"tag-actualites","10":"tag-defense","11":"tag-eu","12":"tag-europe","13":"tag-fr","14":"tag-france","15":"tag-marine","16":"tag-news","17":"tag-provence-alpes-cote-dazur","18":"tag-republique-francaise","19":"tag-toulon"},"share_on_mastodon":{"url":"https:\/\/pubeurope.com\/@fr\/114353803342493392","error":""},"_links":{"self":[{"href":"https:\/\/www.europesays.com\/fr\/wp-json\/wp\/v2\/posts\/31874","targetHints":{"allow":["GET"]}}],"collection":[{"href":"https:\/\/www.europesays.com\/fr\/wp-json\/wp\/v2\/posts"}],"about":[{"href":"https:\/\/www.europesays.com\/fr\/wp-json\/wp\/v2\/types\/post"}],"author":[{"embeddable":true,"href":"https:\/\/www.europesays.com\/fr\/wp-json\/wp\/v2\/users\/2"}],"replies":[{"embeddable":true,"href":"https:\/\/www.europesays.com\/fr\/wp-json\/wp\/v2\/comments?post=31874"}],"version-history":[{"count":0,"href":"https:\/\/www.europesays.com\/fr\/wp-json\/wp\/v2\/posts\/31874\/revisions"}],"wp:featuredmedia":[{"embeddable":true,"href":"https:\/\/www.europesays.com\/fr\/wp-json\/wp\/v2\/media\/31875"}],"wp:attachment":[{"href":"https:\/\/www.europesays.com\/fr\/wp-json\/wp\/v2\/media?parent=31874"}],"wp:term":[{"taxonomy":"category","embeddable":true,"href":"https:\/\/www.europesays.com\/fr\/wp-json\/wp\/v2\/categories?post=31874"},{"taxonomy":"post_tag","embeddable":true,"href":"https:\/\/www.europesays.com\/fr\/wp-json\/wp\/v2\/tags?post=31874"}],"curies":[{"name":"wp","href":"https:\/\/api.w.org\/{rel}","templated":true}]}}