{"id":318748,"date":"2025-08-14T14:03:18","date_gmt":"2025-08-14T14:03:18","guid":{"rendered":"https:\/\/www.europesays.com\/fr\/318748\/"},"modified":"2025-08-14T14:03:18","modified_gmt":"2025-08-14T14:03:18","slug":"dans-cette-ville-de-gironde-lartiste-derf-realise-un-portrait-de-femme-en-graff-sur-un-poste-edf","status":"publish","type":"post","link":"https:\/\/www.europesays.com\/fr\/318748\/","title":{"rendered":"Dans cette ville de Gironde, l\u2019artiste DERF r\u00e9alise un portrait de femme en graff sur un poste EDF"},"content":{"rendered":"<p>            Par<br \/>\n        <strong><br \/>\n            <a href=\"https:\/\/actu.fr\/auteur\/bpeyre\" title=\"Consulter tous les articles de Bernard Peyr\u00e9\" target=\"_blank\" rel=\"noopener\">Bernard Peyr\u00e9<\/a><br \/>\n        <\/strong><\/p>\n<p>        Publi\u00e9 le<\/p>\n<p>            13 ao\u00fbt 2025 \u00e0 18h50        <\/p>\n<p>\u00ab\u2009C\u2019est beau, vous ne trouvez pas\u2009?\u2009\u00bb l\u00e2che un passant. Ce mercredi matin 13\u00a0ao\u00fbt 2025, un artiste est en train de r\u00e9aliser une fresque murale, <b>un graff, sur la place de l\u2019Horloge<\/b>, dans le c\u0153ur du Vieux <a href=\"https:\/\/actu.fr\/nouvelle-aquitaine\/langon_33227\" target=\"_blank\" rel=\"noopener\">Langon<\/a> (<b>Gironde<\/b>).<\/p>\n<p class=\" wall-content\">Cet artiste c\u2019est <b>DERF\u00a0<\/b>et ce n\u2019est pas un inconnu.<\/p>\n<p class=\" wall-content\">Il a d\u00e9j\u00e0 r\u00e9alis\u00e9 une premi\u00e8re \u0153uvre, <b>un visage de femme<\/b>, sur un poste \u00e9lectrique d\u2019EDF, \u00e0 c\u00f4t\u00e9 de la caserne des <a href=\"https:\/\/actu.fr\/?s=pompiers\" target=\"_blank\" rel=\"noopener\">pompiers<\/a> de Langon, boulevard Jean-Moulin.<\/p>\n<p>L\u2019artiste prend ses risques<\/p>\n<p class=\" wall-content\">Originaire de <b>Cadaujac<\/b>, il a \u00e9galement peint un portrait de femme en 2024 sur le mur d\u2019entra\u00eenement du <b>Tennis Club Cadaujacais.<\/b> Ses \u0153uvres ont aussi \u00e9t\u00e9 expos\u00e9es dans les jardins de la mairie de <b>Villenave-d\u2019Ornon<\/b>. On peut les admirer encore sur des blockhaus du <b>Cap Ferret<\/b>, une gare oubli\u00e9e\u2026<\/p>\n<p class=\" wall-content\">\u00ab\u2009J\u2019ai r\u00e9alis\u00e9 <b>entre 30 et 40 \u0153uvres dans les rues de Bordeaux<\/b> et de la CUB\u2009\u00bb, ajoute le graffeur qui peint depuis une dizaine d\u2019ann\u00e9es.<\/p>\n<p>Vid\u00e9os : en ce moment sur Actu<\/p>\n<p class=\" wall-content\"><a href=\"https:\/\/www.instagram.com\/p\/DMXLhsNobuk\/embed\" title=\"Ouvrir le lien sur Instagram\" target=\"_blank\" rel=\"noopener\">Visualiser le contenu sur Instagram<\/a><\/p>\n<p class=\" wall-content\">L\u2019artiste s\u2019est install\u00e9 \u00e0 Langon il y a quelques mois. Sa m\u00e9thode de travail est pour le moins singuli\u00e8re.<\/p>\n<blockquote class=\"ac-article-quote wall-content\">\n<p>Je rep\u00e8re un mur d\u00e9fra\u00eechit qui n\u2019appartiens ni \u00e0 des particuliers, ni \u00e0 des entreprises. J\u2019y apporte une note artistique pour embellir la ville.<\/p>\n<p>DERF, artiste<\/p><\/blockquote>\n<p class=\" wall-content\">Il se lance dans son acte artistique sans pr\u00e9venir personne. \u00ab\u2009C\u2019est un risque \u00e0 prendre quand on intervient dans l\u2019espace urbain. Si des riverains ou une municipalit\u00e9 ne sont pas contents, on discute et je peux recouvrir l\u2019\u0153uvre et repeindre en blanc.\u2009\u00bb<\/p>\n<p>    <img   decoding=\"async\" loading=\"lazy\" class=\"size-large\" src=\"https:\/\/www.europesays.com\/fr\/wp-content\/uploads\/2025\/08\/3091f4f68c9864491f4f68c983891fv-960x640.jpg\" alt=\"Le 13 ao\u00fbt 2025, DERF au travail, place de l'Horloge \u00e0 Langon (Gironde).\" width=\"960\" height=\"640\"\/><br \/>\n    Le 13\u00a0ao\u00fbt 2025, DERF au travail, place de l\u2019Horloge \u00e0 Langon (Gironde). \u00a9Bernard Peyr\u00e9 Le R\u00e9publicain Sud-Gironde<br \/>\n    <img   decoding=\"async\" loading=\"lazy\" class=\"size-large\" src=\"https:\/\/www.europesays.com\/fr\/wp-content\/uploads\/2025\/08\/a22505f68c986962505f68c989a250v-960x640.jpg\" alt=\"Un portrait de femme pr\u00e8s de la caserne des pompiers de Langon (Gironde).\" width=\"960\" height=\"640\"\/><br \/>\n    Un portrait de femme, pr\u00e8s de la caserne des pompiers de Langon (Gironde). \u00a9Bernard Peyr\u00e9 Le R\u00e9publicain Sud-Gironde\u00ab\u00a0Portraits en immersion\u00a0\u00bb<\/p>\n<p class=\" wall-content\">Ce portrait de femme qu\u2019il cr\u00e9e \u00e0 la bombe a\u00e9rosol appartient \u00e0 sa s\u00e9rie de \u00ab<b>\u2009Portraits en immersion<\/b>\u2009\u00bb.<\/p>\n<p class=\" wall-content\">\u00ab\u2009J\u2019aime tout ce qui a trait \u00e0 l<b>\u2019oc\u00e9an<\/b>, raconte DERF. J\u2019adore passer du temps sur la plage, \u00eatre davantage connect\u00e9 avec la nature.\u2009\u00bb<\/p>\n<blockquote class=\"ac-article-quote wall-content\">\n<p>Mes peintures refl\u00e8tent cette relation avec la force de la nature. Elles sont l\u00e0 pour apporter du calme, de la s\u00e9r\u00e9nit\u00e9\u2009; pour se d\u00e9tacher du quotidien, se retrouver face \u00e0 soi-m\u00eame.<\/p>\n<p>DERF, artiste<\/p><\/blockquote>\n<p class=\" wall-content\">DERF peint aussi des <b>animaux<\/b> (<b>tigre, pieuvre, oiseau, panda<\/b>, etc.). Avec la canicule, il travaille sur une session de 3 \u00e0 4 heures, t\u00f4t le matin. Ce portrait de femme sur la place de l\u2019Horloge va lui prendre <b>entre 15 et 20\u00a0heures de travail.<\/b><\/p>\n<p class=\" wall-content\">Qu\u2019en pensent les riverains de la r\u00e9sidence de l\u2019Horloge\u2009? \u00ab\u2009Ils m\u2019ont dit qu\u2019ils trouvaient \u00e7a joli\u2009\u00bb, sourit le graffeur.<\/p>\n<p>Instagram\u2009: <a href=\"https:\/\/www.instagram.com\/derf_gallery\/\" target=\"_blank\" rel=\"noopener\">DERF-gallery<\/a>\u2009; site internet\u2009: <a href=\"https:\/\/derf.gallery\/\" target=\"_blank\" rel=\"noopener\">derf.gallery<\/a><\/p>\n<p class=\" wall-content\">Suivez toute l\u2019actualit\u00e9 de vos villes et m\u00e9dias favoris en vous inscrivant \u00e0 <a href=\"https:\/\/moncompte.actu.fr\" title=\"D\u00e9couvez Mon Actu\" rel=\"nofollow noopener\" data-trk=\"{&quot;cta&quot;:{&quot;action&quot;:&quot;https:\\\/\\\/moncompte.actu.fr&quot;,&quot;category&quot;:&quot;mon compte&quot;,&quot;from&quot;:&quot;article footer&quot;,&quot;name&quot;:&quot;Mon actu&quot;,&quot;type&quot;:&quot;cta&quot;}}\" target=\"_blank\">Mon Actu<\/a>.<\/p>\n<p>                    <script async src=\"\/\/www.instagram.com\/embed.js\"><\/script><\/p>\n","protected":false},"excerpt":{"rendered":"Par Bernard Peyr\u00e9 Publi\u00e9 le 13 ao\u00fbt 2025 \u00e0 18h50 \u00ab\u2009C\u2019est beau, vous ne trouvez pas\u2009?\u2009\u00bb l\u00e2che un&hellip;\n","protected":false},"author":2,"featured_media":318749,"comment_status":"","ping_status":"","sticky":false,"template":"","format":"standard","meta":{"footnotes":""},"categories":[1358],"tags":[1867,1348,1384,1385,1386,58,59,1011,27,10424,104,7189],"class_list":{"0":"post-318748","1":"post","2":"type-post","3":"status-publish","4":"format-standard","5":"has-post-thumbnail","7":"category-arts-et-design","8":"tag-animaux","9":"tag-arts","10":"tag-arts-and-design","11":"tag-arts-et-design","12":"tag-design","13":"tag-divertissement","14":"tag-entertainment","15":"tag-fr","16":"tag-france","17":"tag-ocean-atlantique","18":"tag-societe","19":"tag-street-art"},"share_on_mastodon":{"url":"https:\/\/pubeurope.com\/@fr\/115027496542264624","error":""},"_links":{"self":[{"href":"https:\/\/www.europesays.com\/fr\/wp-json\/wp\/v2\/posts\/318748","targetHints":{"allow":["GET"]}}],"collection":[{"href":"https:\/\/www.europesays.com\/fr\/wp-json\/wp\/v2\/posts"}],"about":[{"href":"https:\/\/www.europesays.com\/fr\/wp-json\/wp\/v2\/types\/post"}],"author":[{"embeddable":true,"href":"https:\/\/www.europesays.com\/fr\/wp-json\/wp\/v2\/users\/2"}],"replies":[{"embeddable":true,"href":"https:\/\/www.europesays.com\/fr\/wp-json\/wp\/v2\/comments?post=318748"}],"version-history":[{"count":0,"href":"https:\/\/www.europesays.com\/fr\/wp-json\/wp\/v2\/posts\/318748\/revisions"}],"wp:featuredmedia":[{"embeddable":true,"href":"https:\/\/www.europesays.com\/fr\/wp-json\/wp\/v2\/media\/318749"}],"wp:attachment":[{"href":"https:\/\/www.europesays.com\/fr\/wp-json\/wp\/v2\/media?parent=318748"}],"wp:term":[{"taxonomy":"category","embeddable":true,"href":"https:\/\/www.europesays.com\/fr\/wp-json\/wp\/v2\/categories?post=318748"},{"taxonomy":"post_tag","embeddable":true,"href":"https:\/\/www.europesays.com\/fr\/wp-json\/wp\/v2\/tags?post=318748"}],"curies":[{"name":"wp","href":"https:\/\/api.w.org\/{rel}","templated":true}]}}