{"id":318750,"date":"2025-08-14T14:04:12","date_gmt":"2025-08-14T14:04:12","guid":{"rendered":"https:\/\/www.europesays.com\/fr\/318750\/"},"modified":"2025-08-14T14:04:12","modified_gmt":"2025-08-14T14:04:12","slug":"trois-finalistes-pour-le-prix-des-horizons-imaginaires-2025","status":"publish","type":"post","link":"https:\/\/www.europesays.com\/fr\/318750\/","title":{"rendered":"Trois finalistes pour le prix des Horizons imaginaires 2025"},"content":{"rendered":"<p>Avec l\u2019Union des \u00e9crivains et \u00e9crivaines (Uneq), la fondation Lire pour r\u00e9ussir a d\u00e9voil\u00e9 le nom des trois finalistes du prix qu\u00e9b\u00e9cois des Horizons imaginaires, dont le laur\u00e9at sera connu en novembre, lors du Salon du livre de Montr\u00e9al. Pour sa 10e \u00e9dition, l\u2019\u00e9v\u00e9nement s\u2019est d\u2019ailleurs dot\u00e9 d\u2019une nouvelle r\u00e9compense, cr\u00e9\u00e9e par <strong>Ren\u00e9 Cochaux<\/strong>, et qui a \u00e9t\u00e9 attribu\u00e9e, cette ann\u00e9e, \u00e0 <strong>Louis Roussel<\/strong> pour son ouvrage Hors-vivant (\u00c9ditions XYZ).<\/p>\n<p>Cette ann\u00e9e, le comit\u00e9 de s\u00e9lection du 10e prix des Horizons imaginaires a r\u00e9uni <strong>J.D. Kurtness,<\/strong> laur\u00e9ate de la pr\u00e9c\u00e9dente \u00e9dition pour La vall\u00e9e de l\u2019\u00e9trange (L\u2019instant m\u00eame), <strong>\u00c9ric Vignola,<\/strong> enseignant au C\u00e9gep de Saint-Jean-sur-Richelieu, ainsi que <strong>F\u00e9lix Beaudet<\/strong>, \u00e9tudiant au C\u00e9gep du Vieux Montr\u00e9al. Ensemble, ils ont retenu trois ouvrages finalistes que les \u00e9tudiants des \u00e9tablissements inscrits liront \u00e0 l\u2019automne, avant de d\u00e9signer le grand gagnant en novembre.<\/p>\n<p>La s\u00e9lection\u00a0<\/p>\n<ul>\n<li>L\u2019\u00e9toile de la montagne de <strong>Judy Quinn <\/strong>(Lem\u00e9ac \u00e9diteur)<\/li>\n<li>Les sentiers de neige de<strong> Kev Lambert <\/strong>(H\u00e9liotrope)<\/li>\n<li>Porter le masque de<strong> Paul Serge Forest <\/strong>(VLB \u00c9diteur)<br \/>\u00a0<\/li>\n<\/ul>\n<p>\u00c0 l\u2019occasion de la 10e \u00e9dition du prix, l\u2019animateur et auteur <strong>Ren\u00e9 Cochaux <\/strong>a d\u00e9cid\u00e9 de lancer, toujours avec la coop\u00e9ration de la fondation Lire pour r\u00e9ussir, le premier prix de la page 12, qui r\u00e9compense \u00ab\u00a0la meilleure page 12\u00a0\u00bb parmi les ouvrages retenus pour le prix des Horizons imaginaires.<\/p>\n<p>C\u2019est ainsi que Louis Roussel, auteur de Hors-vivant, publi\u00e9 aux \u00e9ditions XYZ, a \u00e9t\u00e9 couronn\u00e9. Enseignant de litt\u00e9rature qu\u00e9b\u00e9coise et de cr\u00e9ation litt\u00e9raire au C\u00e9gep de L\u00e9vis au Qu\u00e9bec, le laur\u00e9at livre avec son premier roman un r\u00e9cit d\u2019ombre et\u00a0de lumi\u00e8re. La trajectoire d\u2019un p\u00e8re monoparental souffrant d\u2019un amour perdu et revenant \u00e0 la vie au contact d\u2019amiti\u00e9s plurielles.<\/p>\n","protected":false},"excerpt":{"rendered":"Avec l\u2019Union des \u00e9crivains et \u00e9crivaines (Uneq), la fondation Lire pour r\u00e9ussir a d\u00e9voil\u00e9 le nom des trois&hellip;\n","protected":false},"author":2,"featured_media":318751,"comment_status":"","ping_status":"","sticky":false,"template":"","format":"standard","meta":{"footnotes":""},"categories":[1357],"tags":[1379,58,59,1011,27,1380],"class_list":{"0":"post-318750","1":"post","2":"type-post","3":"status-publish","4":"format-standard","5":"has-post-thumbnail","7":"category-livres","8":"tag-books","9":"tag-divertissement","10":"tag-entertainment","11":"tag-fr","12":"tag-france","13":"tag-livres"},"share_on_mastodon":{"url":"https:\/\/pubeurope.com\/@fr\/115027500293674196","error":""},"_links":{"self":[{"href":"https:\/\/www.europesays.com\/fr\/wp-json\/wp\/v2\/posts\/318750","targetHints":{"allow":["GET"]}}],"collection":[{"href":"https:\/\/www.europesays.com\/fr\/wp-json\/wp\/v2\/posts"}],"about":[{"href":"https:\/\/www.europesays.com\/fr\/wp-json\/wp\/v2\/types\/post"}],"author":[{"embeddable":true,"href":"https:\/\/www.europesays.com\/fr\/wp-json\/wp\/v2\/users\/2"}],"replies":[{"embeddable":true,"href":"https:\/\/www.europesays.com\/fr\/wp-json\/wp\/v2\/comments?post=318750"}],"version-history":[{"count":0,"href":"https:\/\/www.europesays.com\/fr\/wp-json\/wp\/v2\/posts\/318750\/revisions"}],"wp:featuredmedia":[{"embeddable":true,"href":"https:\/\/www.europesays.com\/fr\/wp-json\/wp\/v2\/media\/318751"}],"wp:attachment":[{"href":"https:\/\/www.europesays.com\/fr\/wp-json\/wp\/v2\/media?parent=318750"}],"wp:term":[{"taxonomy":"category","embeddable":true,"href":"https:\/\/www.europesays.com\/fr\/wp-json\/wp\/v2\/categories?post=318750"},{"taxonomy":"post_tag","embeddable":true,"href":"https:\/\/www.europesays.com\/fr\/wp-json\/wp\/v2\/tags?post=318750"}],"curies":[{"name":"wp","href":"https:\/\/api.w.org\/{rel}","templated":true}]}}