{"id":318752,"date":"2025-08-14T14:05:19","date_gmt":"2025-08-14T14:05:19","guid":{"rendered":"https:\/\/www.europesays.com\/fr\/318752\/"},"modified":"2025-08-14T14:05:19","modified_gmt":"2025-08-14T14:05:19","slug":"chatgpt-chroniqueur-chez-cyril-hanouna-la-drole-dannonce-de-lanimateur-de-tout-beau-tout-9","status":"publish","type":"post","link":"https:\/\/www.europesays.com\/fr\/318752\/","title":{"rendered":"ChatGPT chroniqueur chez Cyril Hanouna\u00a0: la dr\u00f4le d\u2019annonce de l\u2019animateur de \u00ab\u00a0Tout beau, tout 9\u00a0\u00bb"},"content":{"rendered":"<p>\n                                                                Ce mardi 12\u00a0ao\u00fbt, Cyril Hanouna a fait une annonce pour sa nouvelle \u00e9mission qui d\u00e9barque \u00e0 la rentr\u00e9e\u00a0: \u00ab\u00a0Tout beau, Tout N9uf\u00a0\u00bb. Il a annonc\u00e9 un nouveau chroniqueur bien diff\u00e9rent des autres et entour\u00e9 de myst\u00e8re.\n                            <\/p>\n<p>Cyril Hanouna a fait une annonce surprenante sur son r\u00e9seau social X ce mardi. Le trublion du PAF a d\u00e9clar\u00e9 qu\u2019un <a href=\"https:\/\/www.midilibre.fr\/2025\/05\/08\/cyril-hanouna-et-tpmp-cest-definitivement-fini-quand-lanimateur-revelera-t-il-le-nom-de-sa-nouvelle-emission-sur-w9-12682820.php\" target=\"_blank\" rel=\"nofollow noopener\">nouveau chroniqueur faisait son apparition<\/a>. Mais ce n\u2019est pas n\u2019importe quel\u00a0chroniqueur car il s\u2019appelle\u2026 ChatGPT.<\/p>\n<p>\u00ab\u00a0Les ch\u00e9ris, il y aura un chroniqueur chat gpt dans #TBT9 sur @W9 \u2066\u2066d\u00e8s le 1er\u00a0septembre \u00e0 18\u00a0h\u00a045\u00a0! La seule \u00e9mission 3.0\u00a0! Je suis trop press\u00e9 de vous retrouver\u00a0! Et merci pour tous vos messages je vous aime fort\u00a0\u00bb, a-t-il d\u00e9clar\u00e9.<\/p>\n<p>Est-ce que ce nouveau personnage sera seulement une voix que l\u2019on pourra entendre comme Zette dans \u00ab\u00a0Les 12 coups de midi\u00a0\u00bb\u00a0? On ignore encore comment ses interventions s\u2019effectueront \u00e0 l\u2019\u00e9cran car rien de plus n\u2019a \u00e9t\u00e9 pr\u00e9cis\u00e9 par Cyril Hanouna.<\/p>\n<p>Des anciens qui feront leur retour<\/p>\n<p><a href=\"https:\/\/www.midilibre.fr\/2025\/05\/13\/tout-beau-tout-9-que-sait-on-de-la-future-emission-de-cyril-hanouna-attendue-a-la-rentree-sur-w9-12693269.php\" target=\"_blank\" rel=\"nofollow noopener\">En outre, pour sa nouvelle \u00e9mission, sa nouvelle \u00e9quipe<\/a> sera compos\u00e9e de neuf chroniqueurs comme sur TPMP, dont \u00ab\u00a0cinq anciens\u00a0\u00bb et \u00ab\u00a0quatre nouveaux\u00a0\u00bb, selon un communiqu\u00e9 diffus\u00e9 le 11\u00a0ao\u00fbt dernier.<\/p>\n<p>Cependant, tous les noms ne sont toujours pas connus du grand public. Parmi les \u00ab\u00a0anciens\u00a0\u00bb, Val\u00e9rie B\u00e9na\u00efm et Raymond Aabou feront partie de la nouvelle aventure. Parmi les nouveaux, un nom est d\u00e9j\u00e0 connu\u00a0: la fille de Frank Leboeuf, Jade Leboeuf.<\/p>\n","protected":false},"excerpt":{"rendered":"Ce mardi 12\u00a0ao\u00fbt, Cyril Hanouna a fait une annonce pour sa nouvelle \u00e9mission qui d\u00e9barque \u00e0 la rentr\u00e9e\u00a0:&hellip;\n","protected":false},"author":2,"featured_media":318753,"comment_status":"","ping_status":"","sticky":false,"template":"","format":"standard","meta":{"footnotes":""},"categories":[1356],"tags":[58,59,1011,27,252,1364],"class_list":{"0":"post-318752","1":"post","2":"type-post","3":"status-publish","4":"format-standard","5":"has-post-thumbnail","7":"category-television","8":"tag-divertissement","9":"tag-entertainment","10":"tag-fr","11":"tag-france","12":"tag-television","13":"tag-tv"},"share_on_mastodon":{"url":"https:\/\/pubeurope.com\/@fr\/115027504629385646","error":""},"_links":{"self":[{"href":"https:\/\/www.europesays.com\/fr\/wp-json\/wp\/v2\/posts\/318752","targetHints":{"allow":["GET"]}}],"collection":[{"href":"https:\/\/www.europesays.com\/fr\/wp-json\/wp\/v2\/posts"}],"about":[{"href":"https:\/\/www.europesays.com\/fr\/wp-json\/wp\/v2\/types\/post"}],"author":[{"embeddable":true,"href":"https:\/\/www.europesays.com\/fr\/wp-json\/wp\/v2\/users\/2"}],"replies":[{"embeddable":true,"href":"https:\/\/www.europesays.com\/fr\/wp-json\/wp\/v2\/comments?post=318752"}],"version-history":[{"count":0,"href":"https:\/\/www.europesays.com\/fr\/wp-json\/wp\/v2\/posts\/318752\/revisions"}],"wp:featuredmedia":[{"embeddable":true,"href":"https:\/\/www.europesays.com\/fr\/wp-json\/wp\/v2\/media\/318753"}],"wp:attachment":[{"href":"https:\/\/www.europesays.com\/fr\/wp-json\/wp\/v2\/media?parent=318752"}],"wp:term":[{"taxonomy":"category","embeddable":true,"href":"https:\/\/www.europesays.com\/fr\/wp-json\/wp\/v2\/categories?post=318752"},{"taxonomy":"post_tag","embeddable":true,"href":"https:\/\/www.europesays.com\/fr\/wp-json\/wp\/v2\/tags?post=318752"}],"curies":[{"name":"wp","href":"https:\/\/api.w.org\/{rel}","templated":true}]}}