{"id":318754,"date":"2025-08-14T14:06:09","date_gmt":"2025-08-14T14:06:09","guid":{"rendered":"https:\/\/www.europesays.com\/fr\/318754\/"},"modified":"2025-08-14T14:06:09","modified_gmt":"2025-08-14T14:06:09","slug":"helena-raconte-sa-plus-grosse-honte-sur-scene","status":"publish","type":"post","link":"https:\/\/www.europesays.com\/fr\/318754\/","title":{"rendered":"Helena raconte sa plus grosse honte sur sc\u00e8ne"},"content":{"rendered":"<p><img decoding=\"async\" src=\"https:\/\/www.europesays.com\/fr\/wp-content\/uploads\/2025\/08\/photo_1755161445.jpg\" class=\"textcenter img-content\" loading=\"lazy\"\/>Bestimage<br \/>\n<br \/>\nC&rsquo;est ce qu&rsquo;on appelle un d\u00e9but de carri\u00e8re prometteur. R\u00e9v\u00e9l\u00e9e \u00e0 la \u00ab\u00a0Star Academy\u00a0\u00bb en 2023, Helena a touch\u00e9 le public avec ses premi\u00e8res chansons comme \u00ab\u00a0Aim\u00e9e pour de vrai\u00a0\u00bb et <a href=\"https:\/\/www.chartsinfrance.net\/actualite\/news-129710.html\" target=\"_blank\" class=\"spip_out\" rel=\"nofollow noopener\">\u00ab\u00a0Summer Body\u00a0\u00bb<\/a>, qui ont affol\u00e9 les compteurs sur les plateformes de streaming. Emmen\u00e9 par le tube <a href=\"https:\/\/www.chartsinfrance.net\/actualite\/news-131341.html\" target=\"_blank\" class=\"spip_out\" rel=\"nofollow noopener\">\u00ab\u00a0Mauvais gar\u00e7on\u00a0\u00bb<\/a>, qui compte pr\u00e8s de 44 millions d&rsquo;\u00e9coutes sur Spotify, le disque s&rsquo;est d\u00e9j\u00e0 \u00e9coul\u00e9 \u00e0 plus de 80.000 exemplaires et sa tourn\u00e9e affiche complet jusqu&rsquo;en avril 2026. Deux concerts au Z\u00e9nith de Paris, dont un complet, sont d&rsquo;ailleurs programm\u00e9s. <\/p>\n<p>Le player Dailymotion est en train de se charger&#8230;<\/p>\n<p>\u00ab\u00a0Tu ne vas pas le fermer devant tout le monde\u00a0\u00bb<br \/>\nCe vendredi 15 ao\u00fbt d\u00e8s 21h10, TF1 diffusera d&rsquo;ailleurs <a href=\"https:\/\/www.chartsinfrance.net\/Star-Academy\/news-132769.html\" target=\"_blank\" class=\"spip_out\" rel=\"nofollow noopener\">le concert de la tourn\u00e9e<\/a> de la \u00ab\u00a0Star Academy\u00a0\u00bb r\u00e9unissant les moments forts du show offert par Marine, Marguerite, Emma, Ulysse, Ebony ou Charles au Z\u00e9nith de Lille. Parmi les invit\u00e9s ? Pierre Garnier, Lucky Love, Charlotte Cardin, Lo\u00efc Nottet&#8230; et Helena ! La chanteuse est notamment venue interpr\u00e9ter son hit \u00ab\u00a0Mauvais gar\u00e7on\u00a0\u00bb avec les filles. Dans les coulisses, la jeune artiste a accept\u00e9 de se livrer sur le moment le plus g\u00eanant qui lui est arriv\u00e9 sur sc\u00e8ne. \u00ab J&rsquo;entendais les gens crier dans le public et je ne comprenais pas ce qu&rsquo;ils disaient. J&rsquo;ai des ears [oreillettes, ndlr] donc je les entends pas clairement mais j&rsquo;entendais qu&rsquo;ils avaient un truc \u00e0 me dire. Je ne comprenais pas ce que c&rsquo;\u00e9tait \u00bb raconte-t-elle, hilare : \u00ab J&rsquo;entends \u00ab\u00a0Helena, ferme ton pantalon\u00a0\u00bb \u00bb.<\/p>\n<blockquote class=\"twitter-tweet\" data-media-max-width=\"560\">\n<p lang=\"fr\" dir=\"ltr\">H\u00e9l\u00e9na et Lo\u00efc Nottet racontent leurs plus gros couacs sur sc\u00e8ne ! \ud83d\ude2cIls sont \u00e0 retrouver sur la sc\u00e8ne du concert \ud835\ude4e\ud835\ude69\ud835\ude56\ud835\ude67 \ud835\ude3c\ud835\ude58\ud835\ude56\ud835\ude59\ud835\ude5a\ud835\ude62\ud835\ude6e \ud835\ude4f\ud835\ude64\ud835\ude6a\ud835\ude67 2025, vendredi soir \u00e0 21h10 sur TF1 et TF1+ \u2728 <a href=\"https:\/\/t.co\/b5GjPcWrJ3\" rel=\"nofollow\">pic.twitter.com\/b5GjPcWrJ3<\/a><\/p>\n<p>\u2014 TF1 (@TF1) <a href=\"https:\/\/twitter.com\/TF1\/status\/1955903570601267311?ref_src=twsrc%5Etfw\" rel=\"nofollow noopener\" target=\"_blank\">August 14, 2025<\/a><\/p><\/blockquote>\n<p>On a retrouv\u00e9 la s\u00e9quence : c&rsquo;\u00e9tait le 30 avril \u00e0 Nancy ! \u00ab En fait, j&rsquo;ai un changement rapide \u00e0 la fin de mon concert, je me mets un bikini pour chanter \u00ab\u00a0Summer Body\u00a0\u00bb, j&rsquo;enl\u00e8ve juste le haut et je remets un haut de bikini. Parfois \u00e7a peut arriver que le bouton soit ouvert avec un peu la braguette&#8230; \u00bb explique la chanteuse de \u00ab\u00a0M\u00e9latonine\u00a0\u00bb, qui n&rsquo;a pas trop su comment g\u00e9rer cette situation d\u00e9licate. <\/p>\n<blockquote class=\"tiktok-embed\" cite=\"https:\/\/www.tiktok.com\/@shirleyyoff\/video\/7499619897094180118\" data-video-id=\"7499619897094180118\" style=\"max-width: 605px;min-width: 325px;\"><p>  <a target=\"_blank\" title=\"@shirleyyoff\" href=\"https:\/\/www.tiktok.com\/@shirleyyoff?refer=embed\" rel=\"nofollow noopener\">@shirleyyoff<\/a> @H\u00e9l\u00e9 <a title=\"h\u00e9l\u00e9tour\" target=\"_blank\" href=\"https:\/\/www.tiktok.com\/tag\/h%C3%A9l%C3%A9tour?refer=embed\" rel=\"nofollow noopener\">#h\u00e9l\u00e9tour<\/a> <a title=\"helena\" target=\"_blank\" href=\"https:\/\/www.tiktok.com\/tag\/helena?refer=embed\" rel=\"nofollow noopener\">#helena<\/a> <a title=\"heletour\" target=\"_blank\" href=\"https:\/\/www.tiktok.com\/tag\/heletour?refer=embed\" rel=\"nofollow noopener\">#heletour<\/a> <a title=\"helenabailly\" target=\"_blank\" href=\"https:\/\/www.tiktok.com\/tag\/helenabailly?refer=embed\" rel=\"nofollow noopener\">#helenabailly<\/a> <a target=\"_blank\" title=\"\u266c son original - Shirley\" href=\"https:\/\/www.tiktok.com\/music\/son-original-7499619883498294038?refer=embed\" rel=\"nofollow noopener\">\u266c son original &#8211; Shirley<\/a>  <\/p><\/blockquote>\n<p>\u00ab J&rsquo;ai r\u00e9p\u00e9t\u00e9 dans le micro : \u00ab\u00a0Faut que je ferme mon pantalon ?\u00a0\u00bb Du coup, je commence \u00e0 le fermer puis je me dis&#8230; Dans ma t\u00eate, il y a plein de choses qui s&rsquo;encha\u00eenent et je suis l\u00e0 \u00ab\u00a0Mais non, mais retourne toi ! Tu ne vas pas le fermer devant tout le monde\u00a0\u00bb \u00bb. Rien de bien grave donc. \u00ab Tout le monde a ri, c&rsquo;\u00e9tait tr\u00e8s marrant \u00bb se rem\u00e9more aujourd&rsquo;hui Helena, le sourire aux l\u00e8vres.<\/p>\n<p><script async src=\"https:\/\/platform.twitter.com\/widgets.js\" charset=\"utf-8\"><\/script><script async src=\"\/\/www.tiktok.com\/embed.js\"><\/script><\/p>\n","protected":false},"excerpt":{"rendered":"Bestimage C&rsquo;est ce qu&rsquo;on appelle un d\u00e9but de carri\u00e8re prometteur. R\u00e9v\u00e9l\u00e9e \u00e0 la \u00ab\u00a0Star Academy\u00a0\u00bb en 2023, Helena&hellip;\n","protected":false},"author":2,"featured_media":318755,"comment_status":"","ping_status":"","sticky":false,"template":"","format":"standard","meta":{"footnotes":""},"categories":[1355],"tags":[58,59,1011,27,1361,873],"class_list":{"0":"post-318754","1":"post","2":"type-post","3":"status-publish","4":"format-standard","5":"has-post-thumbnail","7":"category-musique","8":"tag-divertissement","9":"tag-entertainment","10":"tag-fr","11":"tag-france","12":"tag-music","13":"tag-musique"},"share_on_mastodon":{"url":"https:\/\/pubeurope.com\/@fr\/115027508224173220","error":""},"_links":{"self":[{"href":"https:\/\/www.europesays.com\/fr\/wp-json\/wp\/v2\/posts\/318754","targetHints":{"allow":["GET"]}}],"collection":[{"href":"https:\/\/www.europesays.com\/fr\/wp-json\/wp\/v2\/posts"}],"about":[{"href":"https:\/\/www.europesays.com\/fr\/wp-json\/wp\/v2\/types\/post"}],"author":[{"embeddable":true,"href":"https:\/\/www.europesays.com\/fr\/wp-json\/wp\/v2\/users\/2"}],"replies":[{"embeddable":true,"href":"https:\/\/www.europesays.com\/fr\/wp-json\/wp\/v2\/comments?post=318754"}],"version-history":[{"count":0,"href":"https:\/\/www.europesays.com\/fr\/wp-json\/wp\/v2\/posts\/318754\/revisions"}],"wp:featuredmedia":[{"embeddable":true,"href":"https:\/\/www.europesays.com\/fr\/wp-json\/wp\/v2\/media\/318755"}],"wp:attachment":[{"href":"https:\/\/www.europesays.com\/fr\/wp-json\/wp\/v2\/media?parent=318754"}],"wp:term":[{"taxonomy":"category","embeddable":true,"href":"https:\/\/www.europesays.com\/fr\/wp-json\/wp\/v2\/categories?post=318754"},{"taxonomy":"post_tag","embeddable":true,"href":"https:\/\/www.europesays.com\/fr\/wp-json\/wp\/v2\/tags?post=318754"}],"curies":[{"name":"wp","href":"https:\/\/api.w.org\/{rel}","templated":true}]}}