{"id":318756,"date":"2025-08-14T14:07:10","date_gmt":"2025-08-14T14:07:10","guid":{"rendered":"https:\/\/www.europesays.com\/fr\/318756\/"},"modified":"2025-08-14T14:07:10","modified_gmt":"2025-08-14T14:07:10","slug":"on-a-classe-les-films-de-la-saga-alien-du-plus-prise-de-tete-a-celui-qui-dechire-le-thorax-telerama","status":"publish","type":"post","link":"https:\/\/www.europesays.com\/fr\/318756\/","title":{"rendered":"On a class\u00e9 les films de la saga \u201cAlien\u201d, du plus prise de t\u00eate \u00e0 celui qui d\u00e9chire (le thorax) &#8211; T\u00e9l\u00e9rama"},"content":{"rendered":"<ol>\n<li><a href=\"https:\/\/news.google.com\/rss\/articles\/CBMizgFBVV95cUxQQmg5WnpmSXQxSkdod3hDT0lUYzdndEZpNWxkcGFuTDE0aXpPcl9wU204S29ZdUxxaWJpcVZUdjNCekhDeFhNNTFyN2JxeWNyZE9LLVo3Q3FiRlp1aVdiMENPOTl3NWJQdzBPWGdfUlR1cFdYaVcwUnh4aVFnWWN3NHhlRzdfWHNfSFZINlFMSk4xOXdKaG45a1VaUklUcDg1c3lteG1ndlU1SkFaeEdOV0JNUU9Nd2tpNXFtaHhJeG1VTVl5d2U1WTkyUDNrdw?oc=5\" target=\"_blank\" rel=\"nofollow noopener\">On a class\u00e9 les films de la saga \u201cAlien\u201d, du plus prise de t\u00eate \u00e0 celui qui d\u00e9chire (le thorax)<\/a>&nbsp;&nbsp;T\u00e9l\u00e9rama<\/li>\n<li><a href=\"https:\/\/news.google.com\/rss\/articles\/CBMivgFBVV95cUxPcHRaQjNxR1BWOHk5NlVnMjJxLVU2bHY2WGdwMG1KalVXMUFLZmIxOTRoc1VQcHUxQVotM1ljM1NlQ0owX0lJMjMxUTNLelZFcHVGNmhpNktmVG1DUjBVQkZhamlWWkdEWWI1MGgwdlJINWtpTjJfNDFPdjlzVnBHV3Rkem9fbE5faF9oc1RYaHJEWkJHU1RWcHNNei1YN0o3dEhRZG9Hem1vaXNWMXZveWd1NU1HcGJOVVB4cGpR?oc=5\" target=\"_blank\" rel=\"nofollow noopener\">S\u00e9rie Disney+ : et j\u2019ai cri\u00e9, \u00abAlien\u00bb pour qu\u2019il ne revienne plus<\/a>&nbsp;&nbsp;Lib\u00e9ration<\/li>\n<li><a href=\"https:\/\/news.google.com\/rss\/articles\/CBMifkFVX3lxTE5GRXFqZWpfNkZoUW41My1RbmM2N3pvTVlTbVppWWtmVUJONHFoOVlxS1paOVktQzNkaHJtWjJQS0lON2ZxaW9mWmVfdkdWMnNNZDZUNzBNOS1QZTEyVGpOdEh6V19aQVFxWmtlNGtqN3dNcl9NZ0RYdlpwTHJrdw?oc=5\" target=\"_blank\" rel=\"nofollow noopener\">La s\u00e9rie de science-fiction la plus attendue de l&rsquo;ann\u00e9e est enfin l\u00e0 et elle lib\u00e8re le monstre le plus connu de l&rsquo;histoire du cin\u00e9ma<\/a>&nbsp;&nbsp;AlloCin\u00e9<\/li>\n<li><a href=\"https:\/\/news.google.com\/rss\/articles\/CBMixwFBVV95cUxNQ05Bcm01WllRUnZCcXdEQWNZY2d4OXpzeFU2VW1lSGo3a1dLNWxWWmJEcFNIVVV2TVBNS08ySHVnTnV3amNQS3U0TWRBMXlxMXpWamV0TXJhdWxRY0V6cHBCYUJOZEEtR1ZLSndNYy1wdU5OUlRhTEhrVGNONk55YmRsUEx6RnRTbVNlNTRfWUFDbTVzTUVYd2tPT1NyWUdsX2h4QlFGNFB6R3lTLTZUc3gzVkRQX2l5a2dXZ2ZrYUxESnBGNmpj?oc=5\" target=\"_blank\" rel=\"nofollow noopener\">\u00ab Alien : Earth \u00bb : pourquoi la nouvelle s\u00e9rie Disney+ laisse un go\u00fbt amer<\/a>&nbsp;&nbsp;Le Point<\/li>\n<li><a href=\"https:\/\/news.google.com\/rss\/articles\/CBMiigFBVV95cUxOM1dZYkpLVlVBeHFIX2lOeklPRlZXSjd1c3lrMGkxZVE5NWtLMkhPb0NmRE5jQm0xTjB6VHpWNkJjMG94MF9EMEdxeUNJcXBEdmhTR2pHX1J2WmN0S050RlFLcWpWb19MODBleUpBbUh0akNDcTNXMHRDTUxaUHAwaWtUV2pVckt4clE?oc=5\" target=\"_blank\" rel=\"nofollow noopener\">Culte au cin\u00e9ma, la saga \u00ab\u00a0Alien\u00a0\u00bb se d\u00e9cline pour la premi\u00e8re fois en s\u00e9rie sur Disney+<\/a>&nbsp;&nbsp;Nice-Matin<\/li>\n<\/ol>\n","protected":false},"excerpt":{"rendered":"On a class\u00e9 les films de la saga \u201cAlien\u201d, du plus prise de t\u00eate \u00e0 celui qui d\u00e9chire&hellip;\n","protected":false},"author":2,"featured_media":318757,"comment_status":"","ping_status":"","sticky":false,"template":"","format":"standard","meta":{"footnotes":""},"categories":[1354],"tags":[58,59,1346,1011,27,1360],"class_list":{"0":"post-318756","1":"post","2":"type-post","3":"status-publish","4":"format-standard","5":"has-post-thumbnail","7":"category-films","8":"tag-divertissement","9":"tag-entertainment","10":"tag-films","11":"tag-fr","12":"tag-france","13":"tag-movies"},"share_on_mastodon":{"url":"https:\/\/pubeurope.com\/@fr\/115027512213028046","error":""},"_links":{"self":[{"href":"https:\/\/www.europesays.com\/fr\/wp-json\/wp\/v2\/posts\/318756","targetHints":{"allow":["GET"]}}],"collection":[{"href":"https:\/\/www.europesays.com\/fr\/wp-json\/wp\/v2\/posts"}],"about":[{"href":"https:\/\/www.europesays.com\/fr\/wp-json\/wp\/v2\/types\/post"}],"author":[{"embeddable":true,"href":"https:\/\/www.europesays.com\/fr\/wp-json\/wp\/v2\/users\/2"}],"replies":[{"embeddable":true,"href":"https:\/\/www.europesays.com\/fr\/wp-json\/wp\/v2\/comments?post=318756"}],"version-history":[{"count":0,"href":"https:\/\/www.europesays.com\/fr\/wp-json\/wp\/v2\/posts\/318756\/revisions"}],"wp:featuredmedia":[{"embeddable":true,"href":"https:\/\/www.europesays.com\/fr\/wp-json\/wp\/v2\/media\/318757"}],"wp:attachment":[{"href":"https:\/\/www.europesays.com\/fr\/wp-json\/wp\/v2\/media?parent=318756"}],"wp:term":[{"taxonomy":"category","embeddable":true,"href":"https:\/\/www.europesays.com\/fr\/wp-json\/wp\/v2\/categories?post=318756"},{"taxonomy":"post_tag","embeddable":true,"href":"https:\/\/www.europesays.com\/fr\/wp-json\/wp\/v2\/tags?post=318756"}],"curies":[{"name":"wp","href":"https:\/\/api.w.org\/{rel}","templated":true}]}}