{"id":318764,"date":"2025-08-14T14:12:15","date_gmt":"2025-08-14T14:12:15","guid":{"rendered":"https:\/\/www.europesays.com\/fr\/318764\/"},"modified":"2025-08-14T14:12:15","modified_gmt":"2025-08-14T14:12:15","slug":"mauvaise-nouvelle-apres-lannonce-de-sa-reprise-naf-naf-ferme-definitivement-ces-magasins","status":"publish","type":"post","link":"https:\/\/www.europesays.com\/fr\/318764\/","title":{"rendered":"Mauvaise nouvelle apr\u00e8s l&rsquo;annonce de sa reprise, Naf Naf ferme d\u00e9finitivement ces magasins"},"content":{"rendered":"<p>Par <a class=\"author_recette\" id=\"author_name\" href=\"https:\/\/www.nextplz.fr\/auteur\/jason-mathurin\" rel=\"nofollow noopener\" target=\"_blank\">Jason<br \/>\nMathurin<\/a> &#8211;<br \/>\nPubli\u00e9 le 14 Ao\u00fbt 2025 \u00e0<br \/>\n12:30<\/p>\n<p class=\"article-intro excerpt\">Apr\u00e8s Jennyfer, Gap, Cama\u00efeu\u2026 Naf<br \/>\nNaf ne conna\u00eet pas des jours tr\u00e8s heureux. Malgr\u00e9 la reprise de<br \/>\nmagasins, des fermetures sont act\u00e9es.<\/p>\n<p>Le secteur du pr\u00eat-\u00e0-porter est en grande d\u00e9tresse. On peut le<br \/>\ndire, les enseignes coulent les unes apr\u00e8s les autres. Elles<br \/>\ntombent comme des mouches et rien ne semble endiguer ce ph\u00e9nom\u00e8ne.<br \/>\nLa faute \u00e0 plusieurs al\u00e9as \u00e9conomiques et aux habitudes de<br \/>\nconsommation, de plus en plus diff\u00e9rentes. En effet, on a vu<br \/>\nl&rsquo;\u00e9mergence de l&rsquo;e-commerce ces derni\u00e8res ann\u00e9es, avec des Shein,<br \/>\nAsos, Vinted et consorts, qui tiennent la drag\u00e9e haute aux<br \/>\ncommerces de proximit\u00e9. Les zones commerciales sont d\u00e9laiss\u00e9es, les<br \/>\nboutiques en centres-villes aussi. Et des marques historiques,<br \/>\ncomme Andr\u00e9, Gap ou Naf Naf, <a href=\"https:\/\/www.nextplz.fr\/lifestyle\/502347-apres-naf-naf-deux-celebres-enseignes-de-vetements-en-passe-de-fermer-definitivement\" rel=\"nofollow noopener\" target=\"_blank\"><br \/>\nse destinent \u00e0 un avenir incertain<\/a>, <strong>voire \u00e0 dispara\u00eetre<br \/>\n\u00e0 tout jamais<\/strong>.<\/p>\n<p>Est-ce<br \/>\nque Naf Naf ferme ?<\/p>\n<p>Naf Naf va-t-elle mourir de sa belle mort ? Plus t\u00f4t d\u00e9j\u00e0, nous<br \/>\napprenions la liquidation judiciaire de la marque, qui peine \u00e0 se<br \/>\nrefaire une sant\u00e9. Il faut dire que le secteur est en crise, et que<br \/>\nles diff\u00e9rentes enseignes ne tirent pas leur \u00e9pingle du jeu. Entre<br \/>\nles loyers trop chers, la d\u00e9sertion des clients et des prix<br \/>\nconcurrentiels sur les plateformes chinoises comme Shein, difficile<br \/>\nde garder sa place. Et qui part \u00e0 la chasse, perd sa place. Et<br \/>\n<strong>un repreneur a justement repris une partie des<br \/>\nmagasins<\/strong> de la marque. Cela \u00e9tant, <a href=\"https:\/\/www.nextplz.fr\/lifestyle\/418599-naf-naf-cest-fini-enseigne-risque-de-fermer-definitivement-ses-portes\" rel=\"nofollow noopener\" target=\"_blank\"><br \/>\non sait qu&rsquo;il ne restera que 12 boutiques<\/a> Naf Naf sur la<br \/>\ncentaine existante. Manque de chance pour ces magasins qui ferment<br \/>\nd\u00e9finitivement leurs portes.<\/p>\n<p>\u00ab\u00a0C&rsquo;\u00e9tait un coup de massue\u00a0\u00bb<\/p>\n<p>C&rsquo;est dans le magasin de Laval, situ\u00e9 rue du G\u00e9n\u00e9ral de Gaulle,<br \/>\nque la grogne s&rsquo;est fait entendre. \u00ab\u00a0Au revoir\u00a0\u00bb, lit-on sur<br \/>\nl&rsquo;\u00e9criteau. En effet, le Naf Naf du quartier va fermer ses portes.<br \/>\n\u00ab\u00a0C&rsquo;\u00e9tait un peu un coup de massue\u00a0\u00bb, a dit l&rsquo;une des<br \/>\nsalari\u00e9es, qui \u00e9tait employ\u00e9e depuis 2 ans. Mais les chiffres de<br \/>\nvente ne trompaient pas. Par chance, certains ont pu trouver une<br \/>\nsubsistance gr\u00e2ce aux plans de relocalisation. \u00ab\u00a0Ils nous<br \/>\nreclassent chez nous. <strong>On n&rsquo;est pas abandonn\u00e9s non<br \/>\nplus,<\/strong> \u00e7a, c&rsquo;est bien aussi. Mais c&rsquo;est vrai qu&rsquo;on apprend<br \/>\nles choses au jour le jour\u00a0\u00bb, regrette Alix au micro d&rsquo;ICI<br \/>\nMayenne, qui n&rsquo;a pas encore d\u00e9cid\u00e9 ce qu&rsquo;elle allait faire de cette<br \/>\nproposition.<\/p>\n<p>Naf Naf :<br \/>\nsur 109 boutiques, il n&rsquo;en restera plus que 12<\/p>\n<p>Bien entendu, les salari\u00e9s ne sont pas les seuls \u00e0 d\u00e9plorer la<br \/>\nfermeture du Naf Naf. La client\u00e8le aussi aurait voulu continuer \u00e0 y<br \/>\nfaire ses achats. <strong>\u00ab\u00a0Je retrouve tous les articles que<br \/>\nj&rsquo;affectionne<\/strong>, a dit Jocelyne, cliente<br \/>\nchevronn\u00e9e. C&rsquo;est un peu regrettable de voir fermer ce<br \/>\nmagasin\u00a0\u00bb. Pour Adeline, la boutique \u00ab\u00a0fait partie aussi<br \/>\nd&rsquo;une enseigne nationale qu&rsquo;on a l&rsquo;habitude de retrouver dans<br \/>\nbeaucoup de centre-villes et pour le coup, on a l&rsquo;impression que<br \/>\ntous les ans, il y a une enseigne qui ferme ses portes\u00a0\u00bb. C&rsquo;est<br \/>\nl&rsquo;incompr\u00e9hension et le d\u00e9sarroi total.<\/p>\n","protected":false},"excerpt":{"rendered":"Par Jason Mathurin &#8211; Publi\u00e9 le 14 Ao\u00fbt 2025 \u00e0 12:30 Apr\u00e8s Jennyfer, Gap, Cama\u00efeu\u2026 Naf Naf ne&hellip;\n","protected":false},"author":2,"featured_media":318765,"comment_status":"","ping_status":"","sticky":false,"template":"","format":"standard","meta":{"footnotes":""},"categories":[6],"tags":[35,33,34,1011,27],"class_list":{"0":"post-318764","1":"post","2":"type-post","3":"status-publish","4":"format-standard","5":"has-post-thumbnail","7":"category-economie","8":"tag-business","9":"tag-economie","10":"tag-economy","11":"tag-fr","12":"tag-france"},"share_on_mastodon":{"url":"https:\/\/pubeurope.com\/@fr\/115027531775214575","error":""},"_links":{"self":[{"href":"https:\/\/www.europesays.com\/fr\/wp-json\/wp\/v2\/posts\/318764","targetHints":{"allow":["GET"]}}],"collection":[{"href":"https:\/\/www.europesays.com\/fr\/wp-json\/wp\/v2\/posts"}],"about":[{"href":"https:\/\/www.europesays.com\/fr\/wp-json\/wp\/v2\/types\/post"}],"author":[{"embeddable":true,"href":"https:\/\/www.europesays.com\/fr\/wp-json\/wp\/v2\/users\/2"}],"replies":[{"embeddable":true,"href":"https:\/\/www.europesays.com\/fr\/wp-json\/wp\/v2\/comments?post=318764"}],"version-history":[{"count":0,"href":"https:\/\/www.europesays.com\/fr\/wp-json\/wp\/v2\/posts\/318764\/revisions"}],"wp:featuredmedia":[{"embeddable":true,"href":"https:\/\/www.europesays.com\/fr\/wp-json\/wp\/v2\/media\/318765"}],"wp:attachment":[{"href":"https:\/\/www.europesays.com\/fr\/wp-json\/wp\/v2\/media?parent=318764"}],"wp:term":[{"taxonomy":"category","embeddable":true,"href":"https:\/\/www.europesays.com\/fr\/wp-json\/wp\/v2\/categories?post=318764"},{"taxonomy":"post_tag","embeddable":true,"href":"https:\/\/www.europesays.com\/fr\/wp-json\/wp\/v2\/tags?post=318764"}],"curies":[{"name":"wp","href":"https:\/\/api.w.org\/{rel}","templated":true}]}}