{"id":318766,"date":"2025-08-14T14:13:10","date_gmt":"2025-08-14T14:13:10","guid":{"rendered":"https:\/\/www.europesays.com\/fr\/318766\/"},"modified":"2025-08-14T14:13:10","modified_gmt":"2025-08-14T14:13:10","slug":"un-enfant-saute-du-plongeoir-dune-piscine-et-tue-un-sexagenaire-qui-se-trouvait-juste-en-dessous","status":"publish","type":"post","link":"https:\/\/www.europesays.com\/fr\/318766\/","title":{"rendered":"Un enfant saute du plongeoir d\u2019une piscine et tue un sexag\u00e9naire qui se trouvait juste en-dessous"},"content":{"rendered":"<p class=\"paragraph text_align_left lp-f-body-02\">Un sexag\u00e9naire est d\u00e9c\u00e9d\u00e9 mardi \u00e0 la piscine des M\u00e9l\u00e8zes, \u00e0 Chaux-de-Fonds, en Suisse, apr\u00e8s avoir \u00e9t\u00e9 percut\u00e9 par un jeune gar\u00e7on qui venait de <a href=\"https:\/\/www.leparisien.fr\/haute-garonne-31\/devenu-tetraplegique-apres-un-plongeon-rate-il-poursuit-les-proprietaires-de-la-piscine-quil-squattait-lors-du-drame-19-08-2024-PXK77OZPYBGN3EACMWSCRBQEEI.php\" target=\"_self\" rel=\"nofollow noopener\">sauter d\u2019un plongeoir<\/a>.<\/p>\n<p class=\"paragraph text_align_left lp-f-body-02\">\u00ab Selon les premiers \u00e9l\u00e9ments recueillis, un jeune gar\u00e7on, en sautant du plongeoir de 5 m, est tomb\u00e9 sur un autre baigneur, indique la Police neuch\u00e2teloise dans un communiqu\u00e9. Ce dernier, un homme de 67 ans domicili\u00e9 dans la r\u00e9gion, a \u00e9t\u00e9 gri\u00e8vement bless\u00e9. Pris en charge imm\u00e9diatement par les secours, il est d\u00e9c\u00e9d\u00e9 sur place \u00e0 la suite de ses blessures. \u00bb<\/p>\n<p>Le jeune gar\u00e7on impliqu\u00e9 dans l\u2019accident recherch\u00e9<\/p>\n<p class=\"paragraph text_align_left lp-f-body-02\">Une enqu\u00eate a \u00e9t\u00e9 ouverte afin de d\u00e9terminer les causes et les circonstances du drame. Le jeune gar\u00e7on impliqu\u00e9 dans l\u2019accident n\u2019a encore pas \u00e9t\u00e9 identifi\u00e9. Selon des t\u00e9moins, il est \u00e2g\u00e9 d\u2019une dizaine d\u2019ann\u00e9es et a des cheveux ch\u00e2tains. Mardi 12 ao\u00fbt, il avait \u00ab probablement un maillot de bain bleu fonc\u00e9 \u00bb et \u00e9tait \u00ab possiblement accompagn\u00e9 d\u2019une dame \u00bb.<\/p>\n<p class=\"paragraph text_align_left lp-f-body-02\">Pensant que l\u2019enfant avait pu se blesser lors de l\u2019accident, \u00ab la police a fait le tour des h\u00f4pitaux et des p\u00e9diatres de la r\u00e9gion \u00bb, indique une source locale \u00e0 <a href=\"https:\/\/www.blick.ch\/fr\/suisse\/romande\/drame-a-la-piscine-de-chaux-de-fonds-les-baigneurs-temoignent-id21134232.html\" target=\"_self\" rel=\"nofollow noopener\">Blick<\/a>. Sans succ\u00e8s.<\/p>\n<p class=\"lp-card-podcast-highlighting__title  lp-f-subtitle-05\">[3\/4] C\u00e9cile Vallin, les secrets d\u2019une disparition <\/p>\n<p class=\"lp-card-podcast-highlighting__description lp-f-ui-05\">Crime story raconte chaque semaine les grandes affaires criminelles.<\/p>\n<p><a class=\"lp-card-podcast-highlighting__call-to-action\" data-page-type=\"HP\" data-block-name=\"podcast-highlight\">\u00c9couter<\/a><\/p>\n<p class=\"paragraph text_align_left lp-f-body-02\">Interrog\u00e9 par le m\u00e9dia suisse, l\u2019avocat Fr\u00e9d\u00e9ric Hainard explique que le gar\u00e7on, s\u2019il est \u00e2g\u00e9 de plus de 10 ans, \u00ab peut l\u00e9galement se rendre coupable d\u2019homicide par n\u00e9gligence \u00bb, m\u00eame s\u2019il ne risque \u00ab pas grand-chose p\u00e9nalement \u00bb en tant que mineur.<\/p>\n<p class=\"paragraph text_align_left lp-f-body-02\">\u00ab En revanche, une adulte qui partirait avec son enfant en omettant une information cruciale peut \u00eatre accus\u00e9e d\u2019avoir fait entrave \u00e0 l\u2019action p\u00e9nale et risquer jusqu\u2019\u00e0 3 ans de prison \u00bb, ajoute-t-il, en invitant la personne \u00e0 se rendre au commissariat.<\/p>\n<p class=\"paragraph text_align_left lp-f-body-02\">La piscine, \u00e9vacu\u00e9e et ferm\u00e9e apr\u00e8s le drame, a rouvert depuis. Un concours de plongeon pr\u00e9vu dimanche est maintenu. Une minute de silence en hommage \u00e0 la victime sera observ\u00e9e.<\/p>\n","protected":false},"excerpt":{"rendered":"Un sexag\u00e9naire est d\u00e9c\u00e9d\u00e9 mardi \u00e0 la piscine des M\u00e9l\u00e8zes, \u00e0 Chaux-de-Fonds, en Suisse, apr\u00e8s avoir \u00e9t\u00e9 percut\u00e9&hellip;\n","protected":false},"author":2,"featured_media":318767,"comment_status":"","ping_status":"","sticky":false,"template":"","format":"standard","meta":{"footnotes":""},"categories":[5],"tags":[11,118,1011,27,14,12,28],"class_list":{"0":"post-318766","1":"post","2":"type-post","3":"status-publish","4":"format-standard","5":"has-post-thumbnail","7":"category-international","8":"tag-actualites","9":"tag-faits-divers","10":"tag-fr","11":"tag-france","12":"tag-international","13":"tag-news","14":"tag-world"},"share_on_mastodon":{"url":"https:\/\/pubeurope.com\/@fr\/115027535812394643","error":""},"_links":{"self":[{"href":"https:\/\/www.europesays.com\/fr\/wp-json\/wp\/v2\/posts\/318766","targetHints":{"allow":["GET"]}}],"collection":[{"href":"https:\/\/www.europesays.com\/fr\/wp-json\/wp\/v2\/posts"}],"about":[{"href":"https:\/\/www.europesays.com\/fr\/wp-json\/wp\/v2\/types\/post"}],"author":[{"embeddable":true,"href":"https:\/\/www.europesays.com\/fr\/wp-json\/wp\/v2\/users\/2"}],"replies":[{"embeddable":true,"href":"https:\/\/www.europesays.com\/fr\/wp-json\/wp\/v2\/comments?post=318766"}],"version-history":[{"count":0,"href":"https:\/\/www.europesays.com\/fr\/wp-json\/wp\/v2\/posts\/318766\/revisions"}],"wp:featuredmedia":[{"embeddable":true,"href":"https:\/\/www.europesays.com\/fr\/wp-json\/wp\/v2\/media\/318767"}],"wp:attachment":[{"href":"https:\/\/www.europesays.com\/fr\/wp-json\/wp\/v2\/media?parent=318766"}],"wp:term":[{"taxonomy":"category","embeddable":true,"href":"https:\/\/www.europesays.com\/fr\/wp-json\/wp\/v2\/categories?post=318766"},{"taxonomy":"post_tag","embeddable":true,"href":"https:\/\/www.europesays.com\/fr\/wp-json\/wp\/v2\/tags?post=318766"}],"curies":[{"name":"wp","href":"https:\/\/api.w.org\/{rel}","templated":true}]}}