{"id":318775,"date":"2025-08-14T14:21:10","date_gmt":"2025-08-14T14:21:10","guid":{"rendered":"https:\/\/www.europesays.com\/fr\/318775\/"},"modified":"2025-08-14T14:21:10","modified_gmt":"2025-08-14T14:21:10","slug":"tout-ce-quil-faut-savoir-sur-la-4e-grande-mouclade-qui-debute-ce-vendredi-a-la-seyne","status":"publish","type":"post","link":"https:\/\/www.europesays.com\/fr\/318775\/","title":{"rendered":"Tout ce qu&rsquo;il faut savoir sur la 4e grande mouclade qui d\u00e9bute ce vendredi \u00e0 La Seyne"},"content":{"rendered":"<p>Pour la quatri\u00e8me ann\u00e9e, Green \u00c9vent et la brasserie La Cig, en partenariat avec la ville de La Seyne, organisent sa grande mouclade de l\u2019\u00e9t\u00e9. Durant trois jours, le parc de la Navale prend des airs de grande taverne de bord de mer. Au menu, des saveurs m\u00e9diterran\u00e9ennes, moules &#8211; frites, hu\u00eetres, gambas et bulots, le tout accompagn\u00e9 d\u2019une bi\u00e8re artisanale locale. Chacun compose son menu au food-truck de son choix, et s\u2019attable o\u00f9 il le d\u00e9sire.<\/p>\n<p>Un week-end \u00e0 l\u2019ambiance festive, musicale et conviviale, qui n\u2019est pas sans rappeler, le charme des guinguettes populaires d\u2019autrefois. Accessible \u00e0 tous, d\u00e8s ce vendredi 15 de 16 h \u00e0 23h, puis le lendemain samedi, de 11h \u00e0 23h et pour finir, dimanche de 11h \u00e0 17h.<\/p>\n<p>Un rendez-vous estival tr\u00e8s pris\u00e9 des gourmets et des \u00e9picuriens, tant du c\u00f4t\u00e9 des autochtones que de celui des vacanciers.\u00a0<\/p>\n<p><strong>Savoir+<\/strong><br \/>&#13;<br \/>\nRenseignements au 07.87.08.52.53.<\/p>\n","protected":false},"excerpt":{"rendered":"Pour la quatri\u00e8me ann\u00e9e, Green \u00c9vent et la brasserie La Cig, en partenariat avec la ville de La&hellip;\n","protected":false},"author":2,"featured_media":318776,"comment_status":"","ping_status":"","sticky":false,"template":"","format":"standard","meta":{"footnotes":""},"categories":[9619],"tags":[1111,11,2876,1777,674,1011,27,12,882,25,2310],"class_list":{"0":"post-318775","1":"post","2":"type-post","3":"status-publish","4":"format-standard","5":"has-post-thumbnail","7":"category-toulon","8":"tag-actu","9":"tag-actualites","10":"tag-conso-shopping","11":"tag-eu","12":"tag-europe","13":"tag-fr","14":"tag-france","15":"tag-news","16":"tag-provence-alpes-cote-dazur","17":"tag-republique-francaise","18":"tag-toulon"},"share_on_mastodon":{"url":"https:\/\/pubeurope.com\/@fr\/115027567157930209","error":""},"_links":{"self":[{"href":"https:\/\/www.europesays.com\/fr\/wp-json\/wp\/v2\/posts\/318775","targetHints":{"allow":["GET"]}}],"collection":[{"href":"https:\/\/www.europesays.com\/fr\/wp-json\/wp\/v2\/posts"}],"about":[{"href":"https:\/\/www.europesays.com\/fr\/wp-json\/wp\/v2\/types\/post"}],"author":[{"embeddable":true,"href":"https:\/\/www.europesays.com\/fr\/wp-json\/wp\/v2\/users\/2"}],"replies":[{"embeddable":true,"href":"https:\/\/www.europesays.com\/fr\/wp-json\/wp\/v2\/comments?post=318775"}],"version-history":[{"count":0,"href":"https:\/\/www.europesays.com\/fr\/wp-json\/wp\/v2\/posts\/318775\/revisions"}],"wp:featuredmedia":[{"embeddable":true,"href":"https:\/\/www.europesays.com\/fr\/wp-json\/wp\/v2\/media\/318776"}],"wp:attachment":[{"href":"https:\/\/www.europesays.com\/fr\/wp-json\/wp\/v2\/media?parent=318775"}],"wp:term":[{"taxonomy":"category","embeddable":true,"href":"https:\/\/www.europesays.com\/fr\/wp-json\/wp\/v2\/categories?post=318775"},{"taxonomy":"post_tag","embeddable":true,"href":"https:\/\/www.europesays.com\/fr\/wp-json\/wp\/v2\/tags?post=318775"}],"curies":[{"name":"wp","href":"https:\/\/api.w.org\/{rel}","templated":true}]}}