{"id":318779,"date":"2025-08-14T14:23:10","date_gmt":"2025-08-14T14:23:10","guid":{"rendered":"https:\/\/www.europesays.com\/fr\/318779\/"},"modified":"2025-08-14T14:23:10","modified_gmt":"2025-08-14T14:23:10","slug":"marignan-et-bohemien-vainqueurs-lors-du-trophee-des-as-a-mauguio","status":"publish","type":"post","link":"https:\/\/www.europesays.com\/fr\/318779\/","title":{"rendered":"Marignan et Boh\u00e9mien vainqueurs lors du Troph\u00e9e des As \u00e0 Mauguio"},"content":{"rendered":"<p><strong>Entr\u00e9e\u00a0: Le plein. Organisation\u00a0: Club taurin Le Melgueil.<\/strong><\/p>\n<p><strong>Pr\u00e9sidence\u00a0: Joris Alvarez.\u00a0<\/strong><strong>Raseteurs droitiers\u00a0: Oukharti, Boukharta, J.\u00a0Cadenas (sort apr\u00e8s le 3e), A.\u00a0Charrade, Chekade. <\/strong><strong>Raseteurs gauchers\u00a0: Gibert, El Mahboub, Aliaga, Naim.\u00a0<\/strong><strong>Tourneurs\u00a0: Miralles, Kherfouche, Moutet, Khaled.<\/strong><\/p>\n<p>Dans ce 23e Souvenir \u00ab\u00a0Manu et Jos\u00e9\u00a0\u00bb, <a href=\"https:\/\/www.laprovence.com\/article\/region\/99906302411169\/course-camarguaise-vaillance-et-bravoure-pour-louverture-du-trophee-pierry-gibert-a-lansargues\" target=\"_blank\" rel=\"noopener\">remport\u00e9 par Marignan et Boh\u00e9mien<\/a> (Rouquette), tous les raseteurs se sont investis pour un bon rendu.<\/p>\n<p>Cadenas, avant son retrait apr\u00e8s la pause, mais aussi les jeunes Oukharti et Boukharta qui sont \u00e0 f\u00e9liciter.<\/p>\n<p>Chez les cocardiers, Boh\u00e9mien (Rouquette) r\u00e9alise un tr\u00e8s bon quart d\u2019heure avec des coups de barri\u00e8re et des anticipations.<\/p>\n<p>\u00c0 ses c\u00f4t\u00e9s d\u2019Aguado (Caillan) qui d\u00e9bute brillamment, Galavard (Cuill\u00e9), costaud, et Faciato (Paulin), m\u00e9chant et dangereux, alors que Rabina (Rouquette) cl\u00f4ture la course avec brio.<\/p>\n<p>Un coup de c\u0153ur est d\u00e9cern\u00e9 \u00e0 K\u00e9lian Gibert.<\/p>\n<p><strong>AGUADO (Caillan, N.529).- <\/strong>D\u00e8s sa sortie, il effectue des s\u00e9ries conclues par des coups de barri\u00e8re.<\/p>\n<p>Aux ficelles (5e minute), il saute et moins percutant, laisse passer quelques rasets. Quand il vient, il termine fort. Avec pas mal de refus, il rentre sa 2e ficelle. 6 Carmen et rentr\u00e9e.<\/p>\n<p><strong>SAPHIR (Lafon, N.610).- <\/strong>Trois\u00a0minutes pour les rubans lev\u00e9s sur des d\u00e9placements puis aux ficelles, sans se fixer, il prend des rasets tout en l\u00e2chant prise avant les barri\u00e8res.<\/p>\n<p>Il prend un bon nombre de rasets et c\u00e8de sa 2e ficelle \u00e0 la 11e minute.<\/p>\n<p><strong>MANDARIN (M\u00e9janes, N.253).-<\/strong> Entrepris, on attaque les ficelles \u00e0 la 3e minute. Il se place, vient fort derri\u00e8re Marignan (2 fois), fait un tour en contre-piste et serre Cadenas.<\/p>\n<p>La 1re ficelle lev\u00e9e \u00e0 la 9e minute, il se montre moins percutant et conserve la seconde. 4 Carmen et rentr\u00e9e.<\/p>\n","protected":false},"excerpt":{"rendered":"Entr\u00e9e\u00a0: Le plein. Organisation\u00a0: Club taurin Le Melgueil. Pr\u00e9sidence\u00a0: Joris Alvarez.\u00a0Raseteurs droitiers\u00a0: Oukharti, Boukharta, J.\u00a0Cadenas (sort apr\u00e8s le&hellip;\n","protected":false},"author":2,"featured_media":318780,"comment_status":"","ping_status":"","sticky":false,"template":"","format":"standard","meta":{"footnotes":""},"categories":[9599],"tags":[17,1111,11,45699,13912,6466,1777,674,1011,27,7826,43344,2208,12,2680,16,25,32098,12071],"class_list":{"0":"post-318779","1":"post","2":"type-post","3":"status-publish","4":"format-standard","5":"has-post-thumbnail","7":"category-montpellier","8":"tag-17","9":"tag-actu","10":"tag-actualites","11":"tag-bohemien","12":"tag-camarguaise","13":"tag-course","14":"tag-eu","15":"tag-europe","16":"tag-fr","17":"tag-france","18":"tag-lors","19":"tag-marignan","20":"tag-montpellier","21":"tag-news","22":"tag-occitanie","23":"tag-region","24":"tag-republique-francaise","25":"tag-trophee","26":"tag-vainqueurs"},"share_on_mastodon":{"url":"https:\/\/pubeurope.com\/@fr\/115027575045264576","error":""},"_links":{"self":[{"href":"https:\/\/www.europesays.com\/fr\/wp-json\/wp\/v2\/posts\/318779","targetHints":{"allow":["GET"]}}],"collection":[{"href":"https:\/\/www.europesays.com\/fr\/wp-json\/wp\/v2\/posts"}],"about":[{"href":"https:\/\/www.europesays.com\/fr\/wp-json\/wp\/v2\/types\/post"}],"author":[{"embeddable":true,"href":"https:\/\/www.europesays.com\/fr\/wp-json\/wp\/v2\/users\/2"}],"replies":[{"embeddable":true,"href":"https:\/\/www.europesays.com\/fr\/wp-json\/wp\/v2\/comments?post=318779"}],"version-history":[{"count":0,"href":"https:\/\/www.europesays.com\/fr\/wp-json\/wp\/v2\/posts\/318779\/revisions"}],"wp:featuredmedia":[{"embeddable":true,"href":"https:\/\/www.europesays.com\/fr\/wp-json\/wp\/v2\/media\/318780"}],"wp:attachment":[{"href":"https:\/\/www.europesays.com\/fr\/wp-json\/wp\/v2\/media?parent=318779"}],"wp:term":[{"taxonomy":"category","embeddable":true,"href":"https:\/\/www.europesays.com\/fr\/wp-json\/wp\/v2\/categories?post=318779"},{"taxonomy":"post_tag","embeddable":true,"href":"https:\/\/www.europesays.com\/fr\/wp-json\/wp\/v2\/tags?post=318779"}],"curies":[{"name":"wp","href":"https:\/\/api.w.org\/{rel}","templated":true}]}}