{"id":318785,"date":"2025-08-14T14:30:15","date_gmt":"2025-08-14T14:30:15","guid":{"rendered":"https:\/\/www.europesays.com\/fr\/318785\/"},"modified":"2025-08-14T14:30:15","modified_gmt":"2025-08-14T14:30:15","slug":"un-pyromane-interpelle-il-venait-dallumer-un-feu-le-long-du-drac","status":"publish","type":"post","link":"https:\/\/www.europesays.com\/fr\/318785\/","title":{"rendered":"un pyromane interpell\u00e9, il venait d&rsquo;allumer un feu le long du Drac"},"content":{"rendered":"<p itemprop=\"description\"><strong>Quand on repense aux images des incendies r\u00e9cents dans l&rsquo;Aude, difficile d&rsquo;imaginer \u00e0 quoi pensait cet individu interpell\u00e9 ce mercredi soir \u00e0 Fontaine.<\/strong><\/p>\n<p>Il avait \u00e9t\u00e9 rep\u00e9r\u00e9 par des policiers municipaux en train de mettre le feu \u00e0 des papiers le long du Drac, au niveau du pont du Vercors. Les flammes s&rsquo;\u00e9taient ensuite propag\u00e9es \u00e0 la v\u00e9g\u00e9tation.<\/p>\n<p>Le pyromane de 33 ans a \u00e9t\u00e9 interpell\u00e9 vers 19h puis plac\u00e9 en garde \u00e0 vue. Il s&rsquo;agit d&rsquo;un homme d\u00e9j\u00e0 connu d\u00e9favorablement de la justice, avec plusieurs mentions \u00e0 son casier judiciaire.<\/p>\n<p>Quant au sinistre, il s&rsquo;est propag\u00e9 sur environ 1m2 de broussailles avant d&rsquo;\u00eatre \u00e9teint par les pompiers.<\/p>\n<p>Sans leur vigilance, les d\u00e9g\u00e2ts auraient pu \u00eatre colossaux, car les fortes temp\u00e9ratures et la s\u00e9cheresse sont propices au d\u00e9veloppement des incendies.<\/p>\n","protected":false},"excerpt":{"rendered":"Quand on repense aux images des incendies r\u00e9cents dans l&rsquo;Aude, difficile d&rsquo;imaginer \u00e0 quoi pensait cet individu interpell\u00e9&hellip;\n","protected":false},"author":2,"featured_media":318786,"comment_status":"","ping_status":"","sticky":false,"template":"","format":"standard","meta":{"footnotes":""},"categories":[9566],"tags":[1111,11,7733,8279,2430,7736,650,7734,2889,2263,1777,674,1011,27,2731,8280,6417,1114,108,4662,12,3725,1825,25,7737],"class_list":{"0":"post-318785","1":"post","2":"type-post","3":"status-publish","4":"format-standard","5":"has-post-thumbnail","7":"category-grenoble","8":"tag-actu","9":"tag-actualites","10":"tag-alpes","11":"tag-alpes1","12":"tag-auvergne-rhone-alpes","13":"tag-cds","14":"tag-cinema","15":"tag-ecoute","16":"tag-emission","17":"tag-equipe","18":"tag-eu","19":"tag-europe","20":"tag-fr","21":"tag-france","22":"tag-grenoble","23":"tag-haute","24":"tag-information","25":"tag-infos","26":"tag-isere","27":"tag-journal","28":"tag-news","29":"tag-podcast","30":"tag-radio","31":"tag-republique-francaise","32":"tag-winamp"},"share_on_mastodon":{"url":"https:\/\/pubeurope.com\/@fr\/115027602838651220","error":""},"_links":{"self":[{"href":"https:\/\/www.europesays.com\/fr\/wp-json\/wp\/v2\/posts\/318785","targetHints":{"allow":["GET"]}}],"collection":[{"href":"https:\/\/www.europesays.com\/fr\/wp-json\/wp\/v2\/posts"}],"about":[{"href":"https:\/\/www.europesays.com\/fr\/wp-json\/wp\/v2\/types\/post"}],"author":[{"embeddable":true,"href":"https:\/\/www.europesays.com\/fr\/wp-json\/wp\/v2\/users\/2"}],"replies":[{"embeddable":true,"href":"https:\/\/www.europesays.com\/fr\/wp-json\/wp\/v2\/comments?post=318785"}],"version-history":[{"count":0,"href":"https:\/\/www.europesays.com\/fr\/wp-json\/wp\/v2\/posts\/318785\/revisions"}],"wp:featuredmedia":[{"embeddable":true,"href":"https:\/\/www.europesays.com\/fr\/wp-json\/wp\/v2\/media\/318786"}],"wp:attachment":[{"href":"https:\/\/www.europesays.com\/fr\/wp-json\/wp\/v2\/media?parent=318785"}],"wp:term":[{"taxonomy":"category","embeddable":true,"href":"https:\/\/www.europesays.com\/fr\/wp-json\/wp\/v2\/categories?post=318785"},{"taxonomy":"post_tag","embeddable":true,"href":"https:\/\/www.europesays.com\/fr\/wp-json\/wp\/v2\/tags?post=318785"}],"curies":[{"name":"wp","href":"https:\/\/api.w.org\/{rel}","templated":true}]}}