{"id":318787,"date":"2025-08-14T14:31:10","date_gmt":"2025-08-14T14:31:10","guid":{"rendered":"https:\/\/www.europesays.com\/fr\/318787\/"},"modified":"2025-08-14T14:31:10","modified_gmt":"2025-08-14T14:31:10","slug":"pour-le-pont-du-15-aout-profitez-dateliers-et-de-concerts-a-labri-du-soleil","status":"publish","type":"post","link":"https:\/\/www.europesays.com\/fr\/318787\/","title":{"rendered":"pour le pont du 15 ao\u00fbt, profitez d&rsquo;ateliers et de concerts \u00e0 l&rsquo;abri du soleil"},"content":{"rendered":"<p>            Par<br \/>\n        <strong><br \/>\n            <a href=\"https:\/\/actu.fr\/auteur\/lou-batteux\" title=\"Consulter tous les articles de Lou Batteux\" rel=\"nofollow noopener\" target=\"_blank\">Lou Batteux<\/a><br \/>\n        <\/strong><\/p>\n<p>        Publi\u00e9 le<\/p>\n<p>            14 ao\u00fbt 2025 \u00e0 15h46        <\/p>\n<p>Ceux qui travaillent l\u2019attendent impatiemment, le <strong>week-end du 15\u00a0ao\u00fbt<\/strong> d\u00e9bute vendredi. Jeux en famille ou entre amis, spectacles, ateliers cr\u00e9atifs\u2026 Vous avez <strong>trois jours<\/strong> pour fl\u00e2ner dans les rues de Rennes et prendre part aux diverses activit\u00e9s qui y sont propos\u00e9es tout le week-end. Toutefois, attention \u00e0 la <strong>chaleur<\/strong>.<\/p>\n<p class=\" wall-content\">Celle-ci sera encore au rendez-vous ce week-end avec <a href=\"https:\/\/actu.fr\/bretagne\/rennes_35238\/il-va-faire-tres-tres-chaud-une-nouvelle-vague-de-chaleur-arrive-sur-la-bretagne-les-previsions_63027450.html\" rel=\"nofollow noopener\" target=\"_blank\">des temp\u00e9ratures grimpant jusqu\u2019\u00e0 <\/a><strong><a href=\"https:\/\/actu.fr\/bretagne\/rennes_35238\/il-va-faire-tres-tres-chaud-une-nouvelle-vague-de-chaleur-arrive-sur-la-bretagne-les-previsions_63027450.html\" rel=\"nofollow noopener\" target=\"_blank\">34\u00b0C samedi apr\u00e8s-midi<\/a>.<\/strong>\u00a0Dans ce contexte, la r\u00e9daction d\u2019<a href=\"https:\/\/actu.fr\/rennes\/\" rel=\"nofollow noopener\" target=\"_blank\">actu Rennes<\/a> a s\u00e9lectionn\u00e9 pour vous <strong>10\u00a0id\u00e9es de sorties \u00e0 l\u2019abri du soleil et de la chaleur<\/strong><strong> \u00e0 Rennes<\/strong>, du 15 au 17\u00a0ao\u00fbt.<\/p>\n<p>Parcours de cr\u00e9ation<\/p>\n<p class=\" wall-content\">Du lundi\u00a011 au vendredi 15\u00a0ao\u00fbt, <strong>ae\u00efette<\/strong>, site de cr\u00e9ation et d\u2019agro\u00e9cologie, propose aux enfants de <strong>6 \u00e0 12\u00a0ans<\/strong> un parcours de cr\u00e9ation en <strong>cinq ateliers<\/strong>. Intitul\u00e9 <strong>\u00ab\u2009Photogramma\u2009\u00bb<\/strong>, celui-ci vise \u00e0 faire d\u00e9couvrir aux plus jeunes deux proc\u00e9d\u00e9s de <strong>photogrammes <\/strong>(l\u2019anthotype et le syanotype).<\/p>\n<p class=\" wall-content\">L\u2019artiste <strong>Anita Gauran<\/strong> accueille les Rennais au 12, cours de Boh\u00eame, au Blosne, de <strong>10h \u00e0 12h<\/strong>. L\u2019atelier est <strong>gratuit<\/strong> sur inscription via <a href=\"https:\/\/framaforms.org\/parcours-3-photogramma-du-lundi-11-au-vendredi-15-aout-5-matinees-de-10h-a-12h-1752537615\" rel=\"nofollow noopener\" target=\"_blank\">ce formulaire<\/a>. Attention, les places sont limit\u00e9es.<\/p>\n<p>Parcours \u00ab\u2009Photogramma\u2009\u00bb avec ae\u00efette, site de cr\u00e9ation et d\u2019agro\u00e9cologie au 12, cours de Boh\u00eame, \u00e0 Rennes. Rendez-vous vendredi 15\u00a0ao\u00fbt, de 10h \u00e0 12h. Atelier gratuit.<\/p>\n<p>Un \u00e9t\u00e9 d\u2019Enfer<\/p>\n<p class=\" wall-content\">L\u2019association de jeux de r\u00f4le rennaise <strong>Enfer et Contre Tout<\/strong> vous accueille vendredi apr\u00e8s-midi, de <strong>14h \u00e0 19h<\/strong>, pour passer \u00ab\u2009un \u00e9t\u00e9 d\u2019enfer\u2009\u00bb.<\/p>\n<p class=\" wall-content\">\u00c0 la <strong>Maison de Quartier Francisco Ferrer<\/strong>, au 40, rue Montaigne, venez d\u00e9couvrir des jeux de r\u00f4les, des jeux de plateaux ainsi que des jeux de carte et de figurine. Que vous soyez v\u00e9t\u00e9rans ou n\u00e9ophytes, <strong>\u00ab\u2009vous \u00eates tous bienvenus\u2009\u00bb<\/strong>, indique l\u2019association.<\/p>\n<p>Jeux de soci\u00e9t\u00e9s avec l\u2019association Enfer et Contre Tout \u00e0 la Maison de Quartier Francisco Ferrer, au 40, rue Montaigne, vendredi 15\u00a0ao\u00fbt, de 14h \u00e0 19h. Activit\u00e9 gratuite.<\/p>\n<p>Bal de l\u2019\u00e9t\u00e9 \u00e0 Rennes<\/p>\n<p class=\" wall-content\">La <strong>Balette Saucisse<\/strong>, l\u2019association rennaise qui organise r\u00e9guli\u00e8rement des bals folks, s\u2019invite \u00e0 <strong>La Basse Cour<\/strong> vendredi 15\u00a0ao\u00fbt pour le grand \u00ab\u2009bal de l\u2019\u00e9t\u00e9\u2009\u00bb. Un bal folk sous les \u00e9toiles, une buvette joyeuse et une ambiance chaleureuse, la soir\u00e9e s\u2019annonce festive.<\/p>\n<p>    <a href=\"https:\/\/www.facebook.com\/plugins\/post.php?href=https%3A%2F%2Fwww.facebook.com%2Fbalettesaucisse%2Fposts%2Fpfbid0XmfnS4aLe5ohmMKetjnp8AKKnohncDKDG9swGQkPp3DBBkojR3MZqEX6my8wE9pUl&amp;show_text=true&amp;width=350\" title=\"Ouvrie le lien\" rel=\"nofollow noopener\" target=\"_blank\">Cliquez ici pour visualiser le contenu<\/a><\/p>\n<p class=\" wall-content\"><strong>Au programme<\/strong>\u2009<strong>:<\/strong> initiation \u00e0 la danse de 18h \u00e0 19h. Puis, de <strong>19h30 \u00e0 20h30<\/strong>, le nouveau <strong>duo de folk \u00e0 danser <\/strong><strong>Brime<\/strong> pr\u00e9sentera ses\u00a0compositions originales, croisant des morceaux traditionnels revisit\u00e9s \u00e0 la guitare et la clarinette.<\/p>\n<p class=\" wall-content\">De <strong>20h30 \u00e0 22h15<\/strong>, <strong>Anna Crouse<\/strong> fera chanter son accord\u00e9on diatonique. Elle sera accompagn\u00e9e de la violoncelliste berlinoise <strong>Christiane<\/strong>, du duo belgo-allemand Feather and Fox, pour une partie de son concert. Pour cl\u00f4turer la soir\u00e9e, un grand <strong>b\u0153uf<\/strong>, c\u2019est-\u00e0-dire un moment d\u2019improvisation musicale ouvert \u00e0 tout musicien, est pr\u00e9vu de <strong>22h30 \u00e0 23h30<\/strong>. Pensez \u00e0 ramener vos instruments. L\u2019entr\u00e9e se fait \u00e0<strong> \u00ab\u2009prix libre et conscient\u2009\u00bb<\/strong>, indique La Basse Cour.<\/p>\n<p>Bal de l\u2019\u00e9t\u00e9 \u00e0 La Basse Cour, vendredi 15\u00a0ao\u00fbt, de 18h \u00e0 23h30. Entr\u00e9e \u00e0 prix libre et conscient.<\/p>\n<p>Bingo musical<\/p>\n<p class=\" wall-content\">Apr\u00e8s ces activit\u00e9s ludiques et cr\u00e9atives, place \u00e0 un peu de d\u00e9tente \u00e0 l\u2019air frais, en fin de soir\u00e9e. Vendredi, de <strong>20h30 \u00e0 22h30<\/strong>, la <strong>guinguette du Parc des Bois<\/strong>, au parc des Gayeulles, propose un bingo sur le th\u00e8me de la musique.<\/p>\n<p>    <a href=\"https:\/\/www.facebook.com\/plugins\/post.php?href=https%3A%2F%2Fwww.facebook.com%2Fparcdesbois%2Fposts%2Fpfbid0WmmadNxWVez5DKf1FNu72pgfJbEvHckNw27AEQz8jieuivC4yxshczV6BZURMPVl&amp;show_text=true&amp;width=350\" title=\"Ouvrie le lien\" rel=\"nofollow noopener\" target=\"_blank\">Cliquez ici pour visualiser le contenu<\/a><\/p>\n<p class=\" wall-content\"><strong>\u00ab\u200950\u2009% Blind test, 50\u2009% Bingo, 100\u2009% Fun\u2009\u00bb,<\/strong> garantissent les organisateurs. Mais alors comment \u00e7a marche\u2009? Les num\u00e9ros habituels du bingo sont remplac\u00e9s par des <strong>titres de chansons<\/strong>. \u00ab\u2009\u00c0 chaque morceau diffus\u00e9, cochez le bon titre sur votre grille\u2009\u00bb. Si vous parvenez \u00e0 compl\u00e9ter une ligne ou une grille, criez bingo et esp\u00e9rez remporter un des nombreux <strong>lots \u00e0 gagner<\/strong>.<\/p>\n<p class=\" wall-content\">Pas besoin de s\u2019inscrire pour participer \u00e0 cette animation <strong>gratuite<\/strong>. Profitez-en pour manger ou boire un verre sur place, dans un cadre bucolique.<\/p>\n<p>Bingo musical \u00e0 la guinguette du Parc des Bois, au parc des Gayeulles, vendredi 15\u00a0ao\u00fbt, de 20h30 \u00e0 22h30. Animation gratuite sans inscription.<\/p>\n<p>Cabaret drag<\/p>\n<p class=\" wall-content\">Samedi 16\u00a0ao\u00fbt, la <strong>guinguette du Parc des Bois<\/strong> vous propose une autre soir\u00e9e festive et musicale. \u00c0 partir de <strong>20h<\/strong>, rendez-vous au parc des Gayeulles pour assister \u00e0 un <strong>spectacle de drag queen<\/strong>.<\/p>\n<p>    <a href=\"https:\/\/www.facebook.com\/plugins\/post.php?href=https%3A%2F%2Fwww.facebook.com%2Fparcdesbois%2Fposts%2Fpfbid0hFykPJgghHwu5RMRrxAPXdn5ZwMqiW9tZgyqdMbN6qgCeJQFXGZvJuhzhTcHHiNUl&amp;show_text=true&amp;width=350\" title=\"Ouvrie le lien\" rel=\"nofollow noopener\" target=\"_blank\">Cliquez ici pour visualiser le contenu<\/a><\/p>\n<p class=\" wall-content\">En humour et en chanson, les <strong>poup\u00e9es barbues<\/strong> accompagn\u00e9es de <strong>Gorki<\/strong> feront \u00ab\u2009monter la temp\u00e9rature\u2009\u00bb \u00e0 la guinguette. L\u2019entr\u00e9e est <strong>libre<\/strong>, mais vous \u00eates invit\u00e9s \u00e0 apporter du \u00ab\u2009cash pour le chapeau\u2009\u00bb.<\/p>\n<p>Spectacle drag \u00e0 la guinguette du Parc des Bois, au parc des Gayeulles, samedi 16\u00a0ao\u00fbt d\u00e8s 20h. Entr\u00e9e libre.<\/p>\n<p>Projections du Parlement<\/p>\n<p class=\" wall-content\">C\u2019est l\u2019avant-dernier week-end pour en profiter. Les <strong>projections spectaculaires sur le Parlement de Bretagne<\/strong> sont encore diffus\u00e9es du vendredi\u00a015 au dimanche 17\u00a0ao\u00fbt, de <strong>22h30 \u00e0 22h50<\/strong>.<\/p>\n<p class=\" wall-content\">Rendez-vous chaque soir sur la place du Parlement de Bretagne, \u00e0 Rennes, pour admirer ce spectacle color\u00e9 \u00ab\u2009bas\u00e9 sur une haute qualit\u00e9 visuelle\u2009\u00bb de <strong>18\u00a0minutes<\/strong>.<\/p>\n<p>Tout savoir sur les abeilles<\/p>\n<p class=\" wall-content\">Saviez-vous que l\u2019abeille \u00ab\u2009pollinise \u00e0 elle seule pr\u00e8s de 70\u2009% des plantes les plus utiles \u00e0 l\u2019alimentation humaine\u2009\u00bb\u2009? Dimanche 17\u00a0ao\u00fbt, de <strong>14h30 \u00e0 16h30<\/strong>, venez en apprendre davantage sur cet insecte hym\u00e9nopt\u00e8re \u00e0 <strong>l\u2019\u00e9comus\u00e9e de la Bintinais<\/strong>.<\/p>\n<p class=\" wall-content\">Rendez-vous en <strong>famille<\/strong> dans cette ferme manoir, route de Ch\u00e2tillon-sur-Seiche, \u00e0 Rennes, pour participer \u00e0 cet <strong>atelier gratuit <\/strong>et devenir des experts des abeilles.<\/p>\n<p>Atelier abeilles \u00e0 l\u2019\u00e9comus\u00e9e de la Bintinais, route de Ch\u00e2tillon-sur-Seiche, \u00e0 Rennes, dimanche 17\u00a0ao\u00fbt, de 14h30 \u00e0 16h30. Atelier gratuit et sans r\u00e9servation.<\/p>\n<p>Festival des Estivales de l\u2019Orgue<\/p>\n<p class=\" wall-content\">Les Estivales de l\u2019Orgue, ce sont des <strong>concerts<\/strong> qui mettent en lumi\u00e8re cet instrument \u00e0 vent tout le mois d\u2019ao\u00fbt, \u00e0 Rennes. Cette ann\u00e9e, le th\u00e8me des <strong>\u00ab\u2009Orgues au f\u00e9minin\u2009\u00bb<\/strong> met en avant plusieurs compositrices.<\/p>\n<p class=\" wall-content\">Dimanche 17\u00a0ao\u00fbt, de <strong>16h \u00e0 17h<\/strong>, Constance Taillard, \u00e0 <strong>l\u2019orgue<\/strong>, et Victor Dutot, au <strong>basson<\/strong>, feront r\u00e9sonner leurs instruments dans <strong>l\u2019\u00e9glise Saint-H\u00e9lier<\/strong>. Ce <strong>concert \u00e0 entr\u00e9e libre<\/strong>\u00a0vous fera traverser les \u00e9poques et les styles.<\/p>\n<p>Festival des Estivales de l\u2019Orgue dans l\u2019\u00e9glise Saint-H\u00e9lier, au 131 rue Saint-H\u00e9lier, dimanche 17\u00a0ao\u00fbt, de 16h \u00e0 17h. Entr\u00e9e et prix libres.<\/p>\n<p>Sazman en concert<\/p>\n<p class=\" wall-content\">Pour clore le week-end en beaut\u00e9, rendez-vous \u00e0 <strong>La Basse Cour<\/strong> pour assister au concert de Sazman, un groupe de <strong>musique psych\u00e9d\u00e9lique<\/strong> gr\u00e9co-turc. \u00ab\u2009Sazman c\u2019est le p\u00e9riple fou d\u2019un oud \u00e9lectrique, d\u2019une basse, d\u2019une batterie et d\u2019une voix satur\u00e9e\u2009\u00bb.<\/p>\n<p class=\" wall-content\">Dimanche 17\u00a0ao\u00fbt, de <strong>20h30 \u00e0 23h<\/strong>, retrouvez les artistes \u00e0 la Basse Cour, chemin Robert de Boron, \u00e0 Rennes, pour une soir\u00e9e festive qui vous transportera dans les ann\u00e9es 1970. L\u2019entr\u00e9e se fait \u00e0 <strong>prix libre<\/strong>.<\/p>\n<p>Concert du groupe Sazman \u00e0 La Basse Cour, chemin Robert de Boron, \u00e0 Rennes, dimanche 17\u00a0ao\u00fbt, de 20h30 \u00e0 23h. Entr\u00e9e \u00e0 prix libre.<\/p>\n<p class=\" wall-content\">Suivez toute l\u2019actualit\u00e9 de vos villes et m\u00e9dias favoris en vous inscrivant \u00e0 <a href=\"https:\/\/moncompte.actu.fr\" title=\"D\u00e9couvez Mon Actu\" rel=\"nofollow noopener\" data-trk=\"{&quot;cta&quot;:{&quot;action&quot;:&quot;https:\\\/\\\/moncompte.actu.fr&quot;,&quot;category&quot;:&quot;mon compte&quot;,&quot;from&quot;:&quot;article footer&quot;,&quot;name&quot;:&quot;Mon actu&quot;,&quot;type&quot;:&quot;cta&quot;}}\" target=\"_blank\">Mon Actu<\/a>.<\/p>\n","protected":false},"excerpt":{"rendered":"Par Lou Batteux Publi\u00e9 le 14 ao\u00fbt 2025 \u00e0 15h46 Ceux qui travaillent l\u2019attendent impatiemment, le week-end du&hellip;\n","protected":false},"author":2,"featured_media":18956,"comment_status":"","ping_status":"","sticky":false,"template":"","format":"standard","meta":{"footnotes":""},"categories":[2821],"tags":[1111,11,829,1697,1777,674,1011,27,1652,873,12,584,25],"class_list":{"0":"post-318787","1":"post","2":"type-post","3":"status-publish","4":"format-standard","5":"has-post-thumbnail","7":"category-rennes","8":"tag-actu","9":"tag-actualites","10":"tag-bretagne","11":"tag-concert","12":"tag-eu","13":"tag-europe","14":"tag-fr","15":"tag-france","16":"tag-loisirs-culture","17":"tag-musique","18":"tag-news","19":"tag-rennes","20":"tag-republique-francaise"},"share_on_mastodon":{"url":"https:\/\/pubeurope.com\/@fr\/115027606515598921","error":""},"_links":{"self":[{"href":"https:\/\/www.europesays.com\/fr\/wp-json\/wp\/v2\/posts\/318787","targetHints":{"allow":["GET"]}}],"collection":[{"href":"https:\/\/www.europesays.com\/fr\/wp-json\/wp\/v2\/posts"}],"about":[{"href":"https:\/\/www.europesays.com\/fr\/wp-json\/wp\/v2\/types\/post"}],"author":[{"embeddable":true,"href":"https:\/\/www.europesays.com\/fr\/wp-json\/wp\/v2\/users\/2"}],"replies":[{"embeddable":true,"href":"https:\/\/www.europesays.com\/fr\/wp-json\/wp\/v2\/comments?post=318787"}],"version-history":[{"count":0,"href":"https:\/\/www.europesays.com\/fr\/wp-json\/wp\/v2\/posts\/318787\/revisions"}],"wp:featuredmedia":[{"embeddable":true,"href":"https:\/\/www.europesays.com\/fr\/wp-json\/wp\/v2\/media\/18956"}],"wp:attachment":[{"href":"https:\/\/www.europesays.com\/fr\/wp-json\/wp\/v2\/media?parent=318787"}],"wp:term":[{"taxonomy":"category","embeddable":true,"href":"https:\/\/www.europesays.com\/fr\/wp-json\/wp\/v2\/categories?post=318787"},{"taxonomy":"post_tag","embeddable":true,"href":"https:\/\/www.europesays.com\/fr\/wp-json\/wp\/v2\/tags?post=318787"}],"curies":[{"name":"wp","href":"https:\/\/api.w.org\/{rel}","templated":true}]}}