{"id":318790,"date":"2025-08-14T14:34:15","date_gmt":"2025-08-14T14:34:15","guid":{"rendered":"https:\/\/www.europesays.com\/fr\/318790\/"},"modified":"2025-08-14T14:34:15","modified_gmt":"2025-08-14T14:34:15","slug":"un-milieu-a-10me-arrive-un-jeune-talent-vers-la-ligue-2","status":"publish","type":"post","link":"https:\/\/www.europesays.com\/fr\/318790\/","title":{"rendered":"un milieu \u00e0 10M\u20ac arrive, un jeune talent vers la Ligue 2"},"content":{"rendered":"<p>Cet \u00e9t\u00e9, le <a href=\"https:\/\/www.dailymercato.com\/club\/rc-strasbourg-alsace-33\" rel=\"nofollow noopener\" target=\"_blank\">Racing Club de Strasbourg<\/a> a d\u00e9pens\u00e9 102 millions d&rsquo;euros. Une somme colossale, avec un objectif majeur : disputer la <a href=\"https:\/\/www.dailymercato.com\/ligue-des-champions\" rel=\"nofollow noopener\" target=\"_blank\">Ligue des champions<\/a> la saison prochaine. Bien \u00e9videmment, les Alsaciens ont d\u00fb faire face \u00e0 plusieurs d\u00e9parts de taille.\u00a0<\/p>\n<p>Mais au milieu de terrain, par exemple, le groupe de Liam Rosenior a enregistr\u00e9 plusieurs arriv\u00e9es prometteuses. Mathis Amougou, ancien de l&rsquo;ASSE, Valentin Barco, Papa Demba Diop, plusieurs profils qui pourraient exploser en <a href=\"https:\/\/www.dailymercato.com\/ligue-1\" rel=\"nofollow noopener\" target=\"_blank\">Ligue 1<\/a>. Et ce n&rsquo;est peut-\u00eatre pas termin\u00e9.\u00a0<\/p>\n<blockquote class=\"twitter-tweet\"><p>&#13;<\/p>\n<p dir=\"ltr\" lang=\"fr\">\ud83d\udea8\ud83d\udd35 Cela avance pour Valentin Atangana! <\/p>\n<p>\ud83c\uddeb\ud83c\uddf7 Le Racing Strasbourg a soumis ce mercredi une nouvelle offre au Stade de Reims pour le Fran\u00e7ais. <\/p>\n<p>\ud83d\udde3\ufe0f Les discussions avancent avec l&rsquo;objectif d&rsquo;aboutir un accord. Atangana a ouvert la porte au <a href=\"https:\/\/twitter.com\/hashtag\/RCSA?src=hash&amp;ref_src=twsrc%5Etfw\" rel=\"nofollow noopener\" target=\"_blank\">#RCSA<\/a>. <\/p>\n<p>\u23f3 Wait&amp;See&#8230; <a href=\"https:\/\/twitter.com\/hashtag\/mercato?src=hash&amp;ref_src=twsrc%5Etfw\" rel=\"nofollow noopener\" target=\"_blank\">#mercato<\/a> <a href=\"https:\/\/twitter.com\/hashtag\/Ligue1?src=hash&amp;ref_src=twsrc%5Etfw\" rel=\"nofollow noopener\" target=\"_blank\">#Ligue1<\/a>\u2026 <a href=\"https:\/\/t.co\/SpCJTNCrFj\" rel=\"nofollow\">https:\/\/t.co\/SpCJTNCrFj<\/a> <a href=\"https:\/\/t.co\/jCGSn0hnHq\" rel=\"nofollow\">pic.twitter.com\/jCGSn0hnHq<\/a><\/p>\n<p>&#13;<br \/>\n\u2014 Sacha Tavolieri (@sachatavolieri) <a href=\"https:\/\/twitter.com\/sachatavolieri\/status\/1955679876003844281?ref_src=twsrc%5Etfw\" rel=\"nofollow noopener\" target=\"_blank\">August 13, 2025<\/a><\/p><\/blockquote>\n<p>Atangana se rapproche, Strasbourg se d\u00e9leste<\/p>\n<p>Cette fois, c&rsquo;est la bonne ? Comme l&rsquo;indique Sacha Tavolieri, Strasbourg a soumis une troisi\u00e8me offre au Stade de Reims pour Valentin Atangana. Le milieu de terrain de 20 ans est estim\u00e9 \u00e0 10 millions d&rsquo;euros par les sites sp\u00e9cialis\u00e9s.\u00a0<\/p>\n<p>Dans l&rsquo;autre sens, Africa Foot r\u00e9v\u00e8le que les Alsaciens pourraient envoyer\u00a0Elies Araar-Frenandez en <a href=\"https:\/\/www.dailymercato.com\/ligue-2\" rel=\"nofollow noopener\" target=\"_blank\">Ligue 2<\/a>. Ainsi, un pr\u00eat du lat\u00e9ral gauche tunisien de 18 ans serait actuellement discut\u00e9 avec le promu Boulogne-sur-Mer. Affaires \u00e0 suivre.\u00a0<\/p>\n<p>Nordiste pure souche, qui pr\u00e9f\u00e8re un bon match de National avec l&rsquo;USBCO \u00e0 la rivalit\u00e9 entre le RC Lens et le LOSC. Fan des grosses ambiances avant tout, de l&rsquo;ASSE \u00e0 l&rsquo;OM en passant par Strasbourg. Aux armes !<\/p>\n<p>            <script async src=\"https:\/\/platform.twitter.com\/widgets.js\" charset=\"utf-8\"><\/script><\/p>\n","protected":false},"excerpt":{"rendered":"Cet \u00e9t\u00e9, le Racing Club de Strasbourg a d\u00e9pens\u00e9 102 millions d&rsquo;euros. Une somme colossale, avec un objectif&hellip;\n","protected":false},"author":2,"featured_media":43523,"comment_status":"","ping_status":"","sticky":false,"template":"","format":"standard","meta":{"footnotes":""},"categories":[2820],"tags":[1111,11,1777,674,1011,27,775,12,25,640],"class_list":{"0":"post-318790","1":"post","2":"type-post","3":"status-publish","4":"format-standard","5":"has-post-thumbnail","7":"category-strasbourg","8":"tag-actu","9":"tag-actualites","10":"tag-eu","11":"tag-europe","12":"tag-fr","13":"tag-france","14":"tag-grand-est","15":"tag-news","16":"tag-republique-francaise","17":"tag-strasbourg"},"share_on_mastodon":{"url":"https:\/\/pubeurope.com\/@fr\/115027618336461020","error":""},"_links":{"self":[{"href":"https:\/\/www.europesays.com\/fr\/wp-json\/wp\/v2\/posts\/318790","targetHints":{"allow":["GET"]}}],"collection":[{"href":"https:\/\/www.europesays.com\/fr\/wp-json\/wp\/v2\/posts"}],"about":[{"href":"https:\/\/www.europesays.com\/fr\/wp-json\/wp\/v2\/types\/post"}],"author":[{"embeddable":true,"href":"https:\/\/www.europesays.com\/fr\/wp-json\/wp\/v2\/users\/2"}],"replies":[{"embeddable":true,"href":"https:\/\/www.europesays.com\/fr\/wp-json\/wp\/v2\/comments?post=318790"}],"version-history":[{"count":0,"href":"https:\/\/www.europesays.com\/fr\/wp-json\/wp\/v2\/posts\/318790\/revisions"}],"wp:featuredmedia":[{"embeddable":true,"href":"https:\/\/www.europesays.com\/fr\/wp-json\/wp\/v2\/media\/43523"}],"wp:attachment":[{"href":"https:\/\/www.europesays.com\/fr\/wp-json\/wp\/v2\/media?parent=318790"}],"wp:term":[{"taxonomy":"category","embeddable":true,"href":"https:\/\/www.europesays.com\/fr\/wp-json\/wp\/v2\/categories?post=318790"},{"taxonomy":"post_tag","embeddable":true,"href":"https:\/\/www.europesays.com\/fr\/wp-json\/wp\/v2\/tags?post=318790"}],"curies":[{"name":"wp","href":"https:\/\/api.w.org\/{rel}","templated":true}]}}