{"id":318791,"date":"2025-08-14T14:35:10","date_gmt":"2025-08-14T14:35:10","guid":{"rendered":"https:\/\/www.europesays.com\/fr\/318791\/"},"modified":"2025-08-14T14:35:10","modified_gmt":"2025-08-14T14:35:10","slug":"aucune-analyse-na-conclu-a-une-qualite-insuffisante-la-ville-de-saint-laurent-du-var-defend-ses-eaux-de-baignade","status":"publish","type":"post","link":"https:\/\/www.europesays.com\/fr\/318791\/","title":{"rendered":"\u00ab\u00a0Aucune analyse n\u2019a conclu \u00e0 une qualit\u00e9 insuffisante\u00a0\u00bb: la ville de Saint-Laurent-du-Var d\u00e9fend ses eaux de baignade"},"content":{"rendered":"<p>Les eaux de baignade de<strong> Saint-Laurent-du-Var<\/strong> sont-elles de bonne qualit\u00e9? Affirmatif, fait savoir la municipalit\u00e9, r\u00e9agissant \u00e0 l\u2019article paru hier faisant \u00e9tat d\u2019<a href=\"https:\/\/www.nicematin.com\/vie-locale\/de-l-eau-sale-s-est-encore-deversee-dans-la-mer-entre-cagnes-et-saint-laurent-997795\" rel=\"nofollow noopener\" target=\"_blank\">une nouvelle pollution d\u2019origine ind\u00e9termin\u00e9e plage des Vespins, \u00e0 cheval entre Cagnes-sur-Mer et Saint-Laurent-du-Var.<\/a><\/p>\n<p>Selon la commune, entre le 4 juin et le 6 ao\u00fbt, 45 pr\u00e9l\u00e8vements ont \u00e9t\u00e9 r\u00e9alis\u00e9s avec l\u2019agence r\u00e9gionale de Sant\u00e9 (ARS) sur cinq plages (Flots bleus, Go\u00e9lands, Vespins, Landsberg et Cousteau). Tous les r\u00e9sultats sont au vert, sauf le 4 juin (moyen partout sauf aux Vespins), le 21 juillet (moyen partout sauf aux Vespins) et le 29 juillet (bon partout sauf aux Vespins). \u00ab\u00a0Aucune analyse n\u2019a conclu \u00e0 une qualit\u00e9 insuffisante, se f\u00e9licite la Ville. Les param\u00e8tres bact\u00e9riologiques sont toujours en dessous des seuils r\u00e9glementaires, et la transparence de l\u2019eau est de plus ou moins un m\u00e8tre.\u00a0\u00bb <\/p>\n<p>                                Les plages Landsberg et Cousteau toujours ferm\u00e9es <\/p>\n<p>Les plages Landsberg et Cousteau, d\u00e9j\u00e0 ferm\u00e9es en 2024, le restent par d\u00e9cision administrative, malgr\u00e9 de bons r\u00e9sultats: apr\u00e8s cinq ann\u00e9es cons\u00e9cutives de mauvais r\u00e9sultats, les plages sont automatiquement ferm\u00e9es un an. Si tout va bien, elles devraient rouvrir l\u2019ann\u00e9e prochaine. Concernant le scandale de la station d\u2019\u00e9puration de Saint-Laurent, qui a rejet\u00e9 des eaux us\u00e9es \u00e0 l\u2019embouchure du fleuve pendant des ann\u00e9es, polluant r\u00e9guli\u00e8rement les plages \u00e0 proximit\u00e9, la Ville tient \u00e0 rappeler qu\u2019\u00a0\u00bbau printemps, elle a b\u00e9n\u00e9fici\u00e9 de travaux majeurs sur ses membranes de filtration et d\u2019une optimisation de ses traitements biologiques. Depuis ces interventions, aucun probl\u00e8me ayant engendr\u00e9 de pollution n\u2019a \u00e9t\u00e9 constat\u00e9 sur notre commune en lien avec la station \u00ab\u00a0.<\/p>\n","protected":false},"excerpt":{"rendered":"Les eaux de baignade de Saint-Laurent-du-Var sont-elles de bonne qualit\u00e9? Affirmatif, fait savoir la municipalit\u00e9, r\u00e9agissant \u00e0 l\u2019article&hellip;\n","protected":false},"author":2,"featured_media":318792,"comment_status":"","ping_status":"","sticky":false,"template":"","format":"standard","meta":{"footnotes":""},"categories":[2819],"tags":[1111,11,436,1777,674,1011,27,12,2401,882,25],"class_list":{"0":"post-318791","1":"post","2":"type-post","3":"status-publish","4":"format-standard","5":"has-post-thumbnail","7":"category-nice","8":"tag-actu","9":"tag-actualites","10":"tag-environnement","11":"tag-eu","12":"tag-europe","13":"tag-fr","14":"tag-france","15":"tag-news","16":"tag-nice","17":"tag-provence-alpes-cote-dazur","18":"tag-republique-francaise"},"share_on_mastodon":{"url":"https:\/\/pubeurope.com\/@fr\/115027622309271914","error":""},"_links":{"self":[{"href":"https:\/\/www.europesays.com\/fr\/wp-json\/wp\/v2\/posts\/318791","targetHints":{"allow":["GET"]}}],"collection":[{"href":"https:\/\/www.europesays.com\/fr\/wp-json\/wp\/v2\/posts"}],"about":[{"href":"https:\/\/www.europesays.com\/fr\/wp-json\/wp\/v2\/types\/post"}],"author":[{"embeddable":true,"href":"https:\/\/www.europesays.com\/fr\/wp-json\/wp\/v2\/users\/2"}],"replies":[{"embeddable":true,"href":"https:\/\/www.europesays.com\/fr\/wp-json\/wp\/v2\/comments?post=318791"}],"version-history":[{"count":0,"href":"https:\/\/www.europesays.com\/fr\/wp-json\/wp\/v2\/posts\/318791\/revisions"}],"wp:featuredmedia":[{"embeddable":true,"href":"https:\/\/www.europesays.com\/fr\/wp-json\/wp\/v2\/media\/318792"}],"wp:attachment":[{"href":"https:\/\/www.europesays.com\/fr\/wp-json\/wp\/v2\/media?parent=318791"}],"wp:term":[{"taxonomy":"category","embeddable":true,"href":"https:\/\/www.europesays.com\/fr\/wp-json\/wp\/v2\/categories?post=318791"},{"taxonomy":"post_tag","embeddable":true,"href":"https:\/\/www.europesays.com\/fr\/wp-json\/wp\/v2\/tags?post=318791"}],"curies":[{"name":"wp","href":"https:\/\/api.w.org\/{rel}","templated":true}]}}