{"id":318793,"date":"2025-08-14T14:36:12","date_gmt":"2025-08-14T14:36:12","guid":{"rendered":"https:\/\/www.europesays.com\/fr\/318793\/"},"modified":"2025-08-14T14:36:12","modified_gmt":"2025-08-14T14:36:12","slug":"parcs-et-jardins-publics-fermes","status":"publish","type":"post","link":"https:\/\/www.europesays.com\/fr\/318793\/","title":{"rendered":"parcs et jardins publics ferm\u00e9s"},"content":{"rendered":"<p>            Par<br \/>\n        <strong><br \/>\n            <a href=\"https:\/\/actu.fr\/auteur\/famenta-news\" title=\"Consulter tous les articles de Florine Amenta\" rel=\"nofollow noopener\" target=\"_blank\">Florine Amenta<\/a><br \/>\n        <\/strong><\/p>\n<p>        Publi\u00e9 le<\/p>\n<p>            14 ao\u00fbt 2025 \u00e0 16h22        <\/p>\n<p>Apr\u00e8s les <a href=\"https:\/\/actu.fr\/provence-alpes-cote-d-azur\/nice_06088\/alerte-meteo-a-nice-orages-canicule-et-rafales-de-vent-selon-les-previsions_63034106.html\" rel=\"nofollow noopener\" target=\"_blank\">orages<\/a> et la <a href=\"https:\/\/actu.fr\/provence-alpes-cote-d-azur\/nice_06088\/canicule-a-nice-des-temperatures-etouffantes-annoncees-et-ca-va-durer_63020567.html\" rel=\"nofollow noopener\" target=\"_blank\">canicule<\/a>\u2026 \u00c0 <a href=\"https:\/\/actu.fr\/nice\/\" rel=\"nofollow noopener\" target=\"_blank\">Nice<\/a>, place au vent violent. Ce jeudi apr\u00e8s-midi, M\u00e9t\u00e9o-France a plac\u00e9 les <a href=\"https:\/\/actu.fr\/provence-alpes-cote-d-azur\/alpes-maritimes_06\" rel=\"nofollow noopener\" target=\"_blank\">Alpes-Maritimes<\/a> en vigilance jaune \u00ab\u2009vent violent\u2009\u00bb. Le d\u00e9partement \u00e9tait d\u00e9j\u00e0 en <strong>vigilance jaune aux orages<\/strong> de 12h \u00e0 21h.<\/p>\n<p class=\" wall-content\">Une vigilance orange \u00ab\u2009canicule\u2009\u00bb est d\u00e9j\u00e0 en vigueur depuis dimanche et jusqu\u2019au samedi 16\u00a0ao\u00fbt minimum. Des averses orageuses sont pr\u00e9vues dans l\u2019apr\u00e8s-midi et les temp\u00e9ratures devraient avoisiner les<strong> 30\u00b0C<\/strong>.<\/p>\n<p>Sentier du littoral ferm\u00e9<\/p>\n<p class=\" wall-content\">\u00c0 Nice, les <strong>parcs, jardins et cimeti\u00e8res<\/strong> ainsi que le sentier du littoral sont ferm\u00e9s depuis 16h. Cela inclut aussi la Colline du ch\u00e2teau et donc l\u2019annulation de la repr\u00e9sentation de la Castellada, pr\u00e9vue ce jeudi 14\u00a0ao\u00fbt au soir.<\/p>\n<p class=\" wall-content\">Des rafales pouvant atteindre les<strong> 94km\/h<\/strong> sont attendues en bord de mer. La baignade est fortement d\u00e9conseill\u00e9e\u2009: la mer sera tr\u00e8s agit\u00e9e.<\/p>\n<p class=\" wall-content\">Ce ph\u00e9nom\u00e8ne devrait durer jusque dans la nuit.<\/p>\n<p class=\" wall-content\">Suivez toute l\u2019actualit\u00e9 de vos villes et m\u00e9dias favoris en vous inscrivant \u00e0 <a href=\"https:\/\/moncompte.actu.fr\" title=\"D\u00e9couvez Mon Actu\" rel=\"nofollow noopener\" data-trk=\"{&quot;cta&quot;:{&quot;action&quot;:&quot;https:\\\/\\\/moncompte.actu.fr&quot;,&quot;category&quot;:&quot;mon compte&quot;,&quot;from&quot;:&quot;article footer&quot;,&quot;name&quot;:&quot;Mon actu&quot;,&quot;type&quot;:&quot;cta&quot;}}\" target=\"_blank\">Mon Actu<\/a>.<\/p>\n","protected":false},"excerpt":{"rendered":"Par Florine Amenta Publi\u00e9 le 14 ao\u00fbt 2025 \u00e0 16h22 Apr\u00e8s les orages et la canicule\u2026 \u00c0 Nice,&hellip;\n","protected":false},"author":2,"featured_media":318794,"comment_status":"","ping_status":"","sticky":false,"template":"","format":"standard","meta":{"footnotes":""},"categories":[2819],"tags":[1111,11,1777,674,1011,27,2487,2357,12,2401,4594,882,25],"class_list":{"0":"post-318793","1":"post","2":"type-post","3":"status-publish","4":"format-standard","5":"has-post-thumbnail","7":"category-nice","8":"tag-actu","9":"tag-actualites","10":"tag-eu","11":"tag-europe","12":"tag-fr","13":"tag-france","14":"tag-meteo","15":"tag-meteo-france","16":"tag-news","17":"tag-nice","18":"tag-orages","19":"tag-provence-alpes-cote-dazur","20":"tag-republique-francaise"},"share_on_mastodon":{"url":"https:\/\/pubeurope.com\/@fr\/115027626105215197","error":""},"_links":{"self":[{"href":"https:\/\/www.europesays.com\/fr\/wp-json\/wp\/v2\/posts\/318793","targetHints":{"allow":["GET"]}}],"collection":[{"href":"https:\/\/www.europesays.com\/fr\/wp-json\/wp\/v2\/posts"}],"about":[{"href":"https:\/\/www.europesays.com\/fr\/wp-json\/wp\/v2\/types\/post"}],"author":[{"embeddable":true,"href":"https:\/\/www.europesays.com\/fr\/wp-json\/wp\/v2\/users\/2"}],"replies":[{"embeddable":true,"href":"https:\/\/www.europesays.com\/fr\/wp-json\/wp\/v2\/comments?post=318793"}],"version-history":[{"count":0,"href":"https:\/\/www.europesays.com\/fr\/wp-json\/wp\/v2\/posts\/318793\/revisions"}],"wp:featuredmedia":[{"embeddable":true,"href":"https:\/\/www.europesays.com\/fr\/wp-json\/wp\/v2\/media\/318794"}],"wp:attachment":[{"href":"https:\/\/www.europesays.com\/fr\/wp-json\/wp\/v2\/media?parent=318793"}],"wp:term":[{"taxonomy":"category","embeddable":true,"href":"https:\/\/www.europesays.com\/fr\/wp-json\/wp\/v2\/categories?post=318793"},{"taxonomy":"post_tag","embeddable":true,"href":"https:\/\/www.europesays.com\/fr\/wp-json\/wp\/v2\/tags?post=318793"}],"curies":[{"name":"wp","href":"https:\/\/api.w.org\/{rel}","templated":true}]}}