{"id":318798,"date":"2025-08-14T14:41:10","date_gmt":"2025-08-14T14:41:10","guid":{"rendered":"https:\/\/www.europesays.com\/fr\/318798\/"},"modified":"2025-08-14T14:41:10","modified_gmt":"2025-08-14T14:41:10","slug":"a-bordeaux-les-piscines-seront-exceptionnellement-ouvertes-le-15-aout","status":"publish","type":"post","link":"https:\/\/www.europesays.com\/fr\/318798\/","title":{"rendered":"\u00e0 Bordeaux, les piscines seront exceptionnellement ouvertes le 15 ao\u00fbt"},"content":{"rendered":"<p>La Gironde reste plac\u00e9e en vigilance orange canicule. \u00c0 la veille de ce week-end prolong\u00e9, la mairie a d\u00e9cid\u00e9 de renforcer ses mesures de pr\u00e9vention.<\/p>\n<p class=\"fig-paragraph\">Tout pour se rafra\u00eechir. Alors que le week-end s\u2019annonce encore (tr\u00e8s) chaud \u00e0\u00a0<a href=\"https:\/\/www.lefigaro.fr\/bordeaux?msockid=258c4318a154643d05395665a0ed65f9\" target=\"_blank\" data-fig-type=\"Section\" rel=\"sponsored noopener\" data-gtm-custom-categorie=\"navigation\" data-gtm-custom-action=\"crossclick\" data-gtm-custom-label=\"Contextuel\" data-gtm-event=\"customEventSPE\" data-fig-domain=\"LEFIGARO\">Bordeaux<\/a>, avec des temp\u00e9ratures qui vont avoisiner les 40 degr\u00e9s Celsius, la municipalit\u00e9 a annonc\u00e9 des nouvelles mesures pour affronter l\u2019\u00e9pisode caniculaire. Ce vendredi 15 ao\u00fbt, trois\u00a0<a href=\"https:\/\/www.lefigaro.fr\/jardin\/voici-comment-arroser-le-jardin-avec-l-eau-de-la-piscine-sans-polluer-20250814?msockid=258c4318a154643d05395665a0ed65f9\" target=\"_blank\" data-fig-type=\"Article\" rel=\"sponsored noopener\" data-gtm-custom-categorie=\"navigation\" data-gtm-custom-action=\"crossclick\" data-gtm-custom-label=\"Contextuel\" data-gtm-event=\"customEventSPE\" data-fig-domain=\"LEFIGARO\">piscines<\/a>\u00a0municipales habituellement ferm\u00e9es les jours f\u00e9ri\u00e9s (Juda\u00efque-Jean Boiteux, Galin et Georges Tissot) accueilleront le public de 15h \u00e0 20h. Jusqu\u2019\u00e0 la fin de l\u2019alerte orange, l\u2019ensemble des piscines prolongera \u00e9galement ses horaires jusqu\u2019\u00e0 20h.<\/p>\n<p class=\"fig-paragraph\">La plage de\u00a0<a href=\"https:\/\/www.lefigaro.fr\/bordeaux\/bordeaux-sur-la-plage-du-lac-les-espaces-verts-pollues-aux-metaux-lourds-inquietent-les-riverains-20250605?msockid=258c4318a154643d05395665a0ed65f9\" target=\"_blank\" data-fig-type=\"NewsFlash\" rel=\"sponsored noopener\" data-gtm-custom-categorie=\"navigation\" data-gtm-custom-action=\"crossclick\" data-gtm-custom-label=\"Contextuel\" data-gtm-event=\"customEventSPE\" data-fig-domain=\"LEFIGARO\">Bordeaux-Lac<\/a>\u00a0b\u00e9n\u00e9ficiera \u00e9galement d\u2019une surveillance renforc\u00e9e jusqu\u2019\u00e0 20h. Les mus\u00e9es municipaux, tous climatis\u00e9s, resteront ouverts de 11h \u00e0 18h, jusqu\u2019\u00e0 dimanche. Les parcs et jardins conservent leurs horaires \u00e9tendus, jusqu\u2019\u00e0 23h.<\/p>\n<p>                                    <a class=\"fig-a11y-skip a11y-hidden\" href=\"#fig-a11y-skip-main-inarticle\"><br \/>\n        Passer la publicit\u00e9<br \/>\n    <\/a><\/p>\n<p>19 sites \u00e9quip\u00e9s de brumisateurs<\/p>\n<p class=\"fig-paragraph\">Le centre Jean-Moulin reste ouvert pour recevoir quotidiennement les sans-abri de 13h \u00e0 22 h, avec l\u2019appui de la r\u00e9serve citoyenne m\u00e9tropolitaine et des associations partenaires. Un acc\u00e8s aux douches sera \u00e9galement propos\u00e9 place Pey Berland, en face de la mairie, dans des camions de la Croix-Rouge, de 13h \u00e0 22h. La municipalit\u00e9 rappelle que \u00ab19 sites \u00e9quip\u00e9s de brumisateurs et de nombreux points d\u2019eau potable sont \u00e9galement \u00e0 disposition dans la ville\u00bb.<\/p>\n<p>La mairie annonce \u00e9galement que le Centre communal d\u2019action sociale (CCAS) et les m\u00e9diateurs accentuent leur pr\u00e9sence dans les rues. Ils distribueront des bouteilles d\u2019eau, d\u00e9livreront des messages de pr\u00e9vention et orienteront les Bordelais et les touristes vers les points d\u2019accueil et de rafra\u00eechissement.<\/p>\n","protected":false},"excerpt":{"rendered":"La Gironde reste plac\u00e9e en vigilance orange canicule. \u00c0 la veille de ce week-end prolong\u00e9, la mairie a&hellip;\n","protected":false},"author":2,"featured_media":318799,"comment_status":"","ping_status":"","sticky":false,"template":"","format":"standard","meta":{"footnotes":""},"categories":[2817],"tags":[1111,11,1997,13208,1777,674,1011,27,12,2219,18812,25],"class_list":{"0":"post-318798","1":"post","2":"type-post","3":"status-publish","4":"format-standard","5":"has-post-thumbnail","7":"category-bordeaux","8":"tag-actu","9":"tag-actualites","10":"tag-bordeaux","11":"tag-chaleur","12":"tag-eu","13":"tag-europe","14":"tag-fr","15":"tag-france","16":"tag-news","17":"tag-nouvelle-aquitaine","18":"tag-piscines","19":"tag-republique-francaise"},"share_on_mastodon":{"url":"https:\/\/pubeurope.com\/@fr\/115027645858272458","error":""},"_links":{"self":[{"href":"https:\/\/www.europesays.com\/fr\/wp-json\/wp\/v2\/posts\/318798","targetHints":{"allow":["GET"]}}],"collection":[{"href":"https:\/\/www.europesays.com\/fr\/wp-json\/wp\/v2\/posts"}],"about":[{"href":"https:\/\/www.europesays.com\/fr\/wp-json\/wp\/v2\/types\/post"}],"author":[{"embeddable":true,"href":"https:\/\/www.europesays.com\/fr\/wp-json\/wp\/v2\/users\/2"}],"replies":[{"embeddable":true,"href":"https:\/\/www.europesays.com\/fr\/wp-json\/wp\/v2\/comments?post=318798"}],"version-history":[{"count":0,"href":"https:\/\/www.europesays.com\/fr\/wp-json\/wp\/v2\/posts\/318798\/revisions"}],"wp:featuredmedia":[{"embeddable":true,"href":"https:\/\/www.europesays.com\/fr\/wp-json\/wp\/v2\/media\/318799"}],"wp:attachment":[{"href":"https:\/\/www.europesays.com\/fr\/wp-json\/wp\/v2\/media?parent=318798"}],"wp:term":[{"taxonomy":"category","embeddable":true,"href":"https:\/\/www.europesays.com\/fr\/wp-json\/wp\/v2\/categories?post=318798"},{"taxonomy":"post_tag","embeddable":true,"href":"https:\/\/www.europesays.com\/fr\/wp-json\/wp\/v2\/tags?post=318798"}],"curies":[{"name":"wp","href":"https:\/\/api.w.org\/{rel}","templated":true}]}}