{"id":318800,"date":"2025-08-14T14:42:09","date_gmt":"2025-08-14T14:42:09","guid":{"rendered":"https:\/\/www.europesays.com\/fr\/318800\/"},"modified":"2025-08-14T14:42:09","modified_gmt":"2025-08-14T14:42:09","slug":"les-orages-declenchent-de-nombreux-incendies-en-haute-garonne","status":"publish","type":"post","link":"https:\/\/www.europesays.com\/fr\/318800\/","title":{"rendered":"les orages d\u00e9clenchent de nombreux incendies en Haute-Garonne"},"content":{"rendered":"<p>            Par<br \/>\n        <strong><br \/>\n            <a href=\"https:\/\/actu.fr\/auteur\/anaelle-montagne\" title=\"Consulter tous les articles de Anaelle Montagne\" rel=\"nofollow noopener\" target=\"_blank\">Anaelle Montagne<\/a><br \/>\n        <\/strong><\/p>\n<p>        Publi\u00e9 le<\/p>\n<p>            14 ao\u00fbt 2025 \u00e0 15h46        <\/p>\n<p>Les sapeurs-pompiers de la Haute-Garonne ont re\u00e7u pas moins de <strong>619 appels en une heure<\/strong>, ce mercredi 13\u00a0ao\u00fbt 2025. En cause\u2009? Les orages, qui ont engendr\u00e9 de nombreux feux d\u2019espaces naturels sur le centre et l\u2019ouest du d\u00e9partement suite \u00e0 des <strong>impacts de foudre<\/strong>, indique le SDIS 31.<\/p>\n<p class=\" wall-content\">Pour rappel, la Haute-Garonne avait \u00e9t\u00e9 plac\u00e9e en <a href=\"https:\/\/actu.fr\/occitanie\/toulouse_31555\/fortes-rafales-et-risque-de-grele-la-haute-garonne-bascule-en-alerte-orange-aux-orages-et-a-la-canicule_63030054.html\" rel=\"nofollow noopener\" target=\"_blank\">vigilance orange pour risques d\u2019orages violents<\/a> ce mercredi 13\u00a0ao\u00fbt et \u00e9tait, en parall\u00e8le, \u00e9galement sous alerte orange canicule.<\/p>\n<p>Pr\u00e8s de 1\u2009500 \u00e9clairs en quelques heures<\/p>\n<p class=\" wall-content\">Les rafales de vent ont atteint les 68 kilom\u00e8tres\/heure \u00e0\u00a0Toulouse \u00e0 19\u00a0heures, selon les donn\u00e9es de M\u00e9t\u00e9o France. Il est tomb\u00e9 20 millim\u00e8tres de pluie dans la Ville rose.<\/p>\n<p class=\" wall-content\">La Haute-Garonne a \u00e9t\u00e9 touch\u00e9e par <strong>1\u2009460 \u00e9clairs entre 15 et 21\u00a0heures<\/strong>, dont 791 entre 17 et 18\u00a0heures, selon les donn\u00e9es de l\u2019Observatoire fran\u00e7ais des tornades et des orages violents, Keraunos. \u00c0 elle seule, la commune de <a href=\"https:\/\/actu.fr\/occitanie\/sainte-foy-de-peyrolieres_31481\" rel=\"nofollow noopener\" target=\"_blank\">Sainte-Foy-de-Peyroli\u00e8res<\/a> a d\u00e9nombr\u00e9 75 impacts de foudre. Et 37 \u00e9clairs ont frapp\u00e9 la Ville rose.<\/p>\n<p class=\" wall-content\">\n<p>Incendies \u00e0 r\u00e9p\u00e9tition<\/p>\n<p class=\" wall-content\">Le centre et l\u2019ouest du d\u00e9partement ont \u00e9t\u00e9 <strong>particuli\u00e8rement impact\u00e9s<\/strong>, ce qui a pr\u00e9cipit\u00e9 le nombre d\u2019interventions des pompiers pour des incendies.<\/p>\n<p class=\" wall-content\">Le Lauragais n\u2019a notamment pas \u00e9t\u00e9 \u00e9pargn\u00e9\u2009: \u00e0 Gr\u00e9piac, <a href=\"https:\/\/actu.fr\/occitanie\/grepiac_31233\/incendie-en-haute-garonne-cinq-hectares-brules-apres-un-feu-dherbes-et-de-broussailles-au-sud-de-toulouse_63035552.html\" rel=\"nofollow noopener\" target=\"_blank\">un incendie a d\u00e9truit 5 hectares de for\u00eat<\/a>. Au sud du d\u00e9partement, <strong><a href=\"https:\/\/actu.fr\/occitanie\/melles_31337\/video-ils-ont-mis-le-feu-au-village-les-images-effrayantes-de-l-incendie-devastateur-en-haute-garonne_63035930.html\" rel=\"nofollow noopener\" target=\"_blank\">10 hectares ont \u00e9t\u00e9 d\u00e9truits \u00e0 Melles<\/a><\/strong>, \u00e0 la fronti\u00e8re avec l\u2019Espagne.<\/p>\n<p>Vid\u00e9os : en ce moment sur Actu<\/p>\n<p class=\" wall-content\">Suivez toute l\u2019actualit\u00e9 de vos villes et m\u00e9dias favoris en vous inscrivant \u00e0 <a href=\"https:\/\/moncompte.actu.fr\" title=\"D\u00e9couvez Mon Actu\" rel=\"nofollow noopener\" data-trk=\"{&quot;cta&quot;:{&quot;action&quot;:&quot;https:\\\/\\\/moncompte.actu.fr&quot;,&quot;category&quot;:&quot;mon compte&quot;,&quot;from&quot;:&quot;article footer&quot;,&quot;name&quot;:&quot;Mon actu&quot;,&quot;type&quot;:&quot;cta&quot;}}\" target=\"_blank\">Mon Actu<\/a>.<\/p>\n","protected":false},"excerpt":{"rendered":"Par Anaelle Montagne Publi\u00e9 le 14 ao\u00fbt 2025 \u00e0 15h46 Les sapeurs-pompiers de la Haute-Garonne ont re\u00e7u pas&hellip;\n","protected":false},"author":2,"featured_media":318801,"comment_status":"","ping_status":"","sticky":false,"template":"","format":"standard","meta":{"footnotes":""},"categories":[2816],"tags":[1111,11,1777,674,1011,27,2487,12,2680,4594,25,2312],"class_list":{"0":"post-318800","1":"post","2":"type-post","3":"status-publish","4":"format-standard","5":"has-post-thumbnail","7":"category-toulouse","8":"tag-actu","9":"tag-actualites","10":"tag-eu","11":"tag-europe","12":"tag-fr","13":"tag-france","14":"tag-meteo","15":"tag-news","16":"tag-occitanie","17":"tag-orages","18":"tag-republique-francaise","19":"tag-toulouse"},"share_on_mastodon":{"url":"https:\/\/pubeurope.com\/@fr\/115027649794535248","error":""},"_links":{"self":[{"href":"https:\/\/www.europesays.com\/fr\/wp-json\/wp\/v2\/posts\/318800","targetHints":{"allow":["GET"]}}],"collection":[{"href":"https:\/\/www.europesays.com\/fr\/wp-json\/wp\/v2\/posts"}],"about":[{"href":"https:\/\/www.europesays.com\/fr\/wp-json\/wp\/v2\/types\/post"}],"author":[{"embeddable":true,"href":"https:\/\/www.europesays.com\/fr\/wp-json\/wp\/v2\/users\/2"}],"replies":[{"embeddable":true,"href":"https:\/\/www.europesays.com\/fr\/wp-json\/wp\/v2\/comments?post=318800"}],"version-history":[{"count":0,"href":"https:\/\/www.europesays.com\/fr\/wp-json\/wp\/v2\/posts\/318800\/revisions"}],"wp:featuredmedia":[{"embeddable":true,"href":"https:\/\/www.europesays.com\/fr\/wp-json\/wp\/v2\/media\/318801"}],"wp:attachment":[{"href":"https:\/\/www.europesays.com\/fr\/wp-json\/wp\/v2\/media?parent=318800"}],"wp:term":[{"taxonomy":"category","embeddable":true,"href":"https:\/\/www.europesays.com\/fr\/wp-json\/wp\/v2\/categories?post=318800"},{"taxonomy":"post_tag","embeddable":true,"href":"https:\/\/www.europesays.com\/fr\/wp-json\/wp\/v2\/tags?post=318800"}],"curies":[{"name":"wp","href":"https:\/\/api.w.org\/{rel}","templated":true}]}}