{"id":318808,"date":"2025-08-14T14:46:18","date_gmt":"2025-08-14T14:46:18","guid":{"rendered":"https:\/\/www.europesays.com\/fr\/318808\/"},"modified":"2025-08-14T14:46:18","modified_gmt":"2025-08-14T14:46:18","slug":"on-nous-laisse-mourir-a-petit-feu","status":"publish","type":"post","link":"https:\/\/www.europesays.com\/fr\/318808\/","title":{"rendered":"On nous laisse mourir \u00e0 petit feu"},"content":{"rendered":"<p class=\"rev-margin-0 rev-text-xs-normal\">\u00c0 la pharmacie du march\u00e9 des Capucins, \u00e0 Noailles, Fanny Didry, pharmacienne depuis pr\u00e8s de 15 ans, est \u00e0 bout de souffle. \u00ab\u00a0On meurt \u00e0 petit feu\u00a0\u00bb, affirme-t-elle la voix tremblante. Ce samedi 16 aout, 80% des pharmacies seront ferm\u00e9es \u00e0 Marseille,&#8230;<\/p>\n<p class=\"rev-margin-0 rev-text-xs-bold\">\/ PHOTO MMD<\/p>\n<p>\u00c0 la pharmacie du march\u00e9 des Capucins (1e), les portes ne restent jamais longtemps ferm\u00e9es. Des habitants du quartier et des touristes patientent dans la file d\u2019attente. Soigner le genou ensanglant\u00e9 d\u2019un homme tomb\u00e9 de sa trottinette, rassurer une femme prise d\u2019une crise de panique\u2026 Fanny Didry, pharmacienne et conseill\u00e8re d\u2019administration \u00e0 la FSPF 13, n\u2019a jamais \u00e9teint la croix verte de son officine en pr\u00e8s de 15\u00a0ans. Pourtant, pour la premi\u00e8re fois, l\u2019\u00e9tablissement &#8211; ouvert du lundi au samedi midi &#8211; fermera ses portes du vendredi 15\u00a0ao\u00fbt au dimanche 17\u00a0ao\u00fbt inclus, comme 80% des officines de Marseille, <a href=\"https:\/\/www.laprovence.com\/bouches-du-rhone\/allauch-13002\" target=\"_blank\" rel=\"noopener\">Allauch <\/a>et <a href=\"https:\/\/www.laprovence.com\/bouches-du-rhone\/plan-de-cuques-13075\" target=\"_blank\" rel=\"noopener\">Plan-de-Cuques<\/a>.<\/p>\n<p>\u00ab\u00a0On nous laisse mourir \u00e0 petit feu\u00a0\u00bb, t\u00e9moigne Fanny Didry d\u2019une voix tremblante, en attrapant son badge floqu\u00e9 d\u2019un slogan rappelant la mobilisation nationale. <a href=\"https:\/\/www.laprovence.com\/article\/societe\/40057539740902\/bouches-du-rhone-les-pharmacies-en-greve-des-gardes-et-des-astreintes-des-ce-mercredi\" target=\"_blank\" rel=\"noopener\">En gr\u00e8ve des gardes et des astreintes (nuit, dimanche et jours f\u00e9ri\u00e9s) depuis le 1er\u00a0juillet<\/a>, la profession poursuit son action pour contester la r\u00e9forme de l\u2019\u00c9tat visant \u00e0 limiter les remises commerciales que les laboratoires pharmaceutiques peuvent leur accorder sur les m\u00e9dicaments g\u00e9n\u00e9riques.<\/p>\n<p><img alt=\"Pharmacie du march\u00e9 des Capucins.\" loading=\"lazy\" decoding=\"async\" data-nimg=\"fill\" class=\" TwicCore_img__i9TC1 undefined  undefined\" style=\"position:absolute;height:100%;width:100%;left:0;top:0;right:0;bottom:0;color:transparent;background-size:cover;background-position:50% 50%;background-repeat:no-repeat;background-image:url(&quot;data:image\/svg+xml;charset=utf-8,%3Csvg xmlns='http:\/\/www.w3.org\/2000\/svg' %3E%3Cfilter id='b' color-interpolation-filters='sRGB'%3E%3CfeGaussianBlur stdDeviation='20'\/%3E%3CfeColorMatrix values='1 0 0 0 0 0 1 0 0 0 0 0 1 0 0 0 0 0 100 -1' result='s'\/%3E%3CfeFlood x='0' y='0' width='100%25' height='100%25'\/%3E%3CfeComposite operator='out' in='s'\/%3E%3CfeComposite in2='SourceGraphic'\/%3E%3CfeGaussianBlur stdDeviation='20'\/%3E%3C\/filter%3E%3Cimage width='100%25' height='100%25' x='0' y='0' preserveAspectRatio='none' style='filter: url(%23b);' href='https:\/\/pictures.laprovence.com\/cdn-cgi\/image\/blur=250\/media\/melody\/2025\/08\/14\/a-la-pharmacie-du-marche-des-capucins-a-noailles-fanny-didry-pharmacienne-depuis-pres-de-15-ans-est-1755178315_aa8c5250dc986af8c5250dc98e39c5v_.jpg'\/%3E%3C\/svg%3E&quot;)\"   src=\"https:\/\/www.europesays.com\/fr\/wp-content\/uploads\/2025\/08\/a-la-pharmacie-du-marche-des-capucins-a-noailles-fanny-didry-pharmacienne-depuis-pres-de-15-ans-est-.jpeg\"\/>Pharmacie du march\u00e9 des Capucins. \/ PHOTO MMD<\/p>\n<p>Jusqu\u2019\u00e0 pr\u00e9sent, ces r\u00e9ductions pouvaient atteindre jusqu\u2019\u00e0 40% du prix hors taxes fix\u00e9 par le fabricant, ce qui constituait un levier important pour encourager les pharmaciens \u00e0 distribuer davantage de g\u00e9n\u00e9riques, moins co\u00fbteux que les m\u00e9dicaments de marque. Mais \u00e0 partir du 1er\u00a0septembre, un nouvel arr\u00eat\u00e9 pr\u00e9voit de r\u00e9duire ces remises \u00e0 un maximum de 30%, avec une nouvelle baisse \u00e0 20% d\u2019ici 2027.<\/p>\n<p>\u00ab\u00a0C\u2019est une \u00e9ni\u00e8me tentative du gouvernement de financiariser la prise en charge m\u00e9dicale au d\u00e9triment des dispositifs sociaux de proximit\u00e9\u00a0\u00bb, d\u00e9nonce Patrick Raimond, pharmacien \u00e0 G\u00e9menos et pr\u00e9sident de l\u2019Union des Syndicats de Pharmaciens d\u2019Officine 13 (USPO). Cette mesure projette 600 \u00e0 800\u00a0millions d\u2019euros d\u2019\u00e9conomies \u00ab\u00a0alors qu\u2019il suffirait de r\u00e9cup\u00e9rer cet argent sur les m\u00e9dicaments les plus chers. Encore une fois, l\u2019\u00c9tat privil\u00e9gie le <a href=\"https:\/\/www.laprovence.com\/article\/actualites\/2494270\/medicaments-face-a-big-pharma-la-recherche-a-but-non-lucratif-progresse.html\" target=\"_blank\" rel=\"noopener\">Big Pharma<\/a>\u00ab\u00a0, vise-t-il.<\/p>\n<p>Des officines pour \u00ab\u00a0d\u00e9sengorger les h\u00f4pitaux\u00a0\u00bb<\/p>\n<p>En France, 20\u00a0000 pharmacies quadrillent le territoire, dont <a href=\"https:\/\/www.laprovence.com\/article\/region\/38327571041700\/greve-des-pharmaciens-decouvrez-les-pharmacies-ouvertes-dans-les-bouches-du-rhone-ce-jeudi\" target=\"_blank\" rel=\"noopener\">720 dans les Bouches-du-Rh\u00f4ne<\/a>. \u00c0 Marseille, 348 officines apportent un service de proximit\u00e9 pendant les vacances, quand les m\u00e9decins manquent. \u00ab\u00a0L\u2019\u00e9t\u00e9, les soignants sont en cong\u00e9s alors on fait de notre mieux. Rien que ce matin, j\u2019ai \u00e9vit\u00e9 dix passages aux urgences. On permet de d\u00e9sengorger les h\u00f4pitaux. S\u2019attaquer \u00e0 notre profession n\u2019a aucun sens\u00a0\u00bb, s\u2019alarme Fanny Didry, le regard grave.<\/p>\n<p><img alt=\"Pharmacie du march\u00e9 des Capucins.\" loading=\"lazy\" decoding=\"async\" data-nimg=\"fill\" class=\" TwicCore_img__i9TC1 undefined  undefined\" style=\"position:absolute;height:100%;width:100%;left:0;top:0;right:0;bottom:0;color:transparent;background-size:cover;background-position:50% 50%;background-repeat:no-repeat;background-image:url(&quot;data:image\/svg+xml;charset=utf-8,%3Csvg xmlns='http:\/\/www.w3.org\/2000\/svg' %3E%3Cfilter id='b' color-interpolation-filters='sRGB'%3E%3CfeGaussianBlur stdDeviation='20'\/%3E%3CfeColorMatrix values='1 0 0 0 0 0 1 0 0 0 0 0 1 0 0 0 0 0 100 -1' result='s'\/%3E%3CfeFlood x='0' y='0' width='100%25' height='100%25'\/%3E%3CfeComposite operator='out' in='s'\/%3E%3CfeComposite in2='SourceGraphic'\/%3E%3CfeGaussianBlur stdDeviation='20'\/%3E%3C\/filter%3E%3Cimage width='100%25' height='100%25' x='0' y='0' preserveAspectRatio='none' style='filter: url(%23b);' href='https:\/\/pictures.laprovence.com\/cdn-cgi\/image\/blur=250\/media\/melody\/2025\/08\/14\/a-la-pharmacie-du-marche-des-capucins-a-noailles-fanny-didry-pharmacienne-depuis-pres-de-15-ans-est-1755178315_994f4250dc986bd4f4250dc98915f4v_.jpg'\/%3E%3C\/svg%3E&quot;)\"   src=\"https:\/\/www.europesays.com\/fr\/wp-content\/uploads\/2025\/08\/1755182778_435_a-la-pharmacie-du-marche-des-capucins-a-noailles-fanny-didry-pharmacienne-depuis-pres-de-15-ans-est-.jpeg\"\/>Pharmacie du march\u00e9 des Capucins. MMD<\/p>\n<p>Derri\u00e8re les comptoirs, les pharmaciens sauvent parfois m\u00eame des vies. Thierry, habitant du quartier de Noailles, s\u2019en rappelle encore. \u00ab\u00a0Il y a quelques semaines, ma femme a fait une allergie grave \u00e0 un m\u00e9dicament. En quelques minutes, elle a gonfl\u00e9, c\u2019\u00e9tait <a href=\"https:\/\/www.laprovence.com\/article\/actualites\/2883911\/vaucluse-privee-dinternat-pour-un-oedeme-de-quincke.html\" target=\"_blank\" rel=\"noopener\">un \u0153d\u00e8me de Quincke.<\/a> J\u2019ai tout de suite couru \u00e0 la pharmacie pour r\u00e9cup\u00e9rer une piq\u00fbre d\u2019adr\u00e9naline. Si elle n\u2019avait pas \u00e9t\u00e9 ouverte, elle serait morte\u00a0\u00bb, affirme-t-il boulevers\u00e9.<\/p>\n<p>\u00ab\u00a0Si cette r\u00e9forme passe, 40% des pharmacies vont dispara\u00eetre. Cette fermeture du 16\u00a0ao\u00fbt vise \u00e0 montrer ce que sera le paysage pharmaceutique fran\u00e7ais \u00e0 l\u2019avenir\u00a0\u00bb, regrette St\u00e9phane Pichon, pr\u00e9sident de l\u2019Ordre des pharmaciens Paca-Corse, qui soutient la r\u00e9action de l\u2019USPO.<\/p>\n<p>L\u2019avenir, L\u00e9on*,<a href=\"https:\/\/www.laprovence.com\/videos\/srie-d-agressions-prs-de-la-facult-de-mdecine-de-la-timone-les-tudiants-restent-inquiets\/1730738063360\" target=\"_blank\" rel=\"noopener\"> \u00e9tudiant en pharmacie<\/a>, y songe avec angoisse chaque jour. \u00ab\u00a0Ce mouvement collectif est essentiel. Le syst\u00e8me est fait pour p\u00e9naliser le patient. Au fil de mes stages, je me rends compte que j\u2019ai moins le temps d\u2019\u00eatre \u00e0 l\u2019\u00e9coute des patients. On est en premi\u00e8re ligne et on nous coupe les vivres\u00a0\u00bb, t\u00e9moigne cet habitant du quartier d\u2019Arenc. Une journ\u00e9e nationale de gr\u00e8ve, suivie de mobilisations tous les samedis, est pr\u00e9vue le 18\u00a0septembre.<\/p>\n","protected":false},"excerpt":{"rendered":"\u00c0 la pharmacie du march\u00e9 des Capucins, \u00e0 Noailles, Fanny Didry, pharmacienne depuis pr\u00e8s de 15 ans, est&hellip;\n","protected":false},"author":2,"featured_media":318809,"comment_status":"","ping_status":"","sticky":false,"template":"","format":"standard","meta":{"footnotes":""},"categories":[2814],"tags":[17,1111,11,1102,1777,674,12009,1011,27,884,12,3946,5241,45700,882,16,25,3982,3356],"class_list":{"0":"post-318808","1":"post","2":"type-post","3":"status-publish","4":"format-standard","5":"has-post-thumbnail","7":"category-marseille","8":"tag-17","9":"tag-actu","10":"tag-actualites","11":"tag-breakingnews","12":"tag-eu","13":"tag-europe","14":"tag-fermees","15":"tag-fr","16":"tag-france","17":"tag-marseille","18":"tag-news","19":"tag-nous","20":"tag-on","21":"tag-pharmacies","22":"tag-provence-alpes-cote-dazur","23":"tag-region","24":"tag-republique-francaise","25":"tag-samedi","26":"tag-sur"},"share_on_mastodon":{"url":"https:\/\/pubeurope.com\/@fr\/115027665459170303","error":""},"_links":{"self":[{"href":"https:\/\/www.europesays.com\/fr\/wp-json\/wp\/v2\/posts\/318808","targetHints":{"allow":["GET"]}}],"collection":[{"href":"https:\/\/www.europesays.com\/fr\/wp-json\/wp\/v2\/posts"}],"about":[{"href":"https:\/\/www.europesays.com\/fr\/wp-json\/wp\/v2\/types\/post"}],"author":[{"embeddable":true,"href":"https:\/\/www.europesays.com\/fr\/wp-json\/wp\/v2\/users\/2"}],"replies":[{"embeddable":true,"href":"https:\/\/www.europesays.com\/fr\/wp-json\/wp\/v2\/comments?post=318808"}],"version-history":[{"count":0,"href":"https:\/\/www.europesays.com\/fr\/wp-json\/wp\/v2\/posts\/318808\/revisions"}],"wp:featuredmedia":[{"embeddable":true,"href":"https:\/\/www.europesays.com\/fr\/wp-json\/wp\/v2\/media\/318809"}],"wp:attachment":[{"href":"https:\/\/www.europesays.com\/fr\/wp-json\/wp\/v2\/media?parent=318808"}],"wp:term":[{"taxonomy":"category","embeddable":true,"href":"https:\/\/www.europesays.com\/fr\/wp-json\/wp\/v2\/categories?post=318808"},{"taxonomy":"post_tag","embeddable":true,"href":"https:\/\/www.europesays.com\/fr\/wp-json\/wp\/v2\/tags?post=318808"}],"curies":[{"name":"wp","href":"https:\/\/api.w.org\/{rel}","templated":true}]}}