{"id":318810,"date":"2025-08-14T14:47:09","date_gmt":"2025-08-14T14:47:09","guid":{"rendered":"https:\/\/www.europesays.com\/fr\/318810\/"},"modified":"2025-08-14T14:47:09","modified_gmt":"2025-08-14T14:47:09","slug":"cible-par-des-fans-de-lom-giovanni-castaldi-annonce-porter-plainte","status":"publish","type":"post","link":"https:\/\/www.europesays.com\/fr\/318810\/","title":{"rendered":"cibl\u00e9 par des fans de l&rsquo;OM, Giovanni Castaldi annonce porter plainte"},"content":{"rendered":"<p>            Par<br \/>\n        <strong><br \/>\n            <a href=\"https:\/\/actu.fr\/auteur\/thomas-blanc\" title=\"Consulter tous les articles de Thomas Blanc\" target=\"_blank\" rel=\"noopener\">Thomas Blanc<\/a><br \/>\n        <\/strong><\/p>\n<p>        Publi\u00e9 le<\/p>\n<p>            14 ao\u00fbt 2025 \u00e0 16h25        <\/p>\n<p>Voil\u00e0 une annonce qui est tr\u00e8s tr\u00e8s mal pass\u00e9e aupr\u00e8s de certains fans de l\u2019Olympique de <a href=\"https:\/\/actu.fr\/marseille\/\" target=\"_blank\" rel=\"noopener\">Marseille<\/a>.<\/p>\n<p class=\" wall-content\">Alors que la<strong> toute nouvelle plateforme de diffusion du championnat<\/strong> <strong>de France<\/strong> de football, <a href=\"https:\/\/ligue1.com\/fr\/articles\/l1_article_2937-comment-s-abonner-a-ligue-1-toutes-les-infos\" target=\"_blank\" rel=\"noopener\">Ligue\u00a01 +<\/a>, cr\u00e9\u00e9e par la Ligue de football professionnel (LFP), a annonc\u00e9 ses offres d\u2019abonnement au d\u00e9but de cette semaine et que les supporters les plus impliqu\u00e9s ont d\u00e9j\u00e0 sorti la carte bancaire, elle a r\u00e9ussi \u00e0 <strong>se mettre ceux de l\u2019<a href=\"https:\/\/actu.fr\/tag\/olympique-de-marseille-om\" target=\"_blank\" rel=\"noopener\">OM<\/a> \u00e0 dos<\/strong> et ils le font savoir d\u2019une bien triste mani\u00e8re.<\/p>\n<p>Un journaliste anti-OM\u2009?<\/p>\n<p class=\" wall-content\">Alors que le championnat reprendra ce vendredi 15\u00a0ao\u00fbt \u00e0 l\u2019occasion du match opposant le Stade Rennais aux Olympiens, la cha\u00eene qui retransmettra la rencontre<strong> affine encore son casting<\/strong>. Et le dernier venu, <strong>Giovanni Castaldi<\/strong>, annonc\u00e9 mercredi 13\u00a0ao\u00fbt par la plateforme, fait sortir de leurs gonds certains supporters marseillais.<\/p>\n<p class=\" wall-content\">\n<p class=\" wall-content\">Le <strong>demi-fr\u00e8re de Benjamin Castaldi<\/strong> n\u2019a jamais fil\u00e9 le grand amour avec l\u2019OM. Les fans lui reprochent un <strong>f\u00e2cheux lapsus<\/strong> survenu en direct, en 2020, sur la cha\u00eene l\u2019\u00c9quipe, pour laquelle il est journaliste sportif. Dans cette s\u00e9quence, Giovanni Castaldi emploie le terme \u00ab\u2009<strong>OMerde<\/strong>\u2009\u00bb pour d\u00e9signer l\u2019\u00e9quipe qui fait battre le c\u0153ur de la cit\u00e9 phoc\u00e9enne.<\/p>\n<p class=\" wall-content\">Il est donc, depuis hier, victime d\u2019un <strong>harc\u00e8lement massif<\/strong> de la part de certains supporters un petit peu trop engag\u00e9s sur les <a href=\"https:\/\/actu.fr\/tag\/reseaux-sociaux\" target=\"_blank\" rel=\"noopener\">r\u00e9seaux sociaux<\/a>. Ces derniers appellent \u00e9galement au <strong>boycott du nouveau diffuseur<\/strong>.<\/p>\n<p>Une plainte d\u00e9pos\u00e9e<\/p>\n<p class=\" wall-content\">Le journaliste a par ailleurs annonc\u00e9 sur Instagram <strong>le d\u00e9p\u00f4t d\u2019une plainte<\/strong> pour la diffusion d\u2019une discussion priv\u00e9e sur les r\u00e9seaux sociaux avec un supporter marseillais dont <strong>il d\u00e9ment l\u2019authenticit\u00e9<\/strong>. \u00ab\u2009Un compte me pr\u00eate des propos qui ne sont pas les miens et qui sont totalement invent\u00e9s. Ce DM publi\u00e9 est un <strong>fake<\/strong>\u2009! C\u2019est pourquoi j\u2019ai d\u00e9cid\u00e9 de porter plainte\u2009\u00bb, s\u2019est-il expliqu\u00e9 sur les r\u00e9seaux sociaux.<\/p>\n<p class=\" wall-content\">Dans cette discussion, les propos \u00ab\u2009alors la sardine n\u2019est pas contente\u2009? Merci pour les 14,99\u20ac par mois pour payer mon salaire\u2009\u00bb sont annonc\u00e9s comme \u00e9crits par Giovanni Castaldi.<\/p>\n<p class=\" wall-content\">\n<p class=\" wall-content\">\u00ab\u2009\u00c9videmment, <strong>je n\u2019ai rien contre l\u2019OM<\/strong>\u2009! Je suis heureux de rejoindre Ligue\u00a01 +\u00a0pour parler foot avec passion et respect, pour les 18 clubs du Championnat et leurs supporters\u2009\u00bb, a-t-il conclu dans son post afin d\u2019apaiser toutes les tensions et enterrer la pol\u00e9mique.<\/p>\n<p class=\" wall-content\">Suivez toute l\u2019actualit\u00e9 de vos villes et m\u00e9dias favoris en vous inscrivant \u00e0 <a href=\"https:\/\/moncompte.actu.fr\" title=\"D\u00e9couvez Mon Actu\" rel=\"nofollow noopener\" data-trk=\"{&quot;cta&quot;:{&quot;action&quot;:&quot;https:\\\/\\\/moncompte.actu.fr&quot;,&quot;category&quot;:&quot;mon compte&quot;,&quot;from&quot;:&quot;article footer&quot;,&quot;name&quot;:&quot;Mon actu&quot;,&quot;type&quot;:&quot;cta&quot;}}\" target=\"_blank\">Mon Actu<\/a>.<\/p>\n","protected":false},"excerpt":{"rendered":"Par Thomas Blanc Publi\u00e9 le 14 ao\u00fbt 2025 \u00e0 16h25 Voil\u00e0 une annonce qui est tr\u00e8s tr\u00e8s mal&hellip;\n","protected":false},"author":2,"featured_media":318811,"comment_status":"","ping_status":"","sticky":false,"template":"","format":"standard","meta":{"footnotes":""},"categories":[2814],"tags":[1111,11,1777,674,1011,27,884,500,12,2333,882,25,938,60],"class_list":{"0":"post-318810","1":"post","2":"type-post","3":"status-publish","4":"format-standard","5":"has-post-thumbnail","7":"category-marseille","8":"tag-actu","9":"tag-actualites","10":"tag-eu","11":"tag-europe","12":"tag-fr","13":"tag-france","14":"tag-marseille","15":"tag-medias","16":"tag-news","17":"tag-olympique-de-marseille-om","18":"tag-provence-alpes-cote-dazur","19":"tag-republique-francaise","20":"tag-reseaux-sociaux","21":"tag-sports"},"share_on_mastodon":{"url":"","error":""},"_links":{"self":[{"href":"https:\/\/www.europesays.com\/fr\/wp-json\/wp\/v2\/posts\/318810","targetHints":{"allow":["GET"]}}],"collection":[{"href":"https:\/\/www.europesays.com\/fr\/wp-json\/wp\/v2\/posts"}],"about":[{"href":"https:\/\/www.europesays.com\/fr\/wp-json\/wp\/v2\/types\/post"}],"author":[{"embeddable":true,"href":"https:\/\/www.europesays.com\/fr\/wp-json\/wp\/v2\/users\/2"}],"replies":[{"embeddable":true,"href":"https:\/\/www.europesays.com\/fr\/wp-json\/wp\/v2\/comments?post=318810"}],"version-history":[{"count":0,"href":"https:\/\/www.europesays.com\/fr\/wp-json\/wp\/v2\/posts\/318810\/revisions"}],"wp:featuredmedia":[{"embeddable":true,"href":"https:\/\/www.europesays.com\/fr\/wp-json\/wp\/v2\/media\/318811"}],"wp:attachment":[{"href":"https:\/\/www.europesays.com\/fr\/wp-json\/wp\/v2\/media?parent=318810"}],"wp:term":[{"taxonomy":"category","embeddable":true,"href":"https:\/\/www.europesays.com\/fr\/wp-json\/wp\/v2\/categories?post=318810"},{"taxonomy":"post_tag","embeddable":true,"href":"https:\/\/www.europesays.com\/fr\/wp-json\/wp\/v2\/tags?post=318810"}],"curies":[{"name":"wp","href":"https:\/\/api.w.org\/{rel}","templated":true}]}}