{"id":318812,"date":"2025-08-14T14:48:13","date_gmt":"2025-08-14T14:48:13","guid":{"rendered":"https:\/\/www.europesays.com\/fr\/318812\/"},"modified":"2025-08-14T14:48:13","modified_gmt":"2025-08-14T14:48:13","slug":"nouvelle-noyade-mortelle-a-miribel-la-troisieme-de-la-semaine-dans-la-metropole-de-lyon","status":"publish","type":"post","link":"https:\/\/www.europesays.com\/fr\/318812\/","title":{"rendered":"Nouvelle noyade mortelle \u00e0 Miribel, la troisi\u00e8me de la semaine dans la m\u00e9tropole de Lyon"},"content":{"rendered":"<p>            Par<br \/>\n        <strong><br \/>\n            <a href=\"https:\/\/actu.fr\/auteur\/nicolas-zaugra\" title=\"Consulter tous les articles de Nicolas Zaugra\" target=\"_blank\" rel=\"noopener\">Nicolas Zaugra<\/a><br \/>\n        <\/strong><\/p>\n<p>        Publi\u00e9 le<\/p>\n<p>            14 ao\u00fbt 2025 \u00e0 14h47<br \/>\n        ; mis \u00e0 jour le 14 ao\u00fbt 2025 \u00e0 14h50    <\/p>\n<p>Troisi\u00e8me noyade en une semaine de <a href=\"https:\/\/actu.fr\/auvergne-rhone-alpes\/lyon_69123\/canicule-fin-de-la-vigilance-rouge-dans-le-rhone-ce-jeudi-mais-le-temps-va-rester-brulant_63034323.html\" target=\"_blank\" rel=\"noopener\">fortes chaleurs caniculaires<\/a> dans la m\u00e9tropole de <a href=\"https:\/\/actu.fr\/auvergne-rhone-alpes\/lyon_69123\" target=\"_blank\" rel=\"noopener\">Lyon<\/a>.<\/p>\n<p class=\" wall-content\">Le jeune homme \u00e2g\u00e9 de 22 ans <a href=\"https:\/\/actu.fr\/auvergne-rhone-alpes\/miribel_01249\/pres-de-lyon-un-homme-qui-se-noie-dans-un-lac-evacue-par-helicoptere-en-urgence-absolue_63028638.html\" target=\"_blank\" rel=\"noopener\">\u00e9vacu\u00e9 en urgence absolue avec son pronostic vital engag\u00e9<\/a> apr\u00e8s une noyade lundi est d\u00e9c\u00e9d\u00e9.<\/p>\n<p>Retrouv\u00e9e \u00e0 3 m\u00e8tres de profondeur dans le lac<\/p>\n<p class=\" wall-content\">La victime avait \u00e9t\u00e9 retrouv\u00e9e dans l\u2019eau \u00e0 environ 3 m\u00e8tres de profondeur alors qu\u2019il se baignait dans le lac de Miribel avec des amis, sur la plage de l\u2019Atol \u00e0 Vaulx-en-Velin.\u00a0<\/p>\n<p class=\" wall-content\">Le Samu avait r\u00e9ussi \u00e0 r\u00e9animer le jeune homme et il avait \u00e9t\u00e9 transport\u00e9 en h\u00e9licopt\u00e8re vers un h\u00f4pital. Ce jeudi, actu Lyon a appris son d\u00e9c\u00e8s de source polici\u00e8re.<\/p>\n<p>Troisi\u00e8me noyade mortelle en quelques jours<\/p>\n<p class=\" wall-content\">La m\u00e9tropole de Lyon, frapp\u00e9e par une intense canicule depuis une semaine, enregistre sa troisi\u00e8me noyade mortelle en quelques jours.\u00a0<\/p>\n<p class=\" wall-content\">A Villeurbanne, au parc de la Feyssine, <a href=\"https:\/\/actu.fr\/auvergne-rhone-alpes\/villeurbanne_69266\/pres-de-lyon-un-homme-meurt-noye-dans-le-rhone-en-voulant-sauver-son-chien_63031432.html\" target=\"_blank\" rel=\"noopener\">un homme est d\u00e9c\u00e9d\u00e9 mardi en nageant dans le Rh\u00f4ne<\/a> alors qu\u2019il tentait de sauver son chien.\u00a0<\/p>\n<p class=\" wall-content\">Ce mercredi en fin d\u2019apr\u00e8s-midi, c\u2019est un jeune homme de 25 ans qui nageait dans le lac de Miribel avec des amis qui est d\u00e9c\u00e9d\u00e9 sur la commune de Jonage. Une enqu\u00eate de police a \u00e9t\u00e9 ouverte.<\/p>\n<p class=\" wall-content\">La pr\u00e9fecture du Rh\u00f4ne rappelle \u00e0 actu Lyon que les personnes se baignant dans un point d\u2019eau doivent redoubler de vigilance : ne pas s\u2019y risquer si on ne sait pas nager, surveiller ses enfants, privil\u00e9gier les lieux surveill\u00e9s. La baignade dans le Rh\u00f4ne et la Sa\u00f4ne, qui peut \u00eatre tr\u00e8s dangereuse, est par ailleurs interdite.<\/p>\n<p class=\" wall-content\">Suivez toute l\u2019actualit\u00e9 de vos villes et m\u00e9dias favoris en vous inscrivant \u00e0 <a href=\"https:\/\/moncompte.actu.fr\" title=\"D\u00e9couvez Mon Actu\" rel=\"nofollow noopener\" data-trk=\"{&quot;cta&quot;:{&quot;action&quot;:&quot;https:\\\/\\\/moncompte.actu.fr&quot;,&quot;category&quot;:&quot;mon compte&quot;,&quot;from&quot;:&quot;article footer&quot;,&quot;name&quot;:&quot;Mon actu&quot;,&quot;type&quot;:&quot;cta&quot;}}\" target=\"_blank\">Mon Actu<\/a>.<\/p>\n","protected":false},"excerpt":{"rendered":"Par Nicolas Zaugra Publi\u00e9 le 14 ao\u00fbt 2025 \u00e0 14h47 ; mis \u00e0 jour le 14 ao\u00fbt 2025&hellip;\n","protected":false},"author":2,"featured_media":318813,"comment_status":"","ping_status":"","sticky":false,"template":"","format":"standard","meta":{"footnotes":""},"categories":[1889],"tags":[119,1111,11,2430,6698,1777,674,118,1011,27,2428,12,1311,25],"class_list":{"0":"post-318812","1":"post","2":"type-post","3":"status-publish","4":"format-standard","5":"has-post-thumbnail","7":"category-lyon","8":"tag-accident","9":"tag-actu","10":"tag-actualites","11":"tag-auvergne-rhone-alpes","12":"tag-canicule","13":"tag-eu","14":"tag-europe","15":"tag-faits-divers","16":"tag-fr","17":"tag-france","18":"tag-lyon","19":"tag-news","20":"tag-pompiers","21":"tag-republique-francaise"},"share_on_mastodon":{"url":"https:\/\/pubeurope.com\/@fr\/115027673543759578","error":""},"_links":{"self":[{"href":"https:\/\/www.europesays.com\/fr\/wp-json\/wp\/v2\/posts\/318812","targetHints":{"allow":["GET"]}}],"collection":[{"href":"https:\/\/www.europesays.com\/fr\/wp-json\/wp\/v2\/posts"}],"about":[{"href":"https:\/\/www.europesays.com\/fr\/wp-json\/wp\/v2\/types\/post"}],"author":[{"embeddable":true,"href":"https:\/\/www.europesays.com\/fr\/wp-json\/wp\/v2\/users\/2"}],"replies":[{"embeddable":true,"href":"https:\/\/www.europesays.com\/fr\/wp-json\/wp\/v2\/comments?post=318812"}],"version-history":[{"count":0,"href":"https:\/\/www.europesays.com\/fr\/wp-json\/wp\/v2\/posts\/318812\/revisions"}],"wp:featuredmedia":[{"embeddable":true,"href":"https:\/\/www.europesays.com\/fr\/wp-json\/wp\/v2\/media\/318813"}],"wp:attachment":[{"href":"https:\/\/www.europesays.com\/fr\/wp-json\/wp\/v2\/media?parent=318812"}],"wp:term":[{"taxonomy":"category","embeddable":true,"href":"https:\/\/www.europesays.com\/fr\/wp-json\/wp\/v2\/categories?post=318812"},{"taxonomy":"post_tag","embeddable":true,"href":"https:\/\/www.europesays.com\/fr\/wp-json\/wp\/v2\/tags?post=318812"}],"curies":[{"name":"wp","href":"https:\/\/api.w.org\/{rel}","templated":true}]}}