{"id":318816,"date":"2025-08-14T14:50:08","date_gmt":"2025-08-14T14:50:08","guid":{"rendered":"https:\/\/www.europesays.com\/fr\/318816\/"},"modified":"2025-08-14T14:50:08","modified_gmt":"2025-08-14T14:50:08","slug":"canicule-75-departements-restent-en-orange-lile-de-france-repasse-en-jaune-vendredi-matin-ouest-france","status":"publish","type":"post","link":"https:\/\/www.europesays.com\/fr\/318816\/","title":{"rendered":"Canicule : 75 d\u00e9partements restent en orange, l&#039;\u00cele-de-France repasse en jaune vendredi matin &#8211; Ouest-France"},"content":{"rendered":"<ol>\n<li><a href=\"https:\/\/news.google.com\/rss\/articles\/CBMi_gFBVV95cUxNdUoxSzB5eUNGMHZWdXRvbW5mZ1pSZm9LOHIyaGJXZHdwcWN2djNUVXdNYWZ0U3pZQVAzdWRzbUJ1N21RTDA4eGJFM2RCYTdBNERSbXI2M0V6SW0wdTZ2OWlZTk4xSHFrQ290VjZ0N3ZmcFRtRV9aZGdtRWhlRFlxQ1lqQmVFeDQ5ZWJXcEs0X3RvQ3lWaFhFZ1VSMDg4T2FHenNtLV9DdVYtRUEzOWh3cjVZSWNGU1BYcXU5NkVWQ0x4VHdtajRUNF94SHFRdndPcEJHdjhqOXFiSFY1SlVoU2tHZjZLNnY2V1duaXBJNy1xWjNRRDJ6S2pleXhqUQ?oc=5\" target=\"_blank\" rel=\"nofollow noopener\">Canicule : 75 d\u00e9partements restent en orange, l&rsquo;\u00cele-de-France repasse en jaune vendredi matin<\/a>&nbsp;&nbsp;Ouest-France<\/li>\n<li><a href=\"https:\/\/news.google.com\/rss\/articles\/CBMi9gFBVV95cUxQUFoybjJMZ3cxSVlaV1pLVHk5YTR5VzdZcWx5Sk1tWTdPM1JrX2RZaENPWHctVldUVXM1VGhZbzFZd0pmb2FxbDk4NGhqRzBWS0FjU00zWFk0VUlxMTEzNzlteGhSSUt6MlBES3U4VzJfX3ZlUW5PcFY1UGREWVFub0RiZGozU3VNcTAwcDNBZ2NuYlRfTG9kRkZFR2VyaklJMVNmSWdaVmN2Q18zbWtuV1Y3T0pJTUFCWlM1Y2dYb1NHLVpVVnAydVdyNlMzb3l1cnBHVHRndXUweW1XcmpGRVptZV9kLXA3SHJqU3FrZmFfMXYwT2c?oc=5\" target=\"_blank\" rel=\"nofollow noopener\">Canicule : fin de la vigilance rouge, mais la France toujours \u00e9cras\u00e9e par des temp\u00e9ratures \u00e9lev\u00e9es<\/a>&nbsp;&nbsp;Le Monde.fr<\/li>\n<li><a href=\"https:\/\/news.google.com\/rss\/articles\/CBMi0wFBVV95cUxOdG1MUUI1WEFVakwwTjB4STZZM0RVektiSEpJT0JIQ3RpeFRpNm1FalhxTm55a3RLRnhGay1UYUJqZTIyRGNtRzlJVmxZcVd0MEQtOVp2TlFFbkJpYXM2Nk04ZkhCS1d3YmthNUFnTS13dldDLWZQcnhKa2NRU001OG43ajFkLWEyMHJ5cTRKOXViWUpjN2FtVUZuWjhOSG84RVNZRnBYcFVJd09ObV9YTVpMZDBKY2ZjS3o3cUNpd1lQSVNHNWpBeDRHcDFuMzhpRXkw?oc=5\" target=\"_blank\" rel=\"nofollow noopener\">Alerte canicule : la chaleur suffocante sera encore d\u2019actualit\u00e9 pour ce week-end du 15 ao\u00fbt<\/a>&nbsp;&nbsp;Midi Libre<\/li>\n<li><a href=\"https:\/\/news.google.com\/rss\/articles\/CBMiqgFBVV95cUxPa0RFc0ZTYzVKWld5eUNPQzF6SWF4WXVVT3pkTzZfZEd3VlFEZnNEOHpZTDVxamU1ZEhQSW9ONG1xMUpaQ1cteHEzTTNlWGd0TzFvYjk0bm5yMmE2ZDNaZGFvYVpfVzI2WG1CRFIzOG9VSi01UFBUdmc5U080X0NMS2hRNW1RUTR3eVFud2d2OU1URnVlT0FvZktRVXFOalJBcHBRd0dnVjRvZw?oc=5\" target=\"_blank\" rel=\"nofollow noopener\">Alerte M\u00e9t\u00e9o : Canicule de longue dur\u00e9e, quelques orages en montagne<\/a>&nbsp;&nbsp;La Cha\u00eene M\u00e9t\u00e9o<\/li>\n<li><a href=\"https:\/\/news.google.com\/rss\/articles\/CBMi5gFBVV95cUxOOTgwcC1DcnR1UExPZnJZRWF0MFFqYy1NQm5OYjFKNzlLdFRRRUpMQ1l2NWViQWoyZkgyeURxemxQdUJGVklFY2FXMTNnRlM3QkRDdjhpWlo4OW1qTG8xd2s3WTI2Y21vTW5ubWhLb1VMRTZZeWRlTlpEcHg1S3NoSi1kdWp1R19EOUQ2NWhFaGpvNG84ZVRTeUNUOTlBOFUxUGxYazRRVUVlcGFQZnpCMWtHeGhxR0ZTb2k3cldnTEFHVENNRnBUT1U2ampzckt2ZENSTjJIdzhVZjZMVE9qT3F2MEpNUQ?oc=5\" target=\"_blank\" rel=\"nofollow noopener\">Nouveau \u00ab pic caniculaire \u00bb, orages\u2026 Ce qui vous attend pour le week-end du 15 ao\u00fbt<\/a>&nbsp;&nbsp;Le Parisien<\/li>\n<\/ol>\n","protected":false},"excerpt":{"rendered":"Canicule : 75 d\u00e9partements restent en orange, l&rsquo;\u00cele-de-France repasse en jaune vendredi matin&nbsp;&nbsp;Ouest-France Canicule : fin de la&hellip;\n","protected":false},"author":2,"featured_media":1445,"comment_status":"","ping_status":"","sticky":false,"template":"","format":"standard","meta":{"footnotes":""},"categories":[1592],"tags":[1111,11,1777,674,1011,27,662,12,626,25],"class_list":{"0":"post-318816","1":"post","2":"type-post","3":"status-publish","4":"format-standard","5":"has-post-thumbnail","7":"category-ile-de-france","8":"tag-actu","9":"tag-actualites","10":"tag-eu","11":"tag-europe","12":"tag-fr","13":"tag-france","14":"tag-ile-de-france","15":"tag-news","16":"tag-paris","17":"tag-republique-francaise"},"share_on_mastodon":{"url":"https:\/\/pubeurope.com\/@fr\/115027681229414655","error":""},"_links":{"self":[{"href":"https:\/\/www.europesays.com\/fr\/wp-json\/wp\/v2\/posts\/318816","targetHints":{"allow":["GET"]}}],"collection":[{"href":"https:\/\/www.europesays.com\/fr\/wp-json\/wp\/v2\/posts"}],"about":[{"href":"https:\/\/www.europesays.com\/fr\/wp-json\/wp\/v2\/types\/post"}],"author":[{"embeddable":true,"href":"https:\/\/www.europesays.com\/fr\/wp-json\/wp\/v2\/users\/2"}],"replies":[{"embeddable":true,"href":"https:\/\/www.europesays.com\/fr\/wp-json\/wp\/v2\/comments?post=318816"}],"version-history":[{"count":0,"href":"https:\/\/www.europesays.com\/fr\/wp-json\/wp\/v2\/posts\/318816\/revisions"}],"wp:featuredmedia":[{"embeddable":true,"href":"https:\/\/www.europesays.com\/fr\/wp-json\/wp\/v2\/media\/1445"}],"wp:attachment":[{"href":"https:\/\/www.europesays.com\/fr\/wp-json\/wp\/v2\/media?parent=318816"}],"wp:term":[{"taxonomy":"category","embeddable":true,"href":"https:\/\/www.europesays.com\/fr\/wp-json\/wp\/v2\/categories?post=318816"},{"taxonomy":"post_tag","embeddable":true,"href":"https:\/\/www.europesays.com\/fr\/wp-json\/wp\/v2\/tags?post=318816"}],"curies":[{"name":"wp","href":"https:\/\/api.w.org\/{rel}","templated":true}]}}