{"id":318817,"date":"2025-08-14T14:51:18","date_gmt":"2025-08-14T14:51:18","guid":{"rendered":"https:\/\/www.europesays.com\/fr\/318817\/"},"modified":"2025-08-14T14:51:18","modified_gmt":"2025-08-14T14:51:18","slug":"un-fuyard-de-63-ans-evade-dun-hopital-psy-interpelle-chez-lui-avec-plus-de-190-g-de-cannabis","status":"publish","type":"post","link":"https:\/\/www.europesays.com\/fr\/318817\/","title":{"rendered":"Un fuyard de 63\u00a0ans, \u00e9vad\u00e9 d\u2019un h\u00f4pital psy, interpell\u00e9 chez lui avec plus de 190\u00a0g de cannabis"},"content":{"rendered":"<p class=\"paragraph text_align_left lp-f-body-02\">La cavale n\u2019aura dur\u00e9 que quelques heures. Ce mercredi, un habitant du<a href=\"https:\/\/www.leparisien.fr\/hauts-de-seine-92\/le-plessis-robinson-92350\/\" target=\"_self\" rel=\"noopener\"> Plessis-Robinson<\/a> a \u00e9t\u00e9 interpell\u00e9 \u00e0 son domicile apr\u00e8s une curieuse \u00e9quip\u00e9e.<\/p>\n<p class=\"paragraph text_align_left lp-f-body-02\">Quelques heures plus t\u00f4t, il se trouve encore dans les locaux de <a href=\"https:\/\/www.leparisien.fr\/val-de-marne-94\/villejuif-a-lhopital-paul-guiraud-brigitte-macron-inaugure-un-espace-dedie-au-bien-etre-des-soignants-31-05-2022-WGBC6PEU5RF6DAADWEPOFSNNJY.php\" target=\"_self\" rel=\"noopener\">l\u2019h\u00f4pital Paul-Guiraud, \u00e0 Villejuif (Val-de-Marne)<\/a> o\u00f9, selon une source polici\u00e8re, il fait l\u2019objet d\u2019une mesure d\u2019hospitalisation d\u2019office depuis peu. Cet homme \u00e2g\u00e9 de 63 ans parvient \u00e0 fausser compagnie au personnel.<\/p>\n<p class=\"paragraph text_align_left lp-f-body-02\">Sit\u00f4t sa disparition signal\u00e9e, la machine polici\u00e8re se met en branle. O\u00f9 peut-il bien \u00eatre pass\u00e9 ? Son domicile du Plessis-Robinson (Hauts-de-Seine) est \u00e9videmment une des premi\u00e8res destinations que prennent les enqu\u00eateurs.<\/p>\n<p class=\"paragraph text_align_left lp-f-body-02\">Un peu apr\u00e8s 16h30, une \u00e9quipe compos\u00e9e de sapeurs-pompiers, de policiers municipaux du Plessis et de personnels du commissariat de Clamart, qui couvre cette commune, arrive rue Michel-Ange.<\/p>\n<p>Un peu plus de 190 g d\u2019herbe d\u00e9j\u00e0 pr\u00eate<\/p>\n<p class=\"paragraph text_align_left lp-f-body-02\">\u00ab L\u2019id\u00e9e \u00e9tait d\u2019abord de v\u00e9rifier qu\u2019il \u00e9tait bien l\u00e0 \u00bb, pr\u00e9cise la m\u00eame source. Les pompiers qui toquent \u00e0 la porte essuient un refus net. L\u2019homme est bien l\u00e0 et ne compte pas leur ouvrir.<\/p>\n<p class=\"paragraph text_align_left lp-f-body-02\">Les policiers fracturent alors la porte et interpellent le sexag\u00e9naire. Ils ne sont pas au bout de leurs surprises. L\u2019homme a manifestement la main verte et le sens des affaires.<\/p>\n<p class=\"paragraph text_align_left lp-f-body-02\">Ils d\u00e9couvrent ainsi <a href=\"https:\/\/www.leparisien.fr\/faits-divers\/issy-les-moulineaux-le-cannabis-poussait-dans-un-sous-sol-268-pieds-saisis-et-cinq-hommes-arretes-18-06-2025-UEE44UKOWZEMRI6PJYWYLSH244.php\" target=\"_blank\" rel=\"noreferrer noopener\">une v\u00e9ritable serre utilis\u00e9e pour la culture du cannabis<\/a> et mettent la main sur tout le mat\u00e9riel qui va avec et sert \u00e0 la r\u00e9colte et au conditionnement du produit, des pots, un peu plus de 190 g d\u2019herbe d\u00e9j\u00e0 pr\u00eate et des grinders \u00e0 beuh, ces objets cylindriques s\u00e9par\u00e9s en deux parties pourvues de dents permettant de d\u00e9chiqueter l\u2019herbe en les faisant pivoter.<\/p>\n<p class=\"paragraph text_align_left lp-f-body-02\">Une fois arr\u00eat\u00e9, le pr\u00e9sum\u00e9 cannabiculteur a \u00e9t\u00e9 emmen\u00e9 par les pompiers \u00e0 l\u2019h\u00f4pital B\u00e9cl\u00e8re de Clamart.<\/p>\n<p class=\"paragraph text_align_left lp-f-body-02\">De son c\u00f4t\u00e9, le parquet de Nanterre annonce \u00ab qu\u2019une enqu\u00eate pr\u00e9liminaire a \u00e9t\u00e9 ouverte pour trafic et emploi de produits stup\u00e9fiants, en lien avec la d\u00e9couverte dans un domicile de produits stup\u00e9fiants \u00bb. Il confirme par ailleurs que \u00ab le potentiel mis en cause \u00e9tait hospitalis\u00e9 en structure sp\u00e9cialis\u00e9e depuis lundi (\u00e0 Villejuif pour commencer) \u00bb.<\/p>\n","protected":false},"excerpt":{"rendered":"La cavale n\u2019aura dur\u00e9 que quelques heures. Ce mercredi, un habitant du Plessis-Robinson a \u00e9t\u00e9 interpell\u00e9 \u00e0 son&hellip;\n","protected":false},"author":2,"featured_media":318818,"comment_status":"","ping_status":"","sticky":false,"template":"","format":"standard","meta":{"footnotes":""},"categories":[1592],"tags":[1111,11,1777,674,1011,27,3314,662,1944,12,626,25],"class_list":{"0":"post-318817","1":"post","2":"type-post","3":"status-publish","4":"format-standard","5":"has-post-thumbnail","7":"category-ile-de-france","8":"tag-actu","9":"tag-actualites","10":"tag-eu","11":"tag-europe","12":"tag-fr","13":"tag-france","14":"tag-hauts-de-seine","15":"tag-ile-de-france","16":"tag-ma-ville","17":"tag-news","18":"tag-paris","19":"tag-republique-francaise"},"share_on_mastodon":{"url":"https:\/\/pubeurope.com\/@fr\/115027685121753927","error":""},"_links":{"self":[{"href":"https:\/\/www.europesays.com\/fr\/wp-json\/wp\/v2\/posts\/318817","targetHints":{"allow":["GET"]}}],"collection":[{"href":"https:\/\/www.europesays.com\/fr\/wp-json\/wp\/v2\/posts"}],"about":[{"href":"https:\/\/www.europesays.com\/fr\/wp-json\/wp\/v2\/types\/post"}],"author":[{"embeddable":true,"href":"https:\/\/www.europesays.com\/fr\/wp-json\/wp\/v2\/users\/2"}],"replies":[{"embeddable":true,"href":"https:\/\/www.europesays.com\/fr\/wp-json\/wp\/v2\/comments?post=318817"}],"version-history":[{"count":0,"href":"https:\/\/www.europesays.com\/fr\/wp-json\/wp\/v2\/posts\/318817\/revisions"}],"wp:featuredmedia":[{"embeddable":true,"href":"https:\/\/www.europesays.com\/fr\/wp-json\/wp\/v2\/media\/318818"}],"wp:attachment":[{"href":"https:\/\/www.europesays.com\/fr\/wp-json\/wp\/v2\/media?parent=318817"}],"wp:term":[{"taxonomy":"category","embeddable":true,"href":"https:\/\/www.europesays.com\/fr\/wp-json\/wp\/v2\/categories?post=318817"},{"taxonomy":"post_tag","embeddable":true,"href":"https:\/\/www.europesays.com\/fr\/wp-json\/wp\/v2\/tags?post=318817"}],"curies":[{"name":"wp","href":"https:\/\/api.w.org\/{rel}","templated":true}]}}