{"id":318819,"date":"2025-08-14T14:52:11","date_gmt":"2025-08-14T14:52:11","guid":{"rendered":"https:\/\/www.europesays.com\/fr\/318819\/"},"modified":"2025-08-14T14:52:11","modified_gmt":"2025-08-14T14:52:11","slug":"des-agriculteurs-menacent-de-vider-les-rayons-des-produits-contenant-des-neonicotinoides-dans-le-bas-rhin","status":"publish","type":"post","link":"https:\/\/www.europesays.com\/fr\/318819\/","title":{"rendered":"des agriculteurs menacent de vider les rayons des produits contenant des n\u00e9onicotino\u00efdes dans le Bas-Rhin"},"content":{"rendered":"<p class=\"c-chapo \">\n  La FDSEA et les Jeunes Agriculteurs protestent contre les modifications apport\u00e9es \u00e0 la loi agricole Duplomb, d\u00e9sormais en vigueur, et l&rsquo;interdiction de l&rsquo;utilisation de l&rsquo;ac\u00e9tamipride.\n<\/p>\n<p>            lire plus tard<\/p>\n<p id=\"dialog__title\" class=\"dialog__title\">Pour sauvegarder cet article, connectez-vous ou cr\u00e9ez un compte franceinfo<\/p>\n<p class=\"dialog__description\">Sans paiement. Sans abonnement.<\/p>\n<p>        Fermer la fen\u00eatre d\u2019activation des notifications France Info<\/p>\n<p>            cr\u00e9er votre compte<\/p>\n<p>            se connecter<\/p>\n<p>        Fermer la fen\u00eatre de pr\u00e9sentation<\/p>\n<p>    Publi\u00e9 le 14\/08\/2025 16:16<\/p>\n<p>        Temps de lecture : 1min<\/p>\n<p>    <img decoding=\"async\"  alt=\"Des tracteurs sont visibles lors d'un rassemblement d'agriculteurs organis\u00e9 par les syndicats FNSEA et Jeunes Agriculteurs (JA) devant l'Assembl\u00e9e nationale fran\u00e7aise \u00e0 Paris, le 26 mai 2025. (THOMAS SAMSON \/ AFP)\" width=\"432\" height=\"243\" src=\"https:\/\/www.europesays.com\/fr\/wp-content\/uploads\/2025\/08\/000-484u289-689deef79083b500813452.jpg\" fetchpriority=\"high\"\/><\/p>\n<p>      Des tracteurs sont visibles lors d&rsquo;un rassemblement d&rsquo;agriculteurs organis\u00e9 par les syndicats FNSEA et Jeunes Agriculteurs (JA) devant l&rsquo;Assembl\u00e9e nationale fran\u00e7aise \u00e0 Paris, le 26 mai 2025. (THOMAS SAMSON \/ AFP)<\/p>\n<p>La FDSEA et les Jeunes Agriculteurs du Bas-Rhin demandent aux grandes surfaces de retirer de la vente les produits qui contiennent des n\u00e9onicotino\u00efdes, <a href=\"https:\/\/www.francebleu.fr\/emissions\/l-info-d-ici-ici-alsace\/loi-duplomb-en-alsace-fdsea-et-ja-menacent-de-vider-les-rayons-des-produits-contenant-des-neonicotinoides-5807176\" rel=\"nofollow noopener\" target=\"_blank\">a appris ICI Alsace (ex-France Bleu)<\/a>\u00a0 jeudi 14 ao\u00fbt aupr\u00e8s des deux syndicats. En cas de refus, les agriculteurs menacent de le faire eux-m\u00eames.<\/p>\n<p>Les deux syndicats agricoles annoncent d\u00e9j\u00e0 des actions prochaines, d\u00e8s mercredi 20 ao\u00fbt, dans les grandes surfaces pour vider les rayons. Ils protestent contre les modifications apport\u00e9es \u00e0 la loi agricole Duplomb, d\u00e9sormais en vigueur, et l&rsquo;interdiction de l&rsquo;utilisation d&rsquo;un insecticide, l&rsquo;ac\u00e9tamipride.<\/p>\n<p>Pour la FDSEA et les JA, cette d\u00e9cision manque de logique, puisque cette mol\u00e9cule est pr\u00e9sente dans d&rsquo;autres produits vendus en France. \u00ab\u00a0C&rsquo;est une aberration : plus de 100 produits contenant la mol\u00e9cule sont en vente libre\u00a0\u00bb, s&rsquo;insurgent les repr\u00e9sentants des agriculteurs aupr\u00e8s de ICI Alsace. Parmi les produits concern\u00e9s, on trouve notamment le Nutella, ou encore des pommes et des poires qui n&rsquo;ont pas \u00e9t\u00e9 produites en France.<\/p>\n<p>Ces organisations syndicales vont donc adresser un courrier aux grandes surfaces. \u00ab\u00a0On ne va pas se laisser mourir sans rien faire\u00a0\u00bb, explique \u00e0 ICI Alsace Franck Sander, vice-pr\u00e9sident de la FDSEA du Bas-Rhin. Le Conseil constitutionnel a censur\u00e9 partiellement le 8\u00a0ao\u00fbt la loi Duplomb. Finalement, le retour de l&rsquo;ac\u00e9tamipride, un pesticide, n&rsquo;est pas autoris\u00e9.<\/p>\n<p class=\"related-tags__title\" role=\"heading\" aria-level=\"2\">les mots-cl\u00e9s associ\u00e9s \u00e0 cet article\n    <\/p>\n","protected":false},"excerpt":{"rendered":"La FDSEA et les Jeunes Agriculteurs protestent contre les modifications apport\u00e9es \u00e0 la loi agricole Duplomb, d\u00e9sormais en&hellip;\n","protected":false},"author":2,"featured_media":318820,"comment_status":"","ping_status":"","sticky":false,"template":"","format":"standard","meta":{"footnotes":""},"categories":[1888],"tags":[1111,1928,11,1927,1777,674,1011,27,12,1926,626,1925,25],"class_list":{"0":"post-318819","1":"post","2":"type-post","3":"status-publish","4":"format-standard","5":"has-post-thumbnail","7":"category-paris","8":"tag-actu","9":"tag-actu-paris","10":"tag-actualites","11":"tag-actualites-paris","12":"tag-eu","13":"tag-europe","14":"tag-fr","15":"tag-france","16":"tag-news","17":"tag-news-paris","18":"tag-paris","19":"tag-paris-news","20":"tag-republique-francaise"},"share_on_mastodon":{"url":"https:\/\/pubeurope.com\/@fr\/115027689065240343","error":""},"_links":{"self":[{"href":"https:\/\/www.europesays.com\/fr\/wp-json\/wp\/v2\/posts\/318819","targetHints":{"allow":["GET"]}}],"collection":[{"href":"https:\/\/www.europesays.com\/fr\/wp-json\/wp\/v2\/posts"}],"about":[{"href":"https:\/\/www.europesays.com\/fr\/wp-json\/wp\/v2\/types\/post"}],"author":[{"embeddable":true,"href":"https:\/\/www.europesays.com\/fr\/wp-json\/wp\/v2\/users\/2"}],"replies":[{"embeddable":true,"href":"https:\/\/www.europesays.com\/fr\/wp-json\/wp\/v2\/comments?post=318819"}],"version-history":[{"count":0,"href":"https:\/\/www.europesays.com\/fr\/wp-json\/wp\/v2\/posts\/318819\/revisions"}],"wp:featuredmedia":[{"embeddable":true,"href":"https:\/\/www.europesays.com\/fr\/wp-json\/wp\/v2\/media\/318820"}],"wp:attachment":[{"href":"https:\/\/www.europesays.com\/fr\/wp-json\/wp\/v2\/media?parent=318819"}],"wp:term":[{"taxonomy":"category","embeddable":true,"href":"https:\/\/www.europesays.com\/fr\/wp-json\/wp\/v2\/categories?post=318819"},{"taxonomy":"post_tag","embeddable":true,"href":"https:\/\/www.europesays.com\/fr\/wp-json\/wp\/v2\/tags?post=318819"}],"curies":[{"name":"wp","href":"https:\/\/api.w.org\/{rel}","templated":true}]}}