{"id":318821,"date":"2025-08-14T14:53:13","date_gmt":"2025-08-14T14:53:13","guid":{"rendered":"https:\/\/www.europesays.com\/fr\/318821\/"},"modified":"2025-08-14T14:53:13","modified_gmt":"2025-08-14T14:53:13","slug":"comme-des-animaux-le-calvaire-de-300-voyageurs-bloques-deux-jours-a-roissy-avant-leur-vol-paris-dakar","status":"publish","type":"post","link":"https:\/\/www.europesays.com\/fr\/318821\/","title":{"rendered":"\u00ab\u00a0Comme des animaux\u00a0\u00bb\u00a0: le calvaire de 300 voyageurs bloqu\u00e9s deux jours \u00e0 Roissy avant leur vol Paris-Dakar"},"content":{"rendered":"<p class=\"paragraph text_align_left lp-f-body-02\">Chaque jour, la compagnie op\u00e8re pourtant son unique vol vers Dakar \u00e0 9h45. C\u2019est \u00e0 cette heure, dimanche, que Cl\u00e9ment et 295 autres voyageurs auraient d\u00fb entamer leur trajet vers la capitale s\u00e9n\u00e9galaise. Seulement ce jour-l\u00e0, une fois en zone internationale, on leur apprend qu\u2019un l\u00e9ger retard est \u00e0 pr\u00e9voir, leur avion arrivant de la capitale s\u00e9n\u00e9galaise. Puis de nouvelles annonces apparaissent sur les \u00e9crans de la salle d\u2019embarquement : le vol est report\u00e9 \u00e0 midi\u2026 et ensuite \u00e0 14 heures.<\/p>\n","protected":false},"excerpt":{"rendered":"Chaque jour, la compagnie op\u00e8re pourtant son unique vol vers Dakar \u00e0 9h45. C\u2019est \u00e0 cette heure, dimanche,&hellip;\n","protected":false},"author":2,"featured_media":318822,"comment_status":"","ping_status":"","sticky":false,"template":"","format":"standard","meta":{"footnotes":""},"categories":[1888],"tags":[1111,1928,11,1927,1777,674,118,1011,27,12,1926,626,1925,25],"class_list":{"0":"post-318821","1":"post","2":"type-post","3":"status-publish","4":"format-standard","5":"has-post-thumbnail","7":"category-paris","8":"tag-actu","9":"tag-actu-paris","10":"tag-actualites","11":"tag-actualites-paris","12":"tag-eu","13":"tag-europe","14":"tag-faits-divers","15":"tag-fr","16":"tag-france","17":"tag-news","18":"tag-news-paris","19":"tag-paris","20":"tag-paris-news","21":"tag-republique-francaise"},"share_on_mastodon":{"url":"https:\/\/pubeurope.com\/@fr\/115027692980831617","error":""},"_links":{"self":[{"href":"https:\/\/www.europesays.com\/fr\/wp-json\/wp\/v2\/posts\/318821","targetHints":{"allow":["GET"]}}],"collection":[{"href":"https:\/\/www.europesays.com\/fr\/wp-json\/wp\/v2\/posts"}],"about":[{"href":"https:\/\/www.europesays.com\/fr\/wp-json\/wp\/v2\/types\/post"}],"author":[{"embeddable":true,"href":"https:\/\/www.europesays.com\/fr\/wp-json\/wp\/v2\/users\/2"}],"replies":[{"embeddable":true,"href":"https:\/\/www.europesays.com\/fr\/wp-json\/wp\/v2\/comments?post=318821"}],"version-history":[{"count":0,"href":"https:\/\/www.europesays.com\/fr\/wp-json\/wp\/v2\/posts\/318821\/revisions"}],"wp:featuredmedia":[{"embeddable":true,"href":"https:\/\/www.europesays.com\/fr\/wp-json\/wp\/v2\/media\/318822"}],"wp:attachment":[{"href":"https:\/\/www.europesays.com\/fr\/wp-json\/wp\/v2\/media?parent=318821"}],"wp:term":[{"taxonomy":"category","embeddable":true,"href":"https:\/\/www.europesays.com\/fr\/wp-json\/wp\/v2\/categories?post=318821"},{"taxonomy":"post_tag","embeddable":true,"href":"https:\/\/www.europesays.com\/fr\/wp-json\/wp\/v2\/tags?post=318821"}],"curies":[{"name":"wp","href":"https:\/\/api.w.org\/{rel}","templated":true}]}}