{"id":318828,"date":"2025-08-14T14:57:10","date_gmt":"2025-08-14T14:57:10","guid":{"rendered":"https:\/\/www.europesays.com\/fr\/318828\/"},"modified":"2025-08-14T14:57:10","modified_gmt":"2025-08-14T14:57:10","slug":"lalaska-dans-le-viseur-de-la-russie-158-ans-apres-sa-vente-aux-etats-unis-2","status":"publish","type":"post","link":"https:\/\/www.europesays.com\/fr\/318828\/","title":{"rendered":"L\u2019Alaska dans le viseur de la Russie 158 ans apr\u00e8s sa vente aux Etats-Unis\u00a0?"},"content":{"rendered":"<p>Apr\u00e8s les territoires ukrainiens, <a href=\"https:\/\/www.20minutes.fr\/dossier\/alaska\" class=\"c-link c-link--is-underlined\" target=\"_blank\" rel=\"noopener\">l\u2019Alaska <\/a>serait dans le viseur de la <a href=\"https:\/\/www.20minutes.fr\/monde\/vladimir_poutine\/\" class=\"c-link c-link--is-underlined\" target=\"_blank\" rel=\"noopener\">Vladimir Poutine<\/a>\u00a0? Selon des publications sur les r\u00e9seaux sociaux, la <a href=\"https:\/\/www.20minutes.fr\/monde\/russie\/\" class=\"c-link c-link--is-underlined\" target=\"_blank\" rel=\"noopener\">Russie<\/a> aurait d\u00e9cid\u00e9 que sa vente ne serait finalement pas conforme, 158 ans plus tard.<\/p>\n<p>\u00ab\u00a0Le pr\u00e9sident Vladimir Poutine a sign\u00e9 un d\u00e9cret qui stipule que la vente du territoire aux US en\u00a01867 \u00e9tait &lsquo;ill\u00e9gale&rsquo;. Il affirme les pr\u00e9tentions de la Russie sur l\u2019\u00c9tat d\u2019Alaska\u00a0\u00bb, ont \u00e9crit plusieurs internautes sur X. Ce fameux d\u00e9cret aurait d\u2019ailleurs \u00e9t\u00e9 sign\u00e9 le 22\u00a0janvier 2024, un mois avant <a href=\"https:\/\/www.20minutes.fr\/monde\/ukraine\/\" class=\"c-link c-link--is-underlined\" target=\"_blank\" rel=\"noopener\">l\u2019invasion de l\u2019Ukraine<\/a>. Toujours selon les internautes, la Cour supr\u00eame aurait m\u00eame reconnu non conforme la vente du territoire aux <a href=\"https:\/\/www.20minutes.fr\/monde\/etats-unis\/\" class=\"c-link c-link--is-underlined\" target=\"_blank\" rel=\"noopener\">Etats-Unis<\/a>.<\/p>\n<p class=\"mb-xxl@xs color-ultramarine font-weight-semi-bold@xs font-source-serif-pro heading-s@xs\">L\u2019acc\u00e8s \u00e0 ce contenu a \u00e9t\u00e9 bloqu\u00e9 afin de respecter votre choix de consentement<\/p>\n<p class=\"mb-m@xs text-l@xs\">En cliquant sur\u00ab J\u2019accepte \u00bb, vous acceptez le d\u00e9p\u00f4t de cookies par des services externes et aurez ainsi acc\u00e8s aux contenus de nos partenaires.<\/p>\n<p class=\"mb-xl@xs text-s@xs\">Plus d\u2019informations sur la page<a href=\"https:\/\/www.20minutes.fr\/gestion-cookies\" class=\"mx-xxs@xs color-ultramarine\" target=\"_blank\" rel=\"noopener\">Politique de gestion des cookies<\/a><\/p>\n<p>J\u2019accepte<\/p>\n<p>Certains partagent m\u00eame la photo d\u2019un panneau d\u2019affichage sur lequel il serait \u00e9crit\u00a0: \u00ab\u00a0Alaska est \u00e0 nous.\u00a0\u00bb Ils affirment qu\u2019elle aurait \u00e9t\u00e9 prise \u00e0 Krasnoyarsk, une ville russe situ\u00e9e en <a href=\"https:\/\/www.20minutes.fr\/dossier\/siberie\" class=\"c-link c-link--is-underlined\" target=\"_blank\" rel=\"noopener\">Sib\u00e9rie <\/a>orientale, en\u00a02022.<\/p>\n<p>FAKE OFF<\/p>\n<p>Ces messages circulent depuis plusieurs mois sur les r\u00e9seaux sociaux. Mais refont surface, par un heureux hasard, quelques jours seulement <a href=\"https:\/\/www.20minutes.fr\/monde\/ukraine\/4167388-20250811-guerre-ukraine-pourquoi-choix-alaska-sommet-trump-poutine-victoire-propagande-russe\" class=\"c-link c-link--is-underlined\" target=\"_blank\" rel=\"noopener\">avant la rencontre<\/a> entre Donald Trump et Vladimir Poutine en\u2026 Alaska. Les deux pr\u00e9sidents doivent <a href=\"https:\/\/www.20minutes.fr\/monde\/ukraine\/4167628-20250813-guerre-ukraine-rencontre-trump-victoire-poutine\" class=\"c-link c-link--is-underlined\" target=\"_blank\" rel=\"noopener\">\u00e9changer sur la guerre en Ukraine ce vendredi 15\u00a0ao\u00fbt<\/a>.<\/p>\n<p>D\u2019ailleurs, qu\u2019il s\u2019agisse d\u2019ironie ou d\u2019une erreur du pr\u00e9sident am\u00e9ricain, comme il a pu nous y habituer, il a affirm\u00e9 \u00e0 deux reprises\u00a0: \u00ab\u00a0Je vais voir Poutine, je vais en Russie vendredi.\u00a0\u00bb<\/p>\n<\/p>\n<p>Pour le contexte, les Russes se sont install\u00e9s en Alaska dans les ann\u00e9es\u00a01780. Et c\u2019est en\u00a01867 que sa vente est conclue avec les Etats-Unis pour 7,2\u00a0millions de dollars, bien que ce territoire ne devienne le 49e Etat am\u00e9ricain qu\u2019en\u00a01959.<\/p>\n<p>Pas de d\u00e9cret ni de texte officiel<\/p>\n<p>Aucun document officiel ni aucune annonce ne corroborent la version des internautes. <a href=\"http:\/\/publication.pravo.gov.ru\/document\/0001202401180021\" target=\"_blank\" class=\"c-link c-link--is-underlined\" rel=\"noopener\">Le d\u00e9cret<\/a> dont il est question, et dont l\u2019image a \u00e9t\u00e9 post\u00e9e en russe sur les r\u00e9seaux sociaux, ne cite pas l\u2019Alaska, ni aucun autre territoire d\u2019ailleurs. Ce qui laisse place aux interpr\u00e9tations.<\/p>\n<p>Avant de partager leurs publications, les internautes sont probablement tomb\u00e9s sur <a href=\"https:\/\/www.geo.fr\/geopolitique\/russie-etats-unis-vladimir-poutine-prepare-t-il-en-douce-annexion-alaska-decret-biens-empire-vente-1867-seward-218472\" rel=\"nofollow noopener\" target=\"_blank\" class=\"c-link c-link--is-underlined\">un article<\/a> du magazine G\u00e9o, justement dat\u00e9 du 22\u00a0janvier 2024. Il y est \u00e9crit\u00a0: \u00ab\u00a0Traduit, le d\u00e9cret exige que l\u2019administration russe ad hoc se mette \u00e0 la recherche de tous \u00a0\u00bbles biens de la F\u00e9d\u00e9ration de Russie, de l\u2019ancien Empire russe, de l\u2019ex-URSS\u00a0\u00bb. Cela pourrait certes s\u2019appliquer aux territoires occup\u00e9s en Ukraine, la <a href=\"https:\/\/www.20minutes.fr\/dossier\/crimee\" class=\"c-link c-link--is-underlined\" target=\"_blank\" rel=\"noopener\">Crim\u00e9e<\/a> par exemple, mais la mention de \u00a0\u00bbl\u2019Empire russe\u00a0\u00bb semble ne pouvoir viser que l\u2019Alaska, seul territoire ayant \u00e0 cette \u00e9poque, par transaction, quitt\u00e9 le giron russe.\u00a0\u00bb<\/p>\n<p>Mais il ne s\u2019agit l\u00e0 que d\u2019une interpr\u00e9tation d\u2019un d\u00e9cret bien flou qui s\u2019apparenterait d\u2019avantage \u00e0 une provocation, comme le pr\u00e9sident russe en a la sp\u00e9cialit\u00e9. Et il n\u2019y a pas non plus de document \u00e9manant de la Cours supr\u00eame russe qui invaliderait la vente du territoire aux Etats-Unis.<\/p>\n<p>Des proches du pouvoir appellent \u00e0 l\u2019annexion de l\u2019Alaska<\/p>\n<p>Une succession de d\u00e9clarations a pu faire germer l\u2019id\u00e9e dans les t\u00eates de certains. Le <a href=\"https:\/\/www.dailymail.co.uk\/news\/article-5081513\/Russian-cadets-vow-grab-Alaska-propaganda-video.html\" target=\"_blank\" class=\"c-link c-link--is-underlined\" rel=\"noopener\">Daily Mail<\/a> rapportait d\u00e9j\u00e0 en\u00a02017 que de jeunes cadets russes avaient chant\u00e9 \u00ab\u00a0Nous redonnerons l\u2019Alaska \u00e0 la Russie\u00a0\u00bb.<\/p>\n<p>Des politiciens russes ont \u00e9galement tenu des positions similaires. Sergue\u00ef Mironov, membre de la <a href=\"https:\/\/www.20minutes.fr\/dossier\/douma\" class=\"c-link c-link--is-underlined\" target=\"_blank\" rel=\"noopener\">Douma<\/a> et leader du parti \u00ab\u00a0Russie juste\u00a0\u00bb, g\u00e9n\u00e9ralement align\u00e9 avec les vues internationales de Vladimir Poutine, a appel\u00e9 \u00e0 plusieurs reprises \u00e0 l\u2019annexion de l\u2019Alaska. Tandis que Viatcheslav Volodine, un autre proche conseiller du pr\u00e9sident russe, a expliqu\u00e9 que son pays \u00e9tait en droit de r\u00e9clamer l\u2019Alaska aux \u00c9tats-Unis, en r\u00e9ponse aux sanctions prises apr\u00e8s l\u2019invasion de l\u2019Ukraine.<\/p>\n<p><a href=\"https:\/\/www.20minutes.fr\/monde\/ukraine\/\" class=\"c-link c-btn c-btn--primary\" target=\"_blank\" rel=\"noopener\">Retrouvez tous nos articles sur la Guerre en Ukraine<\/a><\/p>\n<p>Aussi, depuis des ann\u00e9es, l\u2019arm\u00e9e am\u00e9ricaine annonce r\u00e9guli\u00e8rement intercepter des avions russes s\u2019approchant un peu trop de son espace a\u00e9rien dans la r\u00e9gion. Mais si l\u2019Alaska reste un Etat am\u00e9ricain, il n\u2019en demeure pas moins une ancienne colonie russe, et son influence est toujours bien pr\u00e9sente.<\/p>\n<p>Le pr\u00e9sident ukrainien <a href=\"https:\/\/www.20minutes.fr\/monde\/volodymyr-zelensky\/\" class=\"c-link c-link--is-underlined\" target=\"_blank\" rel=\"noopener\">Volodymyr Zelensky<\/a> a d\u2019ailleurs estim\u00e9 que la rencontre pr\u00e9vue entre Vladimir Poutine et Donald Trump en Alaska \u00e9tait d\u00e9j\u00e0 une \u00ab\u00a0victoire personnelle\u00a0\u00bb pour le dirigeant russe. Et de leur c\u00f4t\u00e9, les m\u00e9dias russes ont insist\u00e9 sur la nature symbolique de ce lieu de rencontre.<\/p>\n","protected":false},"excerpt":{"rendered":"Apr\u00e8s les territoires ukrainiens, l\u2019Alaska serait dans le viseur de la Vladimir Poutine\u00a0? Selon des publications sur les&hellip;\n","protected":false},"author":2,"featured_media":318829,"comment_status":"","ping_status":"","sticky":false,"template":"","format":"standard","meta":{"footnotes":""},"categories":[1590],"tags":[47,11,36796,75,73,1777,674,840,131,74,12,132,220,135],"class_list":{"0":"post-318828","1":"post","2":"type-post","3":"status-publish","4":"format-standard","5":"has-post-thumbnail","7":"category-ukraine","8":"tag-actualite","9":"tag-actualites","10":"tag-alaska","11":"tag-donald-trump","12":"tag-etats-unis","13":"tag-eu","14":"tag-europe","15":"tag-fake-off","16":"tag-guerre-en-ukraine","17":"tag-monde","18":"tag-news","19":"tag-russie","20":"tag-ukraine","21":"tag-vladimir-poutine"},"share_on_mastodon":{"url":"https:\/\/pubeurope.com\/@fr\/115027708704622420","error":""},"_links":{"self":[{"href":"https:\/\/www.europesays.com\/fr\/wp-json\/wp\/v2\/posts\/318828","targetHints":{"allow":["GET"]}}],"collection":[{"href":"https:\/\/www.europesays.com\/fr\/wp-json\/wp\/v2\/posts"}],"about":[{"href":"https:\/\/www.europesays.com\/fr\/wp-json\/wp\/v2\/types\/post"}],"author":[{"embeddable":true,"href":"https:\/\/www.europesays.com\/fr\/wp-json\/wp\/v2\/users\/2"}],"replies":[{"embeddable":true,"href":"https:\/\/www.europesays.com\/fr\/wp-json\/wp\/v2\/comments?post=318828"}],"version-history":[{"count":0,"href":"https:\/\/www.europesays.com\/fr\/wp-json\/wp\/v2\/posts\/318828\/revisions"}],"wp:featuredmedia":[{"embeddable":true,"href":"https:\/\/www.europesays.com\/fr\/wp-json\/wp\/v2\/media\/318829"}],"wp:attachment":[{"href":"https:\/\/www.europesays.com\/fr\/wp-json\/wp\/v2\/media?parent=318828"}],"wp:term":[{"taxonomy":"category","embeddable":true,"href":"https:\/\/www.europesays.com\/fr\/wp-json\/wp\/v2\/categories?post=318828"},{"taxonomy":"post_tag","embeddable":true,"href":"https:\/\/www.europesays.com\/fr\/wp-json\/wp\/v2\/tags?post=318828"}],"curies":[{"name":"wp","href":"https:\/\/api.w.org\/{rel}","templated":true}]}}