{"id":31883,"date":"2025-04-17T14:42:31","date_gmt":"2025-04-17T14:42:31","guid":{"rendered":"https:\/\/www.europesays.com\/fr\/31883\/"},"modified":"2025-04-17T14:42:31","modified_gmt":"2025-04-17T14:42:31","slug":"avant-apres-a-rennes-a-quoi-ressemble-vraiment-la-vegetalisation-massive-promise-par-nathalie-appere-et-les-ecologistes","status":"publish","type":"post","link":"https:\/\/www.europesays.com\/fr\/31883\/","title":{"rendered":"Avant\/Apr\u00e8s\u00a0: \u00e0 Rennes, \u00e0 quoi ressemble vraiment la \u00ab\u00a0v\u00e9g\u00e9talisation massive\u00a0\u00bb promise par Nathalie App\u00e9r\u00e9 et les \u00e9cologistes ?"},"content":{"rendered":"<p>30 000 arbres plant\u00e9s sur l\u2019espace public avant la fin du mandat, en 2026. La promesse aux Rennais de Nathalie App\u00e9r\u00e9 et ses alli\u00e9s \u00e9cologistes aux municipales de 2020 sera-t-elle tenue ? Encore un peu t\u00f4t pour le dire mais les int\u00e9ress\u00e9s estiment \u00eatre bien partis. Au-del\u00e0 de ce chiffre qui a marqu\u00e9 les esprits, la maire sortante s\u2019\u00e9tait engag\u00e9e \u00e0 une \u00ab v\u00e9g\u00e9talisation massive \u00bb de la ville, selon l\u2019expression retenue <a href=\"https:\/\/elus.rennes-ecologie.bzh\/2020\/05\/29\/une-ville-exemplaire-pour-lecologie\/\" target=\"_blank\" rel=\"noopener\">dans l\u2019accord d\u2019entre deux tours<\/a>. Objectif : lutter contre l\u2019accumulation de chaleur en ville pendant l\u2019\u00e9t\u00e9, am\u00e9liorer le cadre de vie et redonner de la place \u00e0 la biodiversit\u00e9. Alors que le printemps revient et que la verdure reprend vie, le T\u00e9l\u00e9gramme a s\u00e9lectionn\u00e9 cinq lieux o\u00f9 cette politique a \u00e9t\u00e9 appliqu\u00e9e. Alors, r\u00e9ussite ou gadget ? \u00c0 vous de juger.<\/p>\n<p>Le projet avait \u00e9t\u00e9 pr\u00e9sent\u00e9 \u00e0 l\u2019\u00e9poque comme le top d\u00e9part du verdissement du centre historique de Rennes, consid\u00e9r\u00e9 par beaucoup d\u2019habitants comme trop min\u00e9ral. D\u00e9but 2022, <a href=\"https:\/\/www.letelegramme.fr\/ille-et-vilaine\/rennes-35000\/a-rennes-204-000-eur-pour-planter-18-arbres-place-de-la-mairie-179804.php\" target=\"_blank\" rel=\"noopener\">18 arbres ont \u00e9t\u00e9 plant\u00e9s place de la mairie<\/a>, accompagn\u00e9s de v\u00e9g\u00e9tation basse \u00e0 leur pied. Co\u00fbt total du projet : 200 000 euros, soit 11 000 par feuillu. Une lourde facture due \u00e0 des contraintes techniques importantes sur le site. Commentaire \u00e0 l\u2019\u00e9poque de l\u2019opposition R\u00e9v\u00e9ler Rennes : \u00ab Les \u00e9lus \u00e9cologistes nous promettaient de la v\u00e9g\u00e9talisation massive. On pouvait s\u2019attendre \u00e0 quelque chose d\u2019ambitieux. Au lieu de \u00e7a, on nous pr\u00e9sente deux alignements d\u2019arbres. \u00bb<\/p>\n<p>2 Place de la parcheminerie<\/p>\n<p>Quelques arbres ont \u00e9galement \u00e9t\u00e9 plant\u00e9s non loin de l\u00e0, place de la Parcheminerie, en mai 2023. \u00c0 la place d\u2019un parking se tient d\u00e9sormais un petit parc, agr\u00e9ment\u00e9 de quelques bancs. Au total, <a href=\"https:\/\/www.letelegramme.fr\/ille-et-vilaine\/rennes-35000\/a-rennes-24-arbres-vont-etre-plantes-ce-jeudi-300-sont-prevus-au-total-6535290.php\" target=\"_blank\" rel=\"noopener\">la Ville souhaite planter 500 individus dans le centre<\/a>, en incluant les 200 pr\u00e9vus dans le cadre du r\u00e9am\u00e9nagement du secteur R\u00e9publique. Les secteurs particuli\u00e8rement cibl\u00e9s : Champ-Jacquet, Lices, boulevard de la Libert\u00e9, H\u00f4tel-Dieu. Pas grand-chose, donc, en comparaison des 30 000 annonc\u00e9s sur le mandat, dont une grande partie a lieu en r\u00e9alit\u00e9 dans les parcs publics, d\u00e9j\u00e0 arbor\u00e9s. La municipalit\u00e9 explique que les plantations sont particuli\u00e8rement difficiles dans le centre. L\u2019habitat y est dense, les r\u00e9seaux souterrains nombreux et une partie se situe en secteur sauvegard\u00e9, ce qui n\u00e9cessite d\u2019obtenir l\u2019aval de l\u2019Architecte des b\u00e2timents de France. \ufeff<\/p>\n<p>3 Boulevard de Strasbourg<\/p>\n<p>Les \u00e9lus n\u2019en ont pas fait myst\u00e8re : impossible de v\u00e9g\u00e9taliser les rues sans rogner sur l\u2019espace aujourd\u2019hui d\u00e9di\u00e9 \u00e0 la voiture. Boulevard de Strasbourg, \u00e0 l\u2019est de Rennes, des zones de croisement ont ainsi \u00e9t\u00e9 supprim\u00e9es. En lieu et place : des carr\u00e9s de verdures avec, dans certains cas, des arbres au milieu. Ici, pas de suppression de places de parkings ou de nombre de voies. Mais cela ne sera pas possible partout, d\u2019autant que la Ville souhaite aussi am\u00e9nager plus de pistes cyclables.<\/p>\n<p>4 Rue de l\u2019Alma<\/p>\n<p>Elle aussi est un symbole : <a href=\"https:\/\/www.letelegramme.fr\/fil-info\/bretagne\/spanrennes-spantrop-monolithique-la-rue-de-lalma-3250706.php\" target=\"_blank\" rel=\"noopener\">celui de la densification de Rennes<\/a>. Rue de l\u2019Alma, les anciennes maisons de faubourg ont \u00e9t\u00e9 remplac\u00e9es par d\u2019imposants immeubles \u00e0 l\u2019occasion d\u2019un vaste projet de r\u00e9am\u00e9nagement, lors de la pr\u00e9c\u00e9dente d\u00e9cennie. D\u00e8s l\u2019origine, le projet comportait des alignements le long des trottoirs. En 2023, le tron\u00e7on nord a \u00e9galement \u00e9t\u00e9 revu et corrig\u00e9, pour inclure des plantations et des pistes cyclables s\u00e9curis\u00e9es. Une seconde phase est pr\u00e9vue plus haut, de la rue de Ch\u00e2tillon au pont inclus. Elle est conditionn\u00e9e \u00e0 la livraison <a href=\"https:\/\/www.letelegramme.fr\/ille-et-vilaine\/rennes-35000\/a-rennes-la-future-tour-samsic-rabotee-de-30-metres-6557117.php\" target=\"_blank\" rel=\"noopener\">du projet immobilier port\u00e9 par Samsic et Bati-Armor<\/a>, qui a pris beaucoup de retard.<\/p>\n<p>5 Place Th\u00e9r\u00e8se Pierre<\/p>\n<p>Au milieu de cette rue de l\u2019Alma m\u00e9tamorphos\u00e9e, la premi\u00e8re version de la place Th\u00e9r\u00e8se Pierre s\u2019\u00e9tait attir\u00e9 les critiques \u00e0 la fin du chantier, en 2018. Ambiance tout b\u00e9ton. La mairie s\u2019en \u00e9tait expliqu\u00e9e : l\u2019am\u00e9nagement \u00e9tait transitoire. Les fosses destin\u00e9es \u00e0 accueillir les futurs arbres \u00e9taient simplement recouvertes de pav\u00e9s, pour permettre aux engins de chantier de circuler. Cinq arbres ont \u00e9t\u00e9 plant\u00e9s \u00e0 la fin de cette m\u00eame ann\u00e9e. Puis, en 2023, la place toute neuve a de nouveau \u00e9t\u00e9 remani\u00e9e pour accueillir plus de v\u00e9g\u00e9tation. Un projet propos\u00e9 par les habitants au budget participatif de 2024-2025 demandait \u00e0 la mairie d\u2019aller encore plus loin. Mais l\u2019id\u00e9e a \u00e9t\u00e9 \u00e9cart\u00e9e, notamment au motif que la place venait juste d\u2019\u00eatre r\u00e9am\u00e9nag\u00e9e\u2026 Pour la 2e fois.<\/p>\n","protected":false},"excerpt":{"rendered":"30 000 arbres plant\u00e9s sur l\u2019espace public avant la fin du mandat, en 2026. La promesse aux Rennais&hellip;\n","protected":false},"author":2,"featured_media":31884,"comment_status":"","ping_status":"","sticky":false,"template":"","format":"standard","meta":{"footnotes":""},"categories":[2821],"tags":[1111,11,1350,829,51,436,1777,674,1011,27,10736,12,3364,584,25,1352,10810],"class_list":{"0":"post-31883","1":"post","2":"type-post","3":"status-publish","4":"format-standard","5":"has-post-thumbnail","7":"category-rennes","8":"tag-actu","9":"tag-actualites","10":"tag-architecture","11":"tag-bretagne","12":"tag-ecologie","13":"tag-environnement","14":"tag-eu","15":"tag-europe","16":"tag-fr","17":"tag-france","18":"tag-nathalie-appere","19":"tag-news","20":"tag-politique-a-rennes","21":"tag-rennes","22":"tag-republique-francaise","23":"tag-urbanisme","24":"tag-urbanisme-a-rennes"},"share_on_mastodon":{"url":"https:\/\/pubeurope.com\/@fr\/114353834796850584","error":""},"_links":{"self":[{"href":"https:\/\/www.europesays.com\/fr\/wp-json\/wp\/v2\/posts\/31883","targetHints":{"allow":["GET"]}}],"collection":[{"href":"https:\/\/www.europesays.com\/fr\/wp-json\/wp\/v2\/posts"}],"about":[{"href":"https:\/\/www.europesays.com\/fr\/wp-json\/wp\/v2\/types\/post"}],"author":[{"embeddable":true,"href":"https:\/\/www.europesays.com\/fr\/wp-json\/wp\/v2\/users\/2"}],"replies":[{"embeddable":true,"href":"https:\/\/www.europesays.com\/fr\/wp-json\/wp\/v2\/comments?post=31883"}],"version-history":[{"count":0,"href":"https:\/\/www.europesays.com\/fr\/wp-json\/wp\/v2\/posts\/31883\/revisions"}],"wp:featuredmedia":[{"embeddable":true,"href":"https:\/\/www.europesays.com\/fr\/wp-json\/wp\/v2\/media\/31884"}],"wp:attachment":[{"href":"https:\/\/www.europesays.com\/fr\/wp-json\/wp\/v2\/media?parent=31883"}],"wp:term":[{"taxonomy":"category","embeddable":true,"href":"https:\/\/www.europesays.com\/fr\/wp-json\/wp\/v2\/categories?post=31883"},{"taxonomy":"post_tag","embeddable":true,"href":"https:\/\/www.europesays.com\/fr\/wp-json\/wp\/v2\/tags?post=31883"}],"curies":[{"name":"wp","href":"https:\/\/api.w.org\/{rel}","templated":true}]}}