{"id":318830,"date":"2025-08-14T14:58:15","date_gmt":"2025-08-14T14:58:15","guid":{"rendered":"https:\/\/www.europesays.com\/fr\/318830\/"},"modified":"2025-08-14T14:58:15","modified_gmt":"2025-08-14T14:58:15","slug":"accord-commercial-ue-usa-washington-renvoie-ses-suggestions-le-texte-sur-le-point-detre-finalise","status":"publish","type":"post","link":"https:\/\/www.europesays.com\/fr\/318830\/","title":{"rendered":"Accord commercial UE-USA : Washington renvoie ses suggestions, le texte sur le point d&rsquo;\u00eatre finalis\u00e9"},"content":{"rendered":"<p>          <img decoding=\"async\" class=\"c-ad__placeholder__logo\" src=\"https:\/\/static.euronews.com\/website\/images\/logos\/logo-euronews-stacked-outlined-72x72-grey-9.svg\" width=\"72\" height=\"72\" alt=\"\" loading=\"lazy\"\/><br \/>\n          PUBLICIT\u00c9<\/p>\n<p>Les Etats-Unis se sont retourn\u00e9s vers la Commission europ\u00e9enne au sujet de la d\u00e9claration commune tr\u00e8s attendue qui sous-tend <a href=\"https:\/\/fr.euronews.com\/my-europe\/2025\/07\/27\/lunion-europeenne-et-les-etats-unis-scellent-un-accord-commercial-evitant-une-guerre-tarif\" target=\"_blank\" rel=\"noopener\"><strong>l&rsquo;accord commercial conclu entre Ursula von der Leyen et Donald Trump fin juillet<\/strong><\/a>, a confirm\u00e9 jeudi l&rsquo;ex\u00e9cutif de l&rsquo;UE.<\/p>\n<p>\u00ab\u00a0Je suis heureux de confirmer que nous avons re\u00e7u un texte des Etats-Unis avec leurs suggestions pour, disons, se rapprocher de la finalisation du document\u00a0\u00bb, a d\u00e9clar\u00e9 le porte-parole Olof Gill aux journalistes. \u00ab\u00a0Nous allons donc l&rsquo;examiner maintenant\u00a0\u00bb.<\/p>\n<p>Les \u00c9tats-Unis et l&rsquo;UE sont parvenus \u00e0 un accord politique mettant fin au diff\u00e9rend commercial entre les deux blocs il y a plus de deux semaines, lorsque le pr\u00e9sident am\u00e9ricain Donald Trump et la pr\u00e9sidente de la Commission europ\u00e9enne Ursula von der Leyen se sont rencontr\u00e9s en \u00c9cosse.<\/p>\n<p>Les parties ont convenu que les \u00c9tats-Unis fixeraient des droits de douane de 15 % sur les produits de l&rsquo;UE, le bloc s&rsquo;engageant \u00e9galement \u00e0 acheter des produits \u00e9nerg\u00e9tiques am\u00e9ricains d&rsquo;une valeur de 750 milliards d&rsquo;euros et \u00e0 investir 600 milliards d&rsquo;euros suppl\u00e9mentaires aux \u00c9tats-Unis avant la fin du mandat de M. Trump. Toutefois, les deux parties ont depuis lors fait des d\u00e9clarations contradictoires sur le contenu et la port\u00e9e de l&rsquo;accord.<\/p>\n<p>La d\u00e9claration commune des \u00c9tats-Unis et de l&rsquo;Union europ\u00e9enne ne sera pas juridiquement contraignante, mais elle est extr\u00eamement importante, car elle fixera les d\u00e9tails techniques et comprendra la liste des marchandises qui seront exempt\u00e9es de droits de douane.<\/p>\n<p>M. Gill n&rsquo;a pas souhait\u00e9 commenter la date \u00e0 laquelle le texte pourrait \u00eatre finalis\u00e9, d\u00e9clarant que \u00ab\u00a0la rapidit\u00e9 avec laquelle cela se produit d\u00e9pend des deux parties qui s&rsquo;engagent et se concentrent pleinement sur le sujet et, de notre c\u00f4t\u00e9, nous pouvons certainement dire que c&rsquo;est ce que nous ferons\u00a0\u00bb.<\/p>\n<p>D&rsquo;autres engagements techniques et politiques entre les deux parties devraient maintenant avoir lieu, l&rsquo;UE \u00e9tant pr\u00eate \u00e0 \u00ab\u00a0faire ses propres suggestions\u00a0\u00bb, a d\u00e9clar\u00e9 M. Gill. \u00ab\u00a0Nous allons faire des allers-retours jusqu&rsquo;\u00e0 ce que nous parvenions \u00e0 un texte final, et j&rsquo;esp\u00e8re que nous y parviendrons bient\u00f4t\u00a0\u00bb.<\/p>\n<p>Certains fabricants europ\u00e9ens ont d\u00e9plor\u00e9 les retards dans la mise en \u0153uvre de l&rsquo;accord, notamment l&rsquo;industrie automobile pour laquelle le taux tarifaire n&rsquo;a pas encore \u00e9t\u00e9 r\u00e9duit \u00e0 15 % et reste \u00e0 27,5 %.<\/p>\n<p>Le porte-parole de la Commission europ\u00e9enne a r\u00e9affirm\u00e9 jeudi qu&rsquo;il n&rsquo;\u00e9tait pas pr\u00e9occup\u00e9 par le fait que le pr\u00e9sident am\u00e9ricain n&rsquo;ait pas encore sign\u00e9 le d\u00e9cret sur les importations de voitures, arguant que \u00ab\u00a0les \u00c9tats-Unis ont pris des engagements politiques en vue de r\u00e9duire les droits de douane\u00a0\u00bb : \u00ab\u00a0Les \u00c9tats-Unis ont pris des engagements politiques \u00e0 cet \u00e9gard et nous attendons avec impatience qu&rsquo;ils soient mis en \u0153uvre\u00a0\u00bb.<\/p>\n<p>Sources additionnelles<strong> \u2022 adaptation : Serge Duch\u00eane<\/strong><\/p>\n","protected":false},"excerpt":{"rendered":"PUBLICIT\u00c9 Les Etats-Unis se sont retourn\u00e9s vers la Commission europ\u00e9enne au sujet de la d\u00e9claration commune tr\u00e8s attendue&hellip;\n","protected":false},"author":2,"featured_media":318831,"comment_status":"","ping_status":"","sticky":false,"template":"","format":"standard","meta":{"footnotes":""},"categories":[1589],"tags":[11,2388,73,1866,12,35266,364,1864,1865,1863,308],"class_list":{"0":"post-318830","1":"post","2":"type-post","3":"status-publish","4":"format-standard","5":"has-post-thumbnail","7":"category-etats-unis","8":"tag-actualites","9":"tag-droits-de-douane","10":"tag-etats-unis","11":"tag-etats-unis-damerique","12":"tag-news","13":"tag-trump-et-ses-taxes","14":"tag-union-europeenne","15":"tag-united-states","16":"tag-united-states-of-america","17":"tag-us","18":"tag-usa"},"share_on_mastodon":{"url":"https:\/\/pubeurope.com\/@fr\/115027712648280812","error":""},"_links":{"self":[{"href":"https:\/\/www.europesays.com\/fr\/wp-json\/wp\/v2\/posts\/318830","targetHints":{"allow":["GET"]}}],"collection":[{"href":"https:\/\/www.europesays.com\/fr\/wp-json\/wp\/v2\/posts"}],"about":[{"href":"https:\/\/www.europesays.com\/fr\/wp-json\/wp\/v2\/types\/post"}],"author":[{"embeddable":true,"href":"https:\/\/www.europesays.com\/fr\/wp-json\/wp\/v2\/users\/2"}],"replies":[{"embeddable":true,"href":"https:\/\/www.europesays.com\/fr\/wp-json\/wp\/v2\/comments?post=318830"}],"version-history":[{"count":0,"href":"https:\/\/www.europesays.com\/fr\/wp-json\/wp\/v2\/posts\/318830\/revisions"}],"wp:featuredmedia":[{"embeddable":true,"href":"https:\/\/www.europesays.com\/fr\/wp-json\/wp\/v2\/media\/318831"}],"wp:attachment":[{"href":"https:\/\/www.europesays.com\/fr\/wp-json\/wp\/v2\/media?parent=318830"}],"wp:term":[{"taxonomy":"category","embeddable":true,"href":"https:\/\/www.europesays.com\/fr\/wp-json\/wp\/v2\/categories?post=318830"},{"taxonomy":"post_tag","embeddable":true,"href":"https:\/\/www.europesays.com\/fr\/wp-json\/wp\/v2\/tags?post=318830"}],"curies":[{"name":"wp","href":"https:\/\/api.w.org\/{rel}","templated":true}]}}