{"id":318832,"date":"2025-08-14T14:59:24","date_gmt":"2025-08-14T14:59:24","guid":{"rendered":"https:\/\/www.europesays.com\/fr\/318832\/"},"modified":"2025-08-14T14:59:24","modified_gmt":"2025-08-14T14:59:24","slug":"le-train-royal-britannique-bientot-sur-la-voie-de-garage","status":"publish","type":"post","link":"https:\/\/www.europesays.com\/fr\/318832\/","title":{"rendered":"Le train royal britannique bient\u00f4t sur la voie de garage"},"content":{"rendered":"<p>Le train de la famille royale britannique devrait \u00eatre retir\u00e9 du service \u00e0 partir de 2026 en raison de ses co\u00fbts \u00e9lev\u00e9s, a annonc\u00e9 cet \u00e9t\u00e9 le tr\u00e9sorier du roi Charles III, mettant fin \u00e0 une pratique s\u00e9culaire au titre de r\u00e9ductions des d\u00e9penses et de projets de modernisations. La famille aura \u00e0 sa disposition deux h\u00e9licopt\u00e8res pour se d\u00e9placer, a-t-il indiqu\u00e9.<\/p>\n<p>La reine Victoria (1837-1901) a \u00e9t\u00e9 la premi\u00e8re souveraine britannique \u00e0 disposer d\u2019un convoi sp\u00e9cialement affr\u00e9t\u00e9 pour elle. En 2020, le prince William et son \u00e9pouse Kate ont emprunt\u00e9 le train royal pour effectuer un voyage d\u2019environ 2.000 km au Royaume-Uni pour remercier les travailleurs jug\u00e9s essentiels durant la pand\u00e9mie de Covid-19.<\/p>\n","protected":false},"excerpt":{"rendered":"Le train de la famille royale britannique devrait \u00eatre retir\u00e9 du service \u00e0 partir de 2026 en raison&hellip;\n","protected":false},"author":2,"featured_media":318833,"comment_status":"","ping_status":"","sticky":false,"template":"","format":"standard","meta":{"footnotes":""},"categories":[1588],"tags":[11,1777,674,12,473,1853,1851,1850,1852],"class_list":{"0":"post-318832","1":"post","2":"type-post","3":"status-publish","4":"format-standard","5":"has-post-thumbnail","7":"category-royaume-uni","8":"tag-actualites","9":"tag-eu","10":"tag-europe","11":"tag-news","12":"tag-royaume-uni","13":"tag-royaume-uni-de-grande-bretagne-et-dirlande-du-nord","14":"tag-uk","15":"tag-united-kingdom","16":"tag-united-kingdom-of-great-britain-and-northern-ireland"},"share_on_mastodon":{"url":"https:\/\/pubeurope.com\/@fr\/115027716568679224","error":""},"_links":{"self":[{"href":"https:\/\/www.europesays.com\/fr\/wp-json\/wp\/v2\/posts\/318832","targetHints":{"allow":["GET"]}}],"collection":[{"href":"https:\/\/www.europesays.com\/fr\/wp-json\/wp\/v2\/posts"}],"about":[{"href":"https:\/\/www.europesays.com\/fr\/wp-json\/wp\/v2\/types\/post"}],"author":[{"embeddable":true,"href":"https:\/\/www.europesays.com\/fr\/wp-json\/wp\/v2\/users\/2"}],"replies":[{"embeddable":true,"href":"https:\/\/www.europesays.com\/fr\/wp-json\/wp\/v2\/comments?post=318832"}],"version-history":[{"count":0,"href":"https:\/\/www.europesays.com\/fr\/wp-json\/wp\/v2\/posts\/318832\/revisions"}],"wp:featuredmedia":[{"embeddable":true,"href":"https:\/\/www.europesays.com\/fr\/wp-json\/wp\/v2\/media\/318833"}],"wp:attachment":[{"href":"https:\/\/www.europesays.com\/fr\/wp-json\/wp\/v2\/media?parent=318832"}],"wp:term":[{"taxonomy":"category","embeddable":true,"href":"https:\/\/www.europesays.com\/fr\/wp-json\/wp\/v2\/categories?post=318832"},{"taxonomy":"post_tag","embeddable":true,"href":"https:\/\/www.europesays.com\/fr\/wp-json\/wp\/v2\/tags?post=318832"}],"curies":[{"name":"wp","href":"https:\/\/api.w.org\/{rel}","templated":true}]}}