{"id":318834,"date":"2025-08-14T15:00:25","date_gmt":"2025-08-14T15:00:25","guid":{"rendered":"https:\/\/www.europesays.com\/fr\/318834\/"},"modified":"2025-08-14T15:00:25","modified_gmt":"2025-08-14T15:00:25","slug":"allemagne-nouvelles-audiences-au-proces-de-daniela-klette-%f0%9f%94%b4-info-libertaire","status":"publish","type":"post","link":"https:\/\/www.europesays.com\/fr\/318834\/","title":{"rendered":"[Allemagne] Nouvelles audiences au proc\u00e8s de Daniela Klette \u2013 \ud83d\udd34 Info Libertaire"},"content":{"rendered":"<p>Le proc\u00e8s de Daniela devant le tribunal r\u00e9gional de Verden porte principalement sur 13 attaques \u00e0 mains arm\u00e9es, notamment contre des transporteurs de fonds. Le tribunal a abandonn\u00e9 le 10\u00a0juillet l\u2019accusation de tentative de meurtre contre les convoyeurs de fonds. Initialement, le proc\u00e8s s\u2019\u00e9tait d\u00e9roul\u00e9 \u00e0 Celle, dans la salle de s\u00fbret\u00e9 du tribunal r\u00e9gional sup\u00e9rieur, pour des raisons de s\u00e9curit\u00e9. Depuis fin mai, le proc\u00e8s se poursuit dans le district d\u2019Eitze, \u00e0 Verden, apr\u00e8s la transformation d\u2019un ancien man\u00e8ge en forteresse hautement s\u00e9curis\u00e9e pour 3,6 millions d\u2019euros.<br \/>\nDeux audiences ont eu lieu hier mardi 12 et aujourd\u2019hui mercredi 13\u00a0ao\u00fbt. Les d\u00e9bats tournent autour des l\u2019\u00e9ventuelle pr\u00e9sence de Daniela \u00e0 chacune des attaques, avec audition de t\u00e9moins etc. Les suivantes sont pr\u00e9vues pour les 19 et 20\u00a0ao\u00fbt avant une nouvelle pause estivale de deux semaines. Une manifestation de solidarit\u00e9 a lieu aujourd\u2019<br \/>hui \u00e0 proximit\u00e9 du tribunal. D\u2019autres activit\u00e9s solidaires sont pr\u00e9vues comme un rassemblement devant le commissariat de police \u00e0 Berlin-Kreuzberg le 15\u00a0ao\u00fbt et devant la prison de Vechta le 23\u00a0ao\u00fbt. Cinq personnes sont toujours interdites de visite \u00e0 Daniela. Deux d\u2019entre elles, Ariane et Susanne, militantes du mouvement de solidarit\u00e9, ont re\u00e7u en ao\u00fbt de nouvelles convocations du Bureau f\u00e9d\u00e9ral de police criminelle (BKA), \u00e9mises par le parquet f\u00e9d\u00e9ral de Karlsruhe (voir notre article ).<br \/>\nLe nouveau site de la solidarit\u00e9 avec Daniela <\/p>\n","protected":false},"excerpt":{"rendered":"Le proc\u00e8s de Daniela devant le tribunal r\u00e9gional de Verden porte principalement sur 13 attaques \u00e0 mains arm\u00e9es,&hellip;\n","protected":false},"author":2,"featured_media":60091,"comment_status":"","ping_status":"","sticky":false,"template":"","format":"standard","meta":{"footnotes":""},"categories":[1587],"tags":[11,672,1804,1805,1803,1777,674,1801,12,1802],"class_list":{"0":"post-318834","1":"post","2":"type-post","3":"status-publish","4":"format-standard","5":"has-post-thumbnail","7":"category-allemagne","8":"tag-actualites","9":"tag-allemagne","10":"tag-bundesrepublik-deutschland","11":"tag-de","12":"tag-deutschland","13":"tag-eu","14":"tag-europe","15":"tag-germany","16":"tag-news","17":"tag-republique-federale-dallemagne"},"share_on_mastodon":{"url":"https:\/\/pubeurope.com\/@fr\/115027720513604835","error":""},"_links":{"self":[{"href":"https:\/\/www.europesays.com\/fr\/wp-json\/wp\/v2\/posts\/318834","targetHints":{"allow":["GET"]}}],"collection":[{"href":"https:\/\/www.europesays.com\/fr\/wp-json\/wp\/v2\/posts"}],"about":[{"href":"https:\/\/www.europesays.com\/fr\/wp-json\/wp\/v2\/types\/post"}],"author":[{"embeddable":true,"href":"https:\/\/www.europesays.com\/fr\/wp-json\/wp\/v2\/users\/2"}],"replies":[{"embeddable":true,"href":"https:\/\/www.europesays.com\/fr\/wp-json\/wp\/v2\/comments?post=318834"}],"version-history":[{"count":0,"href":"https:\/\/www.europesays.com\/fr\/wp-json\/wp\/v2\/posts\/318834\/revisions"}],"wp:featuredmedia":[{"embeddable":true,"href":"https:\/\/www.europesays.com\/fr\/wp-json\/wp\/v2\/media\/60091"}],"wp:attachment":[{"href":"https:\/\/www.europesays.com\/fr\/wp-json\/wp\/v2\/media?parent=318834"}],"wp:term":[{"taxonomy":"category","embeddable":true,"href":"https:\/\/www.europesays.com\/fr\/wp-json\/wp\/v2\/categories?post=318834"},{"taxonomy":"post_tag","embeddable":true,"href":"https:\/\/www.europesays.com\/fr\/wp-json\/wp\/v2\/tags?post=318834"}],"curies":[{"name":"wp","href":"https:\/\/api.w.org\/{rel}","templated":true}]}}