{"id":318837,"date":"2025-08-14T15:02:11","date_gmt":"2025-08-14T15:02:11","guid":{"rendered":"https:\/\/www.europesays.com\/fr\/318837\/"},"modified":"2025-08-14T15:02:11","modified_gmt":"2025-08-14T15:02:11","slug":"feux-de-foret-les-demandes-de-solidarite-de-lue-deja-equivalentes-a-celles-de-la-saison-2024","status":"publish","type":"post","link":"https:\/\/www.europesays.com\/fr\/318837\/","title":{"rendered":"Feux de for\u00eat : les demandes de solidarit\u00e9 de l&rsquo;UE d\u00e9j\u00e0 \u00e9quivalentes \u00e0 celles de la saison 2024"},"content":{"rendered":"<p>\n         Publi\u00e9 le<br \/>\n            14\/08\/2025 &#8211; 16:49 UTC+2\n            <\/p>\n<p>          <img decoding=\"async\" class=\"c-ad__placeholder__logo\" src=\"https:\/\/static.euronews.com\/website\/images\/logos\/logo-euronews-stacked-outlined-72x72-grey-9.svg\" width=\"72\" height=\"72\" alt=\"\" loading=\"lazy\"\/><br \/>\n          PUBLICIT\u00c9<\/p>\n<p>Le nombre de demandes de solidarit\u00e9 europ\u00e9enne pour aider \u00e0 lutter contre les incendies de for\u00eat a atteint cette semaine le m\u00eame nombre que pour l&rsquo;ensemble de la saison des incendies de 2024, a annonc\u00e9 jeudi la Commission europ\u00e9enne.<\/p>\n<p>\u00ab\u00a0Globalement, le m\u00e9canisme a \u00e9t\u00e9 activ\u00e9 16 fois au cours de la saison actuelle et nous sommes \u00e0 la mi-ao\u00fbt\u00a0\u00bb, a d\u00e9clar\u00e9 jeudi \u00e0 la presse Eva Hrncirova, porte-parole de la Commission europ\u00e9enne. \u00ab\u00a0Cela \u00e9quivaut d\u00e9j\u00e0 au nombre total d&rsquo;activations durant toute la saison estivale de l&rsquo;ann\u00e9e derni\u00e8re.<\/p>\n<p>Mercredi, l&rsquo;Espagne est devenue le dernier pays \u00e0 se tourner vers le m\u00e9canisme, en faisant sa toute premi\u00e8re demande de solidarit\u00e9 europ\u00e9enne contre les incendies de for\u00eat.<\/p>\n<p>Au moins trois personnes sont mortes en Espagne, dont un pompier volontaire, alors que des incendies de for\u00eat ravagent la province de L\u00e9on, dans le nord-ouest du pays.<\/p>\n<p>Deux avions de la r\u00e9serve strat\u00e9gique de l&rsquo;UE, actuellement stationn\u00e9s en France, devaient \u00eatre d\u00e9ploy\u00e9s en Espagne jeudi.<\/p>\n<p>La Bulgarie, le Mont\u00e9n\u00e9gro, l&rsquo;Albanie et la Gr\u00e8ce ont \u00e9galement demand\u00e9 de l&rsquo;aide cette semaine.<\/p>\n<p>L&rsquo;Espagne et la Gr\u00e8ce, qui sont traditionnellement tr\u00e8s touch\u00e9es par les incendies de for\u00eat, font partie des \u00c9tats membres de l&rsquo;UE o\u00f9 des pompiers \u00e9trangers sont pr\u00e9positionn\u00e9s sur leur territoire depuis le mois de juillet.<\/p>\n<p>Au total, 650 pompiers de 14 pays europ\u00e9ens ont \u00e9t\u00e9 pr\u00e9-d\u00e9ploy\u00e9s dans des zones \u00e0 haut risque, soit le nombre le plus \u00e9lev\u00e9 depuis le lancement du programme en 2022. La France et le Portugal ont \u00e9galement accueilli des \u00e9quipes \u00e9trang\u00e8res.<\/p>\n<p>Parmi les autres pays europ\u00e9ens qui ont activ\u00e9 le m\u00e9canisme sp\u00e9cifiquement pour les incendies de for\u00eat cette ann\u00e9e figurent Chypre, la Bosnie-Herz\u00e9govine et la Mac\u00e9doine du Nord. Isra\u00ebl et la Syrie ont \u00e9galement demand\u00e9 de l&rsquo;aide.<\/p>\n<p>Le m\u00e9canisme fonctionne de la mani\u00e8re suivante : un pays ayant besoin d&rsquo;aide fait part de ses besoins au <a href=\"https:\/\/fr.euronews.com\/2019\/09\/30\/comment-fonctionne-le-mecanisme-de-protection-civile-de-l-ue\" target=\"_blank\" rel=\"noopener\"><strong>Centre de coordination des r\u00e9actions d&rsquo;urgence (ERCC) de l&rsquo;UE<\/strong><\/a> et les autres \u00c9tats participant au m\u00e9canisme peuvent alors apporter leur contribution individuelle en proposant du mat\u00e9riel et de la main-d&rsquo;\u0153uvre. Le m\u00e9canisme de protection civile de l&rsquo;UE coordonne ensuite le d\u00e9ploiement des diff\u00e9rentes contributions et prend en charge la facture.<\/p>\n<p>La France, qui a d\u00fb faire face au d\u00e9but du mois au plus grand incendie de for\u00eat qu&rsquo;elle ait connu depuis dix ans dans le d\u00e9partement de l&rsquo;Aude, sur la c\u00f4te sud du pays, n&rsquo;a pas demand\u00e9 d&rsquo;aide suppl\u00e9mentaire de la part de l&rsquo;Europe.<\/p>\n<p>\u00ab\u00a0C&rsquo;est \u00e0 l&rsquo;\u00c9tat membre de d\u00e9cider de demander ou non de l&rsquo;aide. Les grands pays ont g\u00e9n\u00e9ralement de grandes capacit\u00e9s et ils ont augment\u00e9 leurs capacit\u00e9s dans le pass\u00e9 en raison de l&rsquo;effet du r\u00e9chauffement climatique et plus souvent des incendies de for\u00eat\u00a0\u00bb, a expliqu\u00e9 jeudi la porte-parole de la Commission europ\u00e9enne, Mme Hrncirova.<\/p>\n<p>\u00ab\u00a0Vous pouvez voir que tr\u00e8s souvent, c&rsquo;est utile pour les petits pays. Nous recevons souvent des demandes des Balkans occidentaux, de l&rsquo;Albanie, du Mont\u00e9n\u00e9gro, de la Mac\u00e9doine. Mac\u00e9doine. Pour ces pays, l&rsquo;aide peut donc \u00eatre vraiment cruciale\u00a0\u00bb, a-t-elle ajout\u00e9.<\/p>\n<p>Selon le syst\u00e8me europ\u00e9en d&rsquo;information sur les feux de for\u00eat (<a href=\"https:\/\/fr.euronews.com\/green\/2025\/08\/01\/les-emissions-liees-aux-incendies-de-foret-en-europe-atteignent-des-niveaux-record\" target=\"_blank\" rel=\"noopener\"><strong>EFFIS<\/strong><\/a>), plus de 511 000 hectares avaient \u00e9t\u00e9 r\u00e9duits en cendres dans l&rsquo;Union europ\u00e9enne au 12 ao\u00fbt, soit plus du double de la moyenne enregistr\u00e9e \u00e0 la m\u00eame p\u00e9riode sur la p\u00e9riode 2006-2024.<\/p>\n<p>Le nombre d&rsquo;incendies observ\u00e9s depuis le d\u00e9but de l&rsquo;ann\u00e9e s&rsquo;\u00e9l\u00e8ve \u00e0 plus de 1 600, soit un bond par rapport \u00e0 la moyenne de 717 observ\u00e9e \u00e0 la m\u00eame date au cours des 20 derni\u00e8res ann\u00e9es.<\/p>\n<p>Sources additionnelles<strong> \u2022 adaptation : Serge Duch\u00eane<\/strong><\/p>\n","protected":false},"excerpt":{"rendered":"Publi\u00e9 le 14\/08\/2025 &#8211; 16:49 UTC+2 PUBLICIT\u00c9 Le nombre de demandes de solidarit\u00e9 europ\u00e9enne pour aider \u00e0 lutter&hellip;\n","protected":false},"author":2,"featured_media":318838,"comment_status":"","ping_status":"","sticky":false,"template":"","format":"standard","meta":{"footnotes":""},"categories":[1586],"tags":[11,2196,1777,674,1779,1011,27,45702,45701,12,25,1778,364],"class_list":{"0":"post-318837","1":"post","2":"type-post","3":"status-publish","4":"format-standard","5":"has-post-thumbnail","7":"category-europe","8":"tag-actualites","9":"tag-commission-europeenne","10":"tag-eu","11":"tag-europe","12":"tag-european-union","13":"tag-fr","14":"tag-france","15":"tag-incendies-en-espagne","16":"tag-incendies-en-grece","17":"tag-news","18":"tag-republique-francaise","19":"tag-ue","20":"tag-union-europeenne"},"share_on_mastodon":{"url":"https:\/\/pubeurope.com\/@fr\/115027728605809675","error":""},"_links":{"self":[{"href":"https:\/\/www.europesays.com\/fr\/wp-json\/wp\/v2\/posts\/318837","targetHints":{"allow":["GET"]}}],"collection":[{"href":"https:\/\/www.europesays.com\/fr\/wp-json\/wp\/v2\/posts"}],"about":[{"href":"https:\/\/www.europesays.com\/fr\/wp-json\/wp\/v2\/types\/post"}],"author":[{"embeddable":true,"href":"https:\/\/www.europesays.com\/fr\/wp-json\/wp\/v2\/users\/2"}],"replies":[{"embeddable":true,"href":"https:\/\/www.europesays.com\/fr\/wp-json\/wp\/v2\/comments?post=318837"}],"version-history":[{"count":0,"href":"https:\/\/www.europesays.com\/fr\/wp-json\/wp\/v2\/posts\/318837\/revisions"}],"wp:featuredmedia":[{"embeddable":true,"href":"https:\/\/www.europesays.com\/fr\/wp-json\/wp\/v2\/media\/318838"}],"wp:attachment":[{"href":"https:\/\/www.europesays.com\/fr\/wp-json\/wp\/v2\/media?parent=318837"}],"wp:term":[{"taxonomy":"category","embeddable":true,"href":"https:\/\/www.europesays.com\/fr\/wp-json\/wp\/v2\/categories?post=318837"},{"taxonomy":"post_tag","embeddable":true,"href":"https:\/\/www.europesays.com\/fr\/wp-json\/wp\/v2\/tags?post=318837"}],"curies":[{"name":"wp","href":"https:\/\/api.w.org\/{rel}","templated":true}]}}