{"id":318845,"date":"2025-08-14T15:06:20","date_gmt":"2025-08-14T15:06:20","guid":{"rendered":"https:\/\/www.europesays.com\/fr\/318845\/"},"modified":"2025-08-14T15:06:20","modified_gmt":"2025-08-14T15:06:20","slug":"rudy-sautron-une-experience-exceptionnelle","status":"publish","type":"post","link":"https:\/\/www.europesays.com\/fr\/318845\/","title":{"rendered":"Rudy Sautron\u00a0: \u00ab\u00a0Une exp\u00e9rience exceptionnelle\u00a0\u00bb"},"content":{"rendered":"<p><strong>Rudy Sautron <\/strong>avait obtenu cette invitation en remportant, le 13 juillet, l&rsquo;<strong>Indian Creek Invitational<\/strong>. Une \u00e9preuve amateur organis\u00e9e dans la banlieue d&rsquo;Omaha, dans le Nebraska, et qui donnait fort logiquement une place dans le champ du <strong>Pinnacle Bank Championship<\/strong>, celui-ci se tenant \u00e0&#8230; Omaha, dans le Nebraska. Mais quoi de plus logique pour un joueur qui, depuis maintenant un an, est justement \u00e9tudiant dans l&rsquo;universit\u00e9 de cet \u00e9tat situ\u00e9 au beau milieu des grandes plaines am\u00e9ricaines. En tout cas, en arborant fi\u00e8rement sur le terrain les couleurs des Huskers, le Fran\u00e7ais s&rsquo;est assur\u00e9 le soutien du public. \u00ab\u00a0Il y avait m\u00eame des petits qui me tendaient des casquettes pour que je les signe, rigole-t-il. C&rsquo;\u00e9tait tr\u00e8s sympa d\u2019avoir tout ces gens autour. D&rsquo;habitude on ne regarde pas trop ce qu\u2019il y a autour, mais forc\u00e9ment, je n&rsquo;allais pas faire semblant qu\u2019il n\u2019y avait personne non plus. Mais j\u2019arrivais \u00e0 le percevoir bien, la pression \u00e9tait plus sur les coups que je devais taper.\u00a0\u00bb<\/p>\n<p>Du <strong>Korn Ferry Tour<\/strong>, <strong>Rudy Sautron <\/strong>a aussi et surtout pu d\u00e9couvrir l&rsquo;univers. Un cadre qui tranche forc\u00e9ment avec ce qu&rsquo;il a pu conna\u00eetre, que ce soit dans les tournois universitaires am\u00e9ricains, ou dans les diff\u00e9rents championnats de France qu&rsquo;il est r\u00e9guli\u00e8rement venu disputer dans l&rsquo;Hexagone depuis ses 12 ans. Infrastructures, camions d&rsquo;\u00e9quipementiers, staffs autour des joueurs, multiples cam\u00e9ras de t\u00e9l\u00e9vision au bord du parcours, personnel d&rsquo;organisation nombreux&#8230; autant d&rsquo;\u00e9l\u00e9ments qui ne se retrouvent que sur les gros circuits professionnels. \u00ab\u00a0\u00c7a a \u00e9t\u00e9 une exp\u00e9rience exceptionnelle. Au d\u00e9but, je ne me sentais pas o\u00f9 je devais \u00eatre, tellement il y avait de choses\u00a0\u00bb, reconna\u00eet-il. M\u00eame le parcours, sur lequel il s&rsquo;\u00e9tait d\u00e9j\u00e0 rendu avec sa fac \u00e0 plusieurs reprises, ne lui paraissait pas si familier, ne serait-ce qu&rsquo;avec les roughs plus \u00e9pais et les greens plus rapides.<\/p>\n","protected":false},"excerpt":{"rendered":"Rudy Sautron avait obtenu cette invitation en remportant, le 13 juillet, l&rsquo;Indian Creek Invitational. Une \u00e9preuve amateur organis\u00e9e&hellip;\n","protected":false},"author":2,"featured_media":318846,"comment_status":"","ping_status":"","sticky":false,"template":"","format":"standard","meta":{"footnotes":""},"categories":[1418],"tags":[1011,27,1472,60],"class_list":{"0":"post-318845","1":"post","2":"type-post","3":"status-publish","4":"format-standard","5":"has-post-thumbnail","7":"category-golf","8":"tag-fr","9":"tag-france","10":"tag-golf","11":"tag-sports"},"share_on_mastodon":{"url":"https:\/\/pubeurope.com\/@fr\/115027744086847799","error":""},"_links":{"self":[{"href":"https:\/\/www.europesays.com\/fr\/wp-json\/wp\/v2\/posts\/318845","targetHints":{"allow":["GET"]}}],"collection":[{"href":"https:\/\/www.europesays.com\/fr\/wp-json\/wp\/v2\/posts"}],"about":[{"href":"https:\/\/www.europesays.com\/fr\/wp-json\/wp\/v2\/types\/post"}],"author":[{"embeddable":true,"href":"https:\/\/www.europesays.com\/fr\/wp-json\/wp\/v2\/users\/2"}],"replies":[{"embeddable":true,"href":"https:\/\/www.europesays.com\/fr\/wp-json\/wp\/v2\/comments?post=318845"}],"version-history":[{"count":0,"href":"https:\/\/www.europesays.com\/fr\/wp-json\/wp\/v2\/posts\/318845\/revisions"}],"wp:featuredmedia":[{"embeddable":true,"href":"https:\/\/www.europesays.com\/fr\/wp-json\/wp\/v2\/media\/318846"}],"wp:attachment":[{"href":"https:\/\/www.europesays.com\/fr\/wp-json\/wp\/v2\/media?parent=318845"}],"wp:term":[{"taxonomy":"category","embeddable":true,"href":"https:\/\/www.europesays.com\/fr\/wp-json\/wp\/v2\/categories?post=318845"},{"taxonomy":"post_tag","embeddable":true,"href":"https:\/\/www.europesays.com\/fr\/wp-json\/wp\/v2\/tags?post=318845"}],"curies":[{"name":"wp","href":"https:\/\/api.w.org\/{rel}","templated":true}]}}