{"id":318847,"date":"2025-08-14T15:08:16","date_gmt":"2025-08-14T15:08:16","guid":{"rendered":"https:\/\/www.europesays.com\/fr\/318847\/"},"modified":"2025-08-14T15:08:16","modified_gmt":"2025-08-14T15:08:16","slug":"in-extenso-supersevens-epeevici-caucaunibuca-les-stars-et-pepites-a-suivre-du-cote-de-mont-de-marsan","status":"publish","type":"post","link":"https:\/\/www.europesays.com\/fr\/318847\/","title":{"rendered":"In Extenso Supersevens. Ep\u00e9e,Vici, Caucaunibuca,&#8230; Les stars et p\u00e9pites \u00e0 suivre du c\u00f4t\u00e9 de Mont-de-Marsan"},"content":{"rendered":"<p>            Par<br \/>\n        <strong><br \/>\n            <a href=\"https:\/\/actu.fr\/auteur\/remy-messegue\" title=\"Consulter tous les articles de R\u00e9my Mess\u00e9gu\u00e9\" target=\"_blank\" rel=\"noopener\">R\u00e9my Mess\u00e9gu\u00e9<\/a><br \/>\n        <\/strong><\/p>\n<p>        Publi\u00e9 le<\/p>\n<p>            14 ao\u00fbt 2025 \u00e0 13h48        <\/p>\n<p>C\u2019est une comp\u00e9tition qui commence \u00e0 prendre ses marques dans l\u2019inconscient collectif. <strong>L\u2019In Extenso Supersevens<\/strong> conna\u00eet d\u00e9j\u00e0 sa 6e \u00e9dition. Et pour cette ann\u00e9e, la premi\u00e8re \u00e9tape se d\u00e9roulera dans les Landes, du c\u00f4t\u00e9 de <strong>Mont-de-Marsan<\/strong>, sur la pelouse synth\u00e9tique du stade Andr\u00e9-et-Guy-Boniface.\u00a0Pour l\u2019occasion, beaucoup de beaux noms, des promesses et des joueurs confirm\u00e9s qui assureront le spectacle \u00e0 coup s\u00fbr. Petit tour d\u2019horizon.\u00a0<\/p>\n<p>Un champion olympique avec le Stade Toulousain, un champion du monde \u00e0 Monaco<\/p>\n<p class=\" wall-content\">Les yeux seront \u00e9videmment tourn\u00e9s vers les stars de ce jeu. Et le Stade Toulousain a d\u00e9cid\u00e9 de d\u00e9gainer une carte ma\u00eetresse avec un champion olympique en titre avec l\u2019\u00e9quipe de France. En effet,<strong> Nelson Ep\u00e9e<\/strong> fait bien partie du groupe toulousain pour cette premi\u00e8re \u00e9tape. On retrouvera \u00e9galement dans l\u2019effectif haut-garonnais, <strong>Celian Pouzelgues<\/strong>, lui aussi international avec le 7 de France. Il y aura aussi un nom bien connu des suiveurs, un certain <strong>Rom\u00e9o Mola<\/strong>, fils du manager Ugo sera align\u00e9 dans le groupe.\u00a0<\/p>\n<p class=\" wall-content\">Champion du monde de rugby \u00e0 7 la saison pass\u00e9e \u00e0 Madrid, <strong>Thibaud Mazzoleni<\/strong> \u00e9voluera avec Monaco cette saison et apportera toute sa vitesse \u00e0 l\u2019\u00e9quipe mon\u00e9gasque. Toulon a \u00e9galement frapp\u00e9 fort avec la pr\u00e9sence de <strong>Teiva Jacquelain<\/strong>, ancien international \u00e0 7. Du c\u00f4t\u00e9 du LOU Rugby, on gardera un \u0153il attentif sur les fr\u00e8res <strong>Mignot<\/strong>, <strong>Xavier et Pierre<\/strong>. Ce dernier conna\u00eet tr\u00e8s bien le circuit international. Ils seront accompagn\u00e9s d\u2019un 3e joueur portant le m\u00eame patronyme : <strong>Charly<\/strong>. Ne vous y m\u00e9prenez pas, il ne s\u2019agit pas d\u2019un 3e fr\u00e8re mais d\u2019un cousin.\u00a0<\/p>\n<p>Des attractions fidjiennes<\/p>\n<p class=\" wall-content\">\u00c0 Montauban, l\u2019attraction se situera du c\u00f4t\u00e9 de<strong> Josua Vici<\/strong>. Le fantasque et funambule ailier fidjien devrait faire valoir ses qualit\u00e9s \u00e0 7 autant qu\u2019\u00e0 XV quand on conna\u00eet les d\u00e9g\u00e2ts qu\u2019il peut causer sur un terrain. D\u2019un Fidjien \u00e0 un autre, un nom tr\u00e8s connu pourrait faire des ravages avec Montpellier. Il s\u2019agit du fils d\u2019un illustre ailier des ann\u00e9es 2000.<strong> Rupeni Junior Caucaunibuca<\/strong> pourrait \u00e9lectriser la pelouse du stade Andr\u00e9-et-Guy-Boniface.\u00a0<\/p>\n<p class=\" wall-content\">Enfin, une \u00e9quipe historique de l\u2019In Extenso Supersevens n\u2019est pas en reste avec trois joueurs qui ont port\u00e9 le maillot de l\u2019\u00e9quipe de France. Il s\u2019agit de la Section Paloise qui pr\u00e9sentera dans son effectif, <strong>Thomas Carol, Gr\u00e9goire Arfeuil et Josselin Bouhier.<\/strong> Trois noms qui peuvent encore largement pr\u00e9tendre au circuit international et repr\u00e9sentent m\u00eame l\u2019avenir pour les Jeux Olympiques de Los Angeles en 2028.<\/p>\n<p class=\" wall-content\">Il y aura donc du beau monde \u00e0 Mont-de-Marsan ce samedi. L\u2019int\u00e9gralit\u00e9 du tournoi sera \u00e0 suivre sur les antennes du groupe Canal + \u00e0 partir de 12h45 et la finale aura lieu \u00e0 22h26.<\/p>\n<p class=\" wall-content\">Suivez toute l\u2019actualit\u00e9 de vos villes et m\u00e9dias favoris en vous inscrivant \u00e0 <a href=\"https:\/\/moncompte.actu.fr\" title=\"D\u00e9couvez Mon Actu\" rel=\"nofollow noopener\" data-trk=\"{&quot;cta&quot;:{&quot;action&quot;:&quot;https:\\\/\\\/moncompte.actu.fr&quot;,&quot;category&quot;:&quot;mon compte&quot;,&quot;from&quot;:&quot;article footer&quot;,&quot;name&quot;:&quot;Mon actu&quot;,&quot;type&quot;:&quot;cta&quot;}}\" target=\"_blank\">Mon Actu<\/a>.<\/p>\n","protected":false},"excerpt":{"rendered":"Par R\u00e9my Mess\u00e9gu\u00e9 Publi\u00e9 le 14 ao\u00fbt 2025 \u00e0 13h48 C\u2019est une comp\u00e9tition qui commence \u00e0 prendre ses&hellip;\n","protected":false},"author":2,"featured_media":318848,"comment_status":"","ping_status":"","sticky":false,"template":"","format":"standard","meta":{"footnotes":""},"categories":[1416],"tags":[1011,27,3788,479,13891,1468,60],"class_list":{"0":"post-318847","1":"post","2":"type-post","3":"status-publish","4":"format-standard","5":"has-post-thumbnail","7":"category-rugby","8":"tag-fr","9":"tag-france","10":"tag-pro","11":"tag-rugby","12":"tag-rugby-a-7","13":"tag-rugby-football","14":"tag-sports"},"share_on_mastodon":{"url":"https:\/\/pubeurope.com\/@fr\/115027752045378271","error":""},"_links":{"self":[{"href":"https:\/\/www.europesays.com\/fr\/wp-json\/wp\/v2\/posts\/318847","targetHints":{"allow":["GET"]}}],"collection":[{"href":"https:\/\/www.europesays.com\/fr\/wp-json\/wp\/v2\/posts"}],"about":[{"href":"https:\/\/www.europesays.com\/fr\/wp-json\/wp\/v2\/types\/post"}],"author":[{"embeddable":true,"href":"https:\/\/www.europesays.com\/fr\/wp-json\/wp\/v2\/users\/2"}],"replies":[{"embeddable":true,"href":"https:\/\/www.europesays.com\/fr\/wp-json\/wp\/v2\/comments?post=318847"}],"version-history":[{"count":0,"href":"https:\/\/www.europesays.com\/fr\/wp-json\/wp\/v2\/posts\/318847\/revisions"}],"wp:featuredmedia":[{"embeddable":true,"href":"https:\/\/www.europesays.com\/fr\/wp-json\/wp\/v2\/media\/318848"}],"wp:attachment":[{"href":"https:\/\/www.europesays.com\/fr\/wp-json\/wp\/v2\/media?parent=318847"}],"wp:term":[{"taxonomy":"category","embeddable":true,"href":"https:\/\/www.europesays.com\/fr\/wp-json\/wp\/v2\/categories?post=318847"},{"taxonomy":"post_tag","embeddable":true,"href":"https:\/\/www.europesays.com\/fr\/wp-json\/wp\/v2\/tags?post=318847"}],"curies":[{"name":"wp","href":"https:\/\/api.w.org\/{rel}","templated":true}]}}