{"id":318849,"date":"2025-08-14T15:09:17","date_gmt":"2025-08-14T15:09:17","guid":{"rendered":"https:\/\/www.europesays.com\/fr\/318849\/"},"modified":"2025-08-14T15:09:17","modified_gmt":"2025-08-14T15:09:17","slug":"us-open-berrettini-le-cauchemar-continu","status":"publish","type":"post","link":"https:\/\/www.europesays.com\/fr\/318849\/","title":{"rendered":"US Open > Berrettini le cauchemar continu"},"content":{"rendered":"<p>Les jours passent et se ressemblent pour Matteo Berrettini. Pas \u00e9pargn\u00e9 par les bles\u00adsures depuis l\u2019exer\u00adcice 2023, le fina\u00adliste de Wimbledon 2021 alterne constam\u00adment entre les retours sur le court et les nouveaux passages \u00e0 l\u2019infirmerie.\u00a0<\/p>\n<p>Depuis sa bles\u00adsure contract\u00e9e lors du Masters 1000 de Rome en mai dernier, le 59e joueur mondial n\u2019a disput\u00e9 qu\u2019un petit match, une d\u00e9faite au premier tour de Wimbledon. S\u00fbrement d\u00e9si\u00adreux de ne pas pr\u00e9ci\u00adpiter son retour \u00e0 la comp\u00e9\u00adti\u00adtion, le trans\u00adalpin a d\u00e9clar\u00e9 forfait pour l\u2019US Open. <a href=\"https:\/\/www.welovetennis.fr\/us-open\/un-deuxieme-forfait-de-poids-a-lus-open\" data-wpel-link=\"internal\" target=\"_blank\" rel=\"noopener\">Un nouveau coup dur pour le tournoi qui a d\u00e9j\u00e0 enre\u00adgistr\u00e9 le forfait de Grigor Dimitrov<\/a>.<\/p>\n<blockquote class=\"twitter-tweet\">\n<p lang=\"it\" dir=\"ltr\">\ud83d\udea8\ud83d\udea8\ud83d\udea8<\/p>\n<p>ULTIM\u2019ORA \u2013 Matteo Berrettini salter\u00e0 anche lo US Open \u274c<\/p>\n<p>Quinto forfait conse\u00adcu\u00adtivo per l\u2019az\u00adzurro, che non gioca da Wimbledon <a href=\"https:\/\/t.co\/kBajld0Xbe\" data-wpel-link=\"external\" target=\"_blank\" rel=\"nofollow external noopener\">pic.twitter.com\/kBajld0Xbe<\/a><\/p>\n<p>\u2014 Giovanni Pelazzo (@giovannipelazzo) <a href=\"https:\/\/twitter.com\/giovannipelazzo\/status\/1955965435901358184?ref_src=twsrc%5Etfw\" data-wpel-link=\"external\" target=\"_blank\" rel=\"nofollow external noopener\">August 14,\u00a02025<\/a><\/p><\/blockquote>\n<p>La carri\u00e8re du Romain prend une tour\u00adnure tragique, alors que <a href=\"https:\/\/www.welovetennis.fr\/atp\/paolo-bertolucci-tres-inquiet-pour-berrettini-des-ombres-sombres-saccumulent-sur-lavenir-de-matteo-la-menace-de-devoir-mettre-fin-prematurement-a-sa-carriere-pourrait-se-profiler\" data-wpel-link=\"internal\" target=\"_blank\" rel=\"noopener\">son compa\u00adtriote Paolo Bertolucci pr\u00e9sa\u00adgeait d\u00e9j\u00e0 le pire en juillet dernier<\/a>.<\/p>\n<p class=\"post-published-date\" style=\"color: silver; font-size: 75%; text-align: left;\">Publi\u00e9 le jeudi 14 ao\u00fbt 2025 \u00e0 14:45<\/p>\n<p><script async src=\"https:\/\/platform.twitter.com\/widgets.js\" charset=\"utf-8\"><\/script><\/p>\n","protected":false},"excerpt":{"rendered":"Les jours passent et se ressemblent pour Matteo Berrettini. Pas \u00e9pargn\u00e9 par les bles\u00adsures depuis l\u2019exer\u00adcice 2023, le&hellip;\n","protected":false},"author":2,"featured_media":318850,"comment_status":"","ping_status":"","sticky":false,"template":"","format":"standard","meta":{"footnotes":""},"categories":[1415],"tags":[5795,6580,1011,27,60,1467],"class_list":{"0":"post-318849","1":"post","2":"type-post","3":"status-publish","4":"format-standard","5":"has-post-thumbnail","7":"category-tennis","8":"tag-berrettini","9":"tag-dimitrov","10":"tag-fr","11":"tag-france","12":"tag-sports","13":"tag-tennis"},"share_on_mastodon":{"url":"https:\/\/pubeurope.com\/@fr\/115027755839746483","error":""},"_links":{"self":[{"href":"https:\/\/www.europesays.com\/fr\/wp-json\/wp\/v2\/posts\/318849","targetHints":{"allow":["GET"]}}],"collection":[{"href":"https:\/\/www.europesays.com\/fr\/wp-json\/wp\/v2\/posts"}],"about":[{"href":"https:\/\/www.europesays.com\/fr\/wp-json\/wp\/v2\/types\/post"}],"author":[{"embeddable":true,"href":"https:\/\/www.europesays.com\/fr\/wp-json\/wp\/v2\/users\/2"}],"replies":[{"embeddable":true,"href":"https:\/\/www.europesays.com\/fr\/wp-json\/wp\/v2\/comments?post=318849"}],"version-history":[{"count":0,"href":"https:\/\/www.europesays.com\/fr\/wp-json\/wp\/v2\/posts\/318849\/revisions"}],"wp:featuredmedia":[{"embeddable":true,"href":"https:\/\/www.europesays.com\/fr\/wp-json\/wp\/v2\/media\/318850"}],"wp:attachment":[{"href":"https:\/\/www.europesays.com\/fr\/wp-json\/wp\/v2\/media?parent=318849"}],"wp:term":[{"taxonomy":"category","embeddable":true,"href":"https:\/\/www.europesays.com\/fr\/wp-json\/wp\/v2\/categories?post=318849"},{"taxonomy":"post_tag","embeddable":true,"href":"https:\/\/www.europesays.com\/fr\/wp-json\/wp\/v2\/tags?post=318849"}],"curies":[{"name":"wp","href":"https:\/\/api.w.org\/{rel}","templated":true}]}}