{"id":31885,"date":"2025-04-17T14:43:15","date_gmt":"2025-04-17T14:43:15","guid":{"rendered":"https:\/\/www.europesays.com\/fr\/31885\/"},"modified":"2025-04-17T14:43:15","modified_gmt":"2025-04-17T14:43:15","slug":"pres-de-rennes-un-pieton-meurt-percute-par-un-poids-lourd-sur-la-rn12","status":"publish","type":"post","link":"https:\/\/www.europesays.com\/fr\/31885\/","title":{"rendered":"Pr\u00e8s de Rennes, un pi\u00e9ton meurt percut\u00e9 par un poids lourd sur la RN12"},"content":{"rendered":"<p>Les secours n\u2019ont rien pu faire pour ce pi\u00e9ton, percut\u00e9 par un poids lourd sur la RN12, \u00e0 hauteur de Pac\u00e9, en sortie de Rennes, ce mercredi 16 avril 2025. Les pompiers ont \u00e9t\u00e9 sollicit\u00e9s \u00e0 8 h 30 pour cet accident qui s\u2019est produit dans le sens Rennes vers Saint-Brieuc.<\/p>\n<p>Il semble que la victime, un homme \u00e2g\u00e9 de 56 ans, s\u2019\u00e9tait gar\u00e9e sur la bande d\u2019arr\u00eat d\u2019urgence avant de sortir de sa voiture. \u00ab Il r\u00e9sulte d\u2019ores et d\u00e9j\u00e0 des investigations que la victime de l\u2019accident s\u2019est jet\u00e9e d\u00e9lib\u00e9r\u00e9ment sur le poids lourd dans un geste suicidaire \u00bb, pr\u00e9cise ce mercredi soir le parquet de Rennes. Le chauffeur du camion, d\u2019abord plac\u00e9 en garde \u00e0 vue, a \u00e9t\u00e9 remis en libert\u00e9.<\/p>\n<p>Les services de voirie avaient d\u00fb mettre en place une d\u00e9viation totale de la quatre voies, dans le sens Rennes Saint-Brieuc, le temps de l\u2019intervention, ce qui a entra\u00een\u00e9 d\u2019importants ralentissements dans le secteur, \u00e0 une heure de fort trafic. La circulation a \u00e9t\u00e9 r\u00e9tablie peu apr\u00e8s midi. <\/p>\n","protected":false},"excerpt":{"rendered":"Les secours n\u2019ont rien pu faire pour ce pi\u00e9ton, percut\u00e9 par un poids lourd sur la RN12, \u00e0&hellip;\n","protected":false},"author":2,"featured_media":31886,"comment_status":"","ping_status":"","sticky":false,"template":"","format":"standard","meta":{"footnotes":""},"categories":[2821],"tags":[1111,11,829,765,1777,674,118,3383,1011,27,848,12,584,25],"class_list":{"0":"post-31885","1":"post","2":"type-post","3":"status-publish","4":"format-standard","5":"has-post-thumbnail","7":"category-rennes","8":"tag-actu","9":"tag-actualites","10":"tag-bretagne","11":"tag-en-continu","12":"tag-eu","13":"tag-europe","14":"tag-faits-divers","15":"tag-faits-divers-a-rennes","16":"tag-fr","17":"tag-france","18":"tag-ille-et-vilaine","19":"tag-news","20":"tag-rennes","21":"tag-republique-francaise"},"share_on_mastodon":{"url":"https:\/\/pubeurope.com\/@fr\/114353838728442135","error":""},"_links":{"self":[{"href":"https:\/\/www.europesays.com\/fr\/wp-json\/wp\/v2\/posts\/31885","targetHints":{"allow":["GET"]}}],"collection":[{"href":"https:\/\/www.europesays.com\/fr\/wp-json\/wp\/v2\/posts"}],"about":[{"href":"https:\/\/www.europesays.com\/fr\/wp-json\/wp\/v2\/types\/post"}],"author":[{"embeddable":true,"href":"https:\/\/www.europesays.com\/fr\/wp-json\/wp\/v2\/users\/2"}],"replies":[{"embeddable":true,"href":"https:\/\/www.europesays.com\/fr\/wp-json\/wp\/v2\/comments?post=31885"}],"version-history":[{"count":0,"href":"https:\/\/www.europesays.com\/fr\/wp-json\/wp\/v2\/posts\/31885\/revisions"}],"wp:featuredmedia":[{"embeddable":true,"href":"https:\/\/www.europesays.com\/fr\/wp-json\/wp\/v2\/media\/31886"}],"wp:attachment":[{"href":"https:\/\/www.europesays.com\/fr\/wp-json\/wp\/v2\/media?parent=31885"}],"wp:term":[{"taxonomy":"category","embeddable":true,"href":"https:\/\/www.europesays.com\/fr\/wp-json\/wp\/v2\/categories?post=31885"},{"taxonomy":"post_tag","embeddable":true,"href":"https:\/\/www.europesays.com\/fr\/wp-json\/wp\/v2\/tags?post=31885"}],"curies":[{"name":"wp","href":"https:\/\/api.w.org\/{rel}","templated":true}]}}