{"id":318855,"date":"2025-08-14T15:13:12","date_gmt":"2025-08-14T15:13:12","guid":{"rendered":"https:\/\/www.europesays.com\/fr\/318855\/"},"modified":"2025-08-14T15:13:12","modified_gmt":"2025-08-14T15:13:12","slug":"cyclisme-czech-tour-trop-rapide-luke-lamperti-remporte-la-1ere-etape-comme-en-2024","status":"publish","type":"post","link":"https:\/\/www.europesays.com\/fr\/318855\/","title":{"rendered":"Cyclisme. Czech Tour &#8211; Trop rapide, Luke Lamperti remporte la 1\u00e8re \u00e9tape&#8230; comme en 2024"},"content":{"rendered":"<p>Un air de d\u00e9j\u00e0 vu&#8230; Comme l&rsquo;an pass\u00e9, le <strong><a href=\"https:\/\/www.cyclismactu.net\/..\/news-czech-tour-route-la-1ere-etape-pour-luke-lamperti-lance-par-julian-alaphilippe-83135.html\" target=\"_blank\" rel=\"nofollow noopener\">Czech Tour<\/a><\/strong> a d\u00e9but\u00e9 ce jeudi avec une victoire de\u00a0<strong><a href=\"https:\/\/www.cyclismactu.net\/..\/news-route-luke-lamperti-attire-par-un-prize-money-allechant-aux-etats-unis-85825.html\" target=\"_blank\" rel=\"nofollow noopener\">Luke Lamperti<\/a><\/strong>, le jeune loup de la <strong>Soudal Quick-Step<\/strong> se montrant intraitable dans le sprint semi-massif qui a conclu cette 1\u00e8re \u00e9tape de\u00a0163.2 km, entre la capitale tch\u00e8que\u00a0Prague et\u00a0Karlovy Vary. Lan\u00e7ant son sprint \u00e0 150 m\u00e8tres de la ligne, l&rsquo;Am\u00e9ricain de 22 ans a directement creus\u00e9 un bel \u00e9cart sur ses rivaux avant de s&rsquo;imposer largement. Il a ainsi pu savourer et lever les bras, une premi\u00e8re pour lui depuis&#8230; un peu plus d&rsquo;un an et sa victoire \u00e0\u00a0Ostrava en ouverture de l&rsquo;\u00e9dition 2024 de l&rsquo;\u00e9preuve tch\u00e8que, qu&rsquo;il semble particuli\u00e8rement appr\u00e9cier !<\/p>\n<p>Vid\u00e9o &#8211; Luke Lamperti a imit\u00e9 son co\u00e9quipier Paul Magnier Lire la suite de l&rsquo;article&#13;<\/p>\n<blockquote class=\"twitter-tweet\" style=\"width:100%!important;max-width:550px!important;min-width:250px;height:500px;\" data-media-max-width=\"560\"><p>&#13;<\/p>\n<p dir=\"ltr\" lang=\"fr\">? Luke Lamperti a assur\u00e9 sa victoire \u00e0 Karlovy Vary ???<br \/>L&rsquo;Am\u00e9ricain remporte la premi\u00e8re \u00e9tape de ce Tour de Tch\u00e9quie ?<a href=\"https:\/\/twitter.com\/hashtag\/Cycling?src=hash&amp;ref_src=twsrc%5Etfw\" rel=\"nofollow noopener\" target=\"_blank\">#Cycling<\/a> <a href=\"https:\/\/twitter.com\/hashtag\/CzechTour?src=hash&amp;ref_src=twsrc%5Etfw\" rel=\"nofollow noopener\" target=\"_blank\">#CzechTour<\/a> <a href=\"https:\/\/twitter.com\/hashtag\/LukeLamperti?src=hash&amp;ref_src=twsrc%5Etfw\" rel=\"nofollow noopener\" target=\"_blank\">#LukeLamperti<\/a> <a href=\"https:\/\/twitter.com\/hashtag\/SoudalQuickStep?src=hash&amp;ref_src=twsrc%5Etfw\" rel=\"nofollow noopener\" target=\"_blank\">#SoudalQuickStep<\/a> <a href=\"https:\/\/twitter.com\/hashtag\/CyclingLife?src=hash&amp;ref_src=twsrc%5Etfw\" rel=\"nofollow noopener\" target=\"_blank\">#CyclingLife<\/a> <a href=\"https:\/\/t.co\/o8Atpw3C3W\" rel=\"nofollow\">pic.twitter.com\/o8Atpw3C3W<\/a><\/p>\n<p>&#13;<br \/>\n\u2014 Pickx Sports (@PickxSports) <a href=\"https:\/\/twitter.com\/PickxSports\/status\/1956002711876272159?ref_src=twsrc%5Etfw\" rel=\"nofollow noopener\" target=\"_blank\">August 14, 2025<\/a><\/p><\/blockquote>\n<p>&#13;<br \/>\n&#13;<\/p>\n<p>\u00a0<\/p>\n<p>&#13;<br \/>\nPremi\u00e8re arriv\u00e9e au sommet vendredi&#13;<\/p>\n<p><strong>Lamperti<\/strong> est accompagn\u00e9 sur le podium de l&rsquo;\u00e9tape par\u00a0l&rsquo;Italien <strong><a href=\"https:\/\/www.cyclismactu.net\/..\/news-tour-de-wallonie-route-la-surprise-davide-donati-remporte-3e-etape-strong-leader-89305.html\" target=\"_blank\" rel=\"nofollow noopener\">Davide Donati<\/a><\/strong> (Red Bull-BORA-hansgrohe Rookies), qui confirme sa bonne forme du moment apr\u00e8s son succ\u00e8s en Wallonie, et le Russe <strong>Gleb Syritsa<\/strong> (XDS Astana devo). Le local\u00a0<strong>Dominik Neuman<\/strong> (ATT Investments) et le Serbe\u00a0<strong>Mihajlo Stolic<\/strong> (Team United Shipping) compl\u00e8tent le top 5 du jour. Logiquement,\u00a0<strong>Luke Lamperti<\/strong> s&#8217;empare du premier maillot Jaune de ce <strong>Czech Tour 2025<\/strong>, mais il devrait comme l&rsquo;an pass\u00e9 le perdre d\u00e8s le lendemain, avec la traditionnelle arriv\u00e9e au sommet \u00e0\u00a0Dlouh\u00e9 str\u00e1ne.<\/p>\n<p>Czech Tour &#8211; Classement de la 1\u00e8 \u00e9tape Czech Tour &#8211; Classement g\u00e9n\u00e9ral provisoire apr\u00e8s la 1\u00e8 \u00e9tape<script async src=\"https:\/\/platform.twitter.com\/widgets.js\" charset=\"utf-8\"><\/script><\/p>\n","protected":false},"excerpt":{"rendered":"Un air de d\u00e9j\u00e0 vu&#8230; Comme l&rsquo;an pass\u00e9, le Czech Tour a d\u00e9but\u00e9 ce jeudi avec une victoire&hellip;\n","protected":false},"author":2,"featured_media":318856,"comment_status":"","ping_status":"","sticky":false,"template":"","format":"standard","meta":{"footnotes":""},"categories":[1411],"tags":[1154,207,45704,211,1011,27,209,60,210,212,208,213],"class_list":{"0":"post-318855","1":"post","2":"type-post","3":"status-publish","4":"format-standard","5":"has-post-thumbnail","7":"category-cyclisme","8":"tag-cycling","9":"tag-cyclisme","10":"tag-czech-tour","11":"tag-ffc","12":"tag-fr","13":"tag-france","14":"tag-route","15":"tag-sports","16":"tag-tour-de-france","17":"tag-uci","18":"tag-velo","19":"tag-world-tour"},"share_on_mastodon":{"url":"https:\/\/pubeurope.com\/@fr\/115027771690569143","error":""},"_links":{"self":[{"href":"https:\/\/www.europesays.com\/fr\/wp-json\/wp\/v2\/posts\/318855","targetHints":{"allow":["GET"]}}],"collection":[{"href":"https:\/\/www.europesays.com\/fr\/wp-json\/wp\/v2\/posts"}],"about":[{"href":"https:\/\/www.europesays.com\/fr\/wp-json\/wp\/v2\/types\/post"}],"author":[{"embeddable":true,"href":"https:\/\/www.europesays.com\/fr\/wp-json\/wp\/v2\/users\/2"}],"replies":[{"embeddable":true,"href":"https:\/\/www.europesays.com\/fr\/wp-json\/wp\/v2\/comments?post=318855"}],"version-history":[{"count":0,"href":"https:\/\/www.europesays.com\/fr\/wp-json\/wp\/v2\/posts\/318855\/revisions"}],"wp:featuredmedia":[{"embeddable":true,"href":"https:\/\/www.europesays.com\/fr\/wp-json\/wp\/v2\/media\/318856"}],"wp:attachment":[{"href":"https:\/\/www.europesays.com\/fr\/wp-json\/wp\/v2\/media?parent=318855"}],"wp:term":[{"taxonomy":"category","embeddable":true,"href":"https:\/\/www.europesays.com\/fr\/wp-json\/wp\/v2\/categories?post=318855"},{"taxonomy":"post_tag","embeddable":true,"href":"https:\/\/www.europesays.com\/fr\/wp-json\/wp\/v2\/tags?post=318855"}],"curies":[{"name":"wp","href":"https:\/\/api.w.org\/{rel}","templated":true}]}}