{"id":318860,"date":"2025-08-14T15:16:12","date_gmt":"2025-08-14T15:16:12","guid":{"rendered":"https:\/\/www.europesays.com\/fr\/318860\/"},"modified":"2025-08-14T15:16:12","modified_gmt":"2025-08-14T15:16:12","slug":"ce-grand-peintre-maitre-de-la-tradition-expose-ses-oeuvres-a-barbizon","status":"publish","type":"post","link":"https:\/\/www.europesays.com\/fr\/318860\/","title":{"rendered":"ce grand peintre, ma\u00eetre de la tradition expose ses \u0153uvres \u00e0 Barbizon"},"content":{"rendered":"<p>            Par<br \/>\n        <strong><br \/>\n            <a href=\"https:\/\/actu.fr\/auteur\/eleonore-desousa\" title=\"Consulter tous les articles de El\u00e9onore De Sousa\" target=\"_blank\" rel=\"noopener\">El\u00e9onore De Sousa<\/a><br \/>\n        <\/strong><\/p>\n<p>        Publi\u00e9 le<\/p>\n<p>            14 ao\u00fbt 2025 \u00e0 6h00        <\/p>\n<p>\u00c0 79\u00a0ans, <b>Michel Gauthier<\/b> n\u2019est pas n\u2019importe quel peintre. C\u2019est <b>un ma\u00eetre de la tradition<\/b> et plus particuli\u00e8rement des artistes flamands et hollandais du XVIIe et XVIIIe\u00a0si\u00e8cle. \u00ab C\u2019est une comp\u00e9tence rare \u00bb, explique le peintre de Nandy. Il pr\u00e9sente aujourd\u2019hui sa toute nouvelle exposition du 11\u00a0ao\u00fbt au 24\u00a0ao\u00fbt 2025 \u00e0 la <b>Galerie 39<\/b> de <a href=\"https:\/\/actu.fr\/ile-de-france\/barbizon_77022\" target=\"_blank\" rel=\"noopener\">Barbizon<\/a>.<\/p>\n<p>Michel Gauthier, un peintre \u00e9perdument amoureux du nombre d\u2019or<\/p>\n<p class=\" wall-content\">Apr\u00e8s avoir pris sa retraite en 2001, cet ancien chef de radiologie de l\u2019h\u00f4pital Rothschild situ\u00e9 \u00e0 <a href=\"https:\/\/actu.fr\/paris\/\" target=\"_blank\" rel=\"noopener\">Paris<\/a>, d\u00e9cide de se lancer dans la peinture. Un pari os\u00e9 pour celui qui n\u2019avait pas cess\u00e9 de r\u00eaver de peinture <b>depuis ses 18\u00a0ans.<\/b> \u00ab Mes parents ne voulaient pas que je me lance dans le milieu artistique, ils voulaient que je fasse un m\u00e9tier plus traditionnel \u00bb, raconte-t-il. Mais la rencontre de son \u00e9pouse va tout changer. D\u2019origine flamande, il l\u2019a emmen\u00e9 dans la ville de Bruges et dans ses mus\u00e9es : coup de foudre pour l\u2019artiste qui tombe amoureux des <b>artistes hollandais et flamands<\/b> et de leurs techniques traditionnelles.<\/p>\n<p class=\" wall-content\">Sa pr\u00e9f\u00e9r\u00e9e ?<b> Le nombre d\u2019or<\/b>. Aussi appel\u00e9 \u00ab phi \u00bb (\u03d5), c\u2019est un nombre myst\u00e9rieux, environ \u00e9gal \u00e0 1,618, que l\u2019on retrouve dans la nature, l\u2019art et l\u2019architecture depuis l\u2019Antiquit\u00e9. \u00ab On dit qu\u2019une forme ou une proportion suit le nombre d\u2019or lorsqu\u2019elle respecte un certain \u00e9quilibre consid\u00e9r\u00e9 comme particuli\u00e8rement <b>harmonieux <\/b>\u00bb, pr\u00e9cise l\u2019artiste. Exemples bien connus : l\u2019utilisation du nombre d\u2019or par <b>L\u00e9onard de Vinci <\/b>ou par des\u00a0b\u00e2tisseurs des temples grecs. M\u00eame dans la nature, ce rapport appara\u00eet : la disposition des p\u00e9tales de certaines fleurs ou la spirale des coquillages suit souvent cette proportion. \u00ab Le nombre d\u2019or, c\u2019est un peu la recette math\u00e9matique du beau \u00bb, affirme-t-il.<\/p>\n<p>D\u00e9cor\u00e9 par l\u2019Acad\u00e9mie arts-sciences et lettres, il fait bonne impression au carrousel du Louvre<\/p>\n<p class=\" wall-content\">Il en parle avec le sourire aux l\u00e8vres. \u00ab Je m\u2019en souviens comme si c\u2019\u00e9tait hier. Ma plus belle anecdote est sans doute mon <b>obtention de la m\u00e9daille de Vermeil<\/b> par l\u2019Acad\u00e9mie des arts-sciences et lettres de Paris \u00bb, se souvient-il. Alors qu\u2019il exposait ses toiles au carrousel du <b>Louvre<\/b>, la pr\u00e9sidente serait rest\u00e9e bouche b\u00e9e face \u00e0 l\u2019une de ses \u0153uvres et lui aurait remis cette r\u00e9compense. Lors de sa remise de m\u00e9daille en 2017, il \u00e9tait le seul en France \u00e0 utiliser cette technique du nombre d\u2019or. \u00ab Je ne l\u2019utilise pas toujours, confie-t-il, parfois je ne le fais pas. Mais je remarque que d\u00e8s que je le fais,<b> 90 % des gens s\u2019arr\u00eatent devant mes tableaux<\/b> sans s\u2019en rendre compte. C\u2019est assez impressionnant. \u00bb<\/p>\n<p class=\" wall-content\">La technique de la loupe est \u00e9galement une autre technique rare qu\u2019il utilise. Assez explicite, elle consiste \u00e0 utiliser une loupe afin de peaufiner une \u0153uvre ou de la d\u00e9tailler encore plus.<\/p>\n<p>Vid\u00e9os : en ce moment sur ActuUne c\u00e9l\u00e9brit\u00e9 internationale vendu aux quatre coins de la plan\u00e8te<\/p>\n<p class=\" wall-content\">Des techniques aussi pr\u00e9cises comme celles-ci demandent du temps et de la minutie. Les tableaux ne se font pas en 3 jours mais bien<b> en 3 semaines. <\/b>C\u2019est \u00e9galement pour cela que la peinture est devenue son activit\u00e9 principale. Jusqu\u2019\u00e0 aujourd\u2019hui, il a vendu <b>335 tableaux <\/b>sur 363. Il lui reste donc pour le moment 28 toiles. \u00ab Je suis aussi <b>vendu \u00e0 l\u2019international.<\/b> En Chine, aux \u00c9tats-Unis, au Canada, au Danemark\u2026 \u00bb En 2019, une star du cin\u00e9ma chinois lui avait m\u00eame achet\u00e9 un tableau !<\/p>\n<p class=\" wall-content\">Sa prochaine exposition en date : la ville de <b>Barbizon<\/b>, du 11 au 24 ao\u00fbt 2025. Dans la galerie 39 Grande rue, vous pourrez admirer ses toiles tous les jours de 10h30 \u00e0 19h30. Entr\u00e9e libre. \u00ab Je serai sur place au besoin \u00bb, conclut-il.<\/p>\n<p class=\" wall-content\">Suivez toute l\u2019actualit\u00e9 de vos villes et m\u00e9dias favoris en vous inscrivant \u00e0 <a href=\"https:\/\/moncompte.actu.fr\" title=\"D\u00e9couvez Mon Actu\" rel=\"nofollow noopener\" data-trk=\"{&quot;cta&quot;:{&quot;action&quot;:&quot;https:\\\/\\\/moncompte.actu.fr&quot;,&quot;category&quot;:&quot;mon compte&quot;,&quot;from&quot;:&quot;article footer&quot;,&quot;name&quot;:&quot;Mon actu&quot;,&quot;type&quot;:&quot;cta&quot;}}\" target=\"_blank\">Mon Actu<\/a>.<\/p>\n","protected":false},"excerpt":{"rendered":"Par El\u00e9onore De Sousa Publi\u00e9 le 14 ao\u00fbt 2025 \u00e0 6h00 \u00c0 79\u00a0ans, Michel Gauthier n\u2019est pas n\u2019importe&hellip;\n","protected":false},"author":2,"featured_media":318861,"comment_status":"","ping_status":"","sticky":false,"template":"","format":"standard","meta":{"footnotes":""},"categories":[1358],"tags":[1348,1384,1385,828,1386,58,59,1011,27,934,104],"class_list":{"0":"post-318860","1":"post","2":"type-post","3":"status-publish","4":"format-standard","5":"has-post-thumbnail","7":"category-arts-et-design","8":"tag-arts","9":"tag-arts-and-design","10":"tag-arts-et-design","11":"tag-belgique","12":"tag-design","13":"tag-divertissement","14":"tag-entertainment","15":"tag-fr","16":"tag-france","17":"tag-pays-bas","18":"tag-societe"},"share_on_mastodon":{"url":"https:\/\/pubeurope.com\/@fr\/115027783689215458","error":""},"_links":{"self":[{"href":"https:\/\/www.europesays.com\/fr\/wp-json\/wp\/v2\/posts\/318860","targetHints":{"allow":["GET"]}}],"collection":[{"href":"https:\/\/www.europesays.com\/fr\/wp-json\/wp\/v2\/posts"}],"about":[{"href":"https:\/\/www.europesays.com\/fr\/wp-json\/wp\/v2\/types\/post"}],"author":[{"embeddable":true,"href":"https:\/\/www.europesays.com\/fr\/wp-json\/wp\/v2\/users\/2"}],"replies":[{"embeddable":true,"href":"https:\/\/www.europesays.com\/fr\/wp-json\/wp\/v2\/comments?post=318860"}],"version-history":[{"count":0,"href":"https:\/\/www.europesays.com\/fr\/wp-json\/wp\/v2\/posts\/318860\/revisions"}],"wp:featuredmedia":[{"embeddable":true,"href":"https:\/\/www.europesays.com\/fr\/wp-json\/wp\/v2\/media\/318861"}],"wp:attachment":[{"href":"https:\/\/www.europesays.com\/fr\/wp-json\/wp\/v2\/media?parent=318860"}],"wp:term":[{"taxonomy":"category","embeddable":true,"href":"https:\/\/www.europesays.com\/fr\/wp-json\/wp\/v2\/categories?post=318860"},{"taxonomy":"post_tag","embeddable":true,"href":"https:\/\/www.europesays.com\/fr\/wp-json\/wp\/v2\/tags?post=318860"}],"curies":[{"name":"wp","href":"https:\/\/api.w.org\/{rel}","templated":true}]}}