{"id":318862,"date":"2025-08-14T15:17:24","date_gmt":"2025-08-14T15:17:24","guid":{"rendered":"https:\/\/www.europesays.com\/fr\/318862\/"},"modified":"2025-08-14T15:17:24","modified_gmt":"2025-08-14T15:17:24","slug":"on-represente-tout-ce-que-lextreme-droite-deteste-la-librairie-violette-and-co-victime-de-tentatives-dintimidations-depuis-la-vente-dun-ouvrag","status":"publish","type":"post","link":"https:\/\/www.europesays.com\/fr\/318862\/","title":{"rendered":"\u00ab\u00a0On repr\u00e9sente tout ce que l\u2019extr\u00eame droite d\u00e9teste\u00a0\u00bb\u00a0: la librairie Violette and Co victime de tentatives d\u2019intimidations depuis la vente d\u2019un ouvrage sur la Palestine"},"content":{"rendered":"<p>Sur la devanture rose fuchsia de la<a href=\"https:\/\/www.humanite.fr\/feminisme\/feminisme\/les-violette-and-co-deuxieme-edition-pour-la-librairie-lesbienne-et-feministe\" target=\"_blank\" rel=\"noopener\"> librairie lesbienne et f\u00e9ministe<\/a> du 11e arrondissement, un \u00e9l\u00e9ment d\u00e9tonne de la d\u00e9coration gaie et color\u00e9e\u00a0: les traces opaques des tags venus salir la vitrine verr\u00e9e.<\/p>\n<p>Si on arrive d\u00e9sormais \u00e0 peine \u00e0 discerner les inscriptions, ce sont bien les termes \u00ab\u00a0<a href=\"https:\/\/www.humanite.fr\/monde\/bande-de-gaza\/la-question-des-otages-du-hamas-se-rappelle-au-mauvais-souvenir-disrael\" target=\"_blank\" rel=\"noopener\">Hamas<\/a>-Violeur\u00a0\u00bb et \u00ab\u00a0Islamo-complices\u00a0\u00bb qui ont \u00e9t\u00e9 grav\u00e9s \u00e0 l\u2019acide d\u00e9but juillet, cr\u00e9ant ces marques ind\u00e9l\u00e9biles.<\/p>\n<p>Depuis la nuit du 7 au 8\u00a0juillet, o\u00f9 des individus ont vandalis\u00e9 la fa\u00e7ade de Violette and Co, l\u2019escalade de violence n\u2019a cess\u00e9 de cro\u00eetre contre les g\u00e9rantes. L\u2019une d\u2019elles, Lo\u00efse, t\u00e9moigne d\u2019un harc\u00e8lement sans rel\u00e2che depuis la mise en vitrine d\u2019un livre de coloriage introduisant <a href=\"https:\/\/www.humanite.fr\/monde\/etat-palestinien\/en-1947-lonu-decide-de-la-partition-de-la-palestine\" target=\"_blank\" rel=\"noopener\">l\u2019histoire de la Palestine<\/a> aux enfants.<\/p>\n<p>L\u2019ouvrage en cause\u00a0: From the River to the Sea, un&#8230;<\/p>\n","protected":false},"excerpt":{"rendered":"Sur la devanture rose fuchsia de la librairie lesbienne et f\u00e9ministe du 11e arrondissement, un \u00e9l\u00e9ment d\u00e9tonne de&hellip;\n","protected":false},"author":2,"featured_media":318863,"comment_status":"","ping_status":"","sticky":false,"template":"","format":"standard","meta":{"footnotes":""},"categories":[1357],"tags":[1379,58,59,1011,27,12152,45705,1380,3518],"class_list":{"0":"post-318862","1":"post","2":"type-post","3":"status-publish","4":"format-standard","5":"has-post-thumbnail","7":"category-livres","8":"tag-books","9":"tag-divertissement","10":"tag-entertainment","11":"tag-fr","12":"tag-france","13":"tag-fu00e9minisme","14":"tag-harcu00e8lement","15":"tag-livres","16":"tag-palestine"},"share_on_mastodon":{"url":"https:\/\/pubeurope.com\/@fr\/115027787472156125","error":""},"_links":{"self":[{"href":"https:\/\/www.europesays.com\/fr\/wp-json\/wp\/v2\/posts\/318862","targetHints":{"allow":["GET"]}}],"collection":[{"href":"https:\/\/www.europesays.com\/fr\/wp-json\/wp\/v2\/posts"}],"about":[{"href":"https:\/\/www.europesays.com\/fr\/wp-json\/wp\/v2\/types\/post"}],"author":[{"embeddable":true,"href":"https:\/\/www.europesays.com\/fr\/wp-json\/wp\/v2\/users\/2"}],"replies":[{"embeddable":true,"href":"https:\/\/www.europesays.com\/fr\/wp-json\/wp\/v2\/comments?post=318862"}],"version-history":[{"count":0,"href":"https:\/\/www.europesays.com\/fr\/wp-json\/wp\/v2\/posts\/318862\/revisions"}],"wp:featuredmedia":[{"embeddable":true,"href":"https:\/\/www.europesays.com\/fr\/wp-json\/wp\/v2\/media\/318863"}],"wp:attachment":[{"href":"https:\/\/www.europesays.com\/fr\/wp-json\/wp\/v2\/media?parent=318862"}],"wp:term":[{"taxonomy":"category","embeddable":true,"href":"https:\/\/www.europesays.com\/fr\/wp-json\/wp\/v2\/categories?post=318862"},{"taxonomy":"post_tag","embeddable":true,"href":"https:\/\/www.europesays.com\/fr\/wp-json\/wp\/v2\/tags?post=318862"}],"curies":[{"name":"wp","href":"https:\/\/api.w.org\/{rel}","templated":true}]}}